{"id":496069,"date":"2023-07-28T14:30:05","date_gmt":"2023-07-28T20:30:05","guid":{"rendered":"https:\/\/www.zunoticia.com\/noticias-de-hidalgo\/?p=496069"},"modified":"2023-07-28T14:30:06","modified_gmt":"2023-07-28T20:30:06","slug":"vigente-20-de-aumento-en-tarifa-de-radio-taxi-de-la-futv-huejutla","status":"publish","type":"post","link":"https:\/\/www.zunoticia.com\/noticias-de-hidalgo\/2023\/07\/28\/vigente-20-de-aumento-en-tarifa-de-radio-taxi-de-la-futv-huejutla\/","title":{"rendered":"Vigente 20 % de aumento en tarifa de Radio Taxi de la FUTV Huejutla"},"content":{"rendered":"<aside class=\"mashsb-container mashsb-main mashsb-stretched\"><div class=\"mashsb-box\"><div class=\"mashsb-count mash-large\" style=\"float:left\"><div class=\"counts mashsbcount\">84<\/div><span class=\"mashsb-sharetext\">SHARES<\/span><\/div><div class=\"mashsb-buttons\"><a class=\"mashicon-facebook mash-large mash-center mashsb-noshadow\" href=\"https:\/\/www.facebook.com\/sharer.php?u=https%3A%2F%2Fwww.zunoticia.com%2Fnoticias-de-hidalgo%2F2023%2F07%2F28%2Fvigente-20-de-aumento-en-tarifa-de-radio-taxi-de-la-futv-huejutla%2F\" target=\"_top\" rel=\"nofollow\"><span class=\"icon\"><\/span><span class=\"text\">Share<\/span><\/a><a class=\"mashicon-twitter mash-large mash-center mashsb-noshadow\" href=\"https:\/\/twitter.com\/intent\/tweet?text=&amp;url=https:\/\/www.zunoticia.com\/noticias-de-hidalgo\/2023\/07\/28\/vigente-20-de-aumento-en-tarifa-de-radio-taxi-de-la-futv-huejutla\/\" target=\"_top\" rel=\"nofollow\"><span class=\"icon\"><\/span><span class=\"text\">Tweet<\/span><\/a><div class=\"onoffswitch2 mash-large mashsb-noshadow\" style=\"display:none\"><\/div><\/div>\n            <\/div>\n                <div style=\"clear:both\"><\/div><div class=\"mashsb-toggle-container\"><\/div><\/aside>\n            <!-- Share buttons by mashshare.net - Version: 4.0.47-->\n<p><em>Por Salvador Altamirano\/Zunoticia<\/em><\/p>\n\n\n\n<p><strong>Huejutla, Hgo<\/strong>.- Entrevistado en torno al incremento en la tarifa de servicio que les fue autorizado por la Secretar\u00eda de Movilidad y Transporte del Estado de Hidalgo, el representante de Radio Taxi de la FUTV &#8211; Huejutla, Rafael Galv\u00e1n Hern\u00e1ndez, espec\u00edfico que consiste en un 20 %.<\/p>\n\n\n\n<p>Agreg\u00f3 que, debido al alza de precios en conceptos de refacciones y gasolina, buscaban un aumento en la tarifa de mayor porcentaje, sin embargo, el incremento asignado les compensa un poco los gastos.<\/p>\n\n\n\n<p>A pregunta formulada, coment\u00f3 que, aunado al aumento en precios de refacciones, llantas y hasta de mano de obra del mec\u00e1nico, el reajuste en el tarifar\u00eda fue insuficiente, nos quedamos cortos -dijo-, ya que pretend\u00edamos un 30 %.<\/p>\n\n\n\n<p>Cuestionado en torno a si hubo quejas de usuario por el alza en \u201cdejada\u201d, refiri\u00f3 que en un principio s\u00ed porque no todas las unidades exhib\u00edan el tarifario, pero ahora ya lo traen visible para su conocimiento.<\/p>\n\n\n\n<p>Para finalizar, Galv\u00e1n Hern\u00e1ndez subray\u00f3 \u201clas denuncias por anomal\u00edas en el servicio se pueden presentar en la oficina de Radio Taxi, para que nosotros podamos proceder en contra del operador infractor\u201d.<\/p>\n\n\n\n<p><\/p>\n","protected":false},"excerpt":{"rendered":"<p>Por Salvador Altamirano\/Zunoticia Huejutla, Hgo.- Entrevistado en torno al incremento en la tarifa de servicio que les fue autorizado por la Secretar\u00eda de Movilidad y Transporte del Estado de Hidalgo, el representante de Radio Taxi de la FUTV &#8211; Huejutla, Rafael Galv\u00e1n Hern\u00e1ndez, espec\u00edfico que consiste en un 20 %. Agreg\u00f3 que, debido al alza&hellip; <a class=\"more-link\" href=\"https:\/\/www.zunoticia.com\/noticias-de-hidalgo\/2023\/07\/28\/vigente-20-de-aumento-en-tarifa-de-radio-taxi-de-la-futv-huejutla\/\">Seguir leyendo <span class=\"screen-reader-text\">Vigente 20 % de aumento en tarifa de Radio Taxi de la FUTV Huejutla<\/span><\/a><\/p>\n","protected":false},"author":20,"featured_media":496070,"comment_status":"closed","ping_status":"open","sticky":false,"template":"","format":"standard","meta":{"rop_custom_images_group":[],"rop_custom_messages_group":[],"rop_publish_now":"initial","rop_publish_now_accounts":{"facebook_10159540855086992_322828327761733":""},"rop_publish_now_history":[],"rop_publish_now_status":"pending","footnotes":""},"categories":[181],"tags":[121],"class_list":["post-496069","post","type-post","status-publish","format-standard","has-post-thumbnail","hentry","category-huejutla","tag-huejutla","entry"],"_links":{"self":[{"href":"https:\/\/www.zunoticia.com\/noticias-de-hidalgo\/wp-json\/wp\/v2\/posts\/496069","targetHints":{"allow":["GET"]}}],"collection":[{"href":"https:\/\/www.zunoticia.com\/noticias-de-hidalgo\/wp-json\/wp\/v2\/posts"}],"about":[{"href":"https:\/\/www.zunoticia.com\/noticias-de-hidalgo\/wp-json\/wp\/v2\/types\/post"}],"author":[{"embeddable":true,"href":"https:\/\/www.zunoticia.com\/noticias-de-hidalgo\/wp-json\/wp\/v2\/users\/20"}],"replies":[{"embeddable":true,"href":"https:\/\/www.zunoticia.com\/noticias-de-hidalgo\/wp-json\/wp\/v2\/comments?post=496069"}],"version-history":[{"count":1,"href":"https:\/\/www.zunoticia.com\/noticias-de-hidalgo\/wp-json\/wp\/v2\/posts\/496069\/revisions"}],"predecessor-version":[{"id":496071,"href":"https:\/\/www.zunoticia.com\/noticias-de-hidalgo\/wp-json\/wp\/v2\/posts\/496069\/revisions\/496071"}],"wp:featuredmedia":[{"embeddable":true,"href":"https:\/\/www.zunoticia.com\/noticias-de-hidalgo\/wp-json\/wp\/v2\/media\/496070"}],"wp:attachment":[{"href":"https:\/\/www.zunoticia.com\/noticias-de-hidalgo\/wp-json\/wp\/v2\/media?parent=496069"}],"wp:term":[{"taxonomy":"category","embeddable":true,"href":"https:\/\/www.zunoticia.com\/noticias-de-hidalgo\/wp-json\/wp\/v2\/categories?post=496069"},{"taxonomy":"post_tag","embeddable":true,"href":"https:\/\/www.zunoticia.com\/noticias-de-hidalgo\/wp-json\/wp\/v2\/tags?post=496069"}],"curies":[{"name":"wp","href":"https:\/\/api.w.org\/{rel}","templated":true}]}}