{"id":496103,"date":"2023-07-28T17:28:06","date_gmt":"2023-07-28T23:28:06","guid":{"rendered":"https:\/\/www.zunoticia.com\/noticias-de-hidalgo\/?p=496103"},"modified":"2023-07-28T17:28:07","modified_gmt":"2023-07-28T23:28:07","slug":"habra-cursos-de-verano-en-xochiatipan","status":"publish","type":"post","link":"https:\/\/www.zunoticia.com\/noticias-de-hidalgo\/2023\/07\/28\/habra-cursos-de-verano-en-xochiatipan\/","title":{"rendered":"Habr\u00e1 cursos de verano en Xochiatipan"},"content":{"rendered":"<aside class=\"mashsb-container mashsb-main mashsb-stretched\"><div class=\"mashsb-box\"><div class=\"mashsb-count mash-large\" style=\"float:left\"><div class=\"counts mashsbcount\">2<\/div><span class=\"mashsb-sharetext\">SHARES<\/span><\/div><div class=\"mashsb-buttons\"><a class=\"mashicon-facebook mash-large mash-center mashsb-noshadow\" href=\"https:\/\/www.facebook.com\/sharer.php?u=https%3A%2F%2Fwww.zunoticia.com%2Fnoticias-de-hidalgo%2F2023%2F07%2F28%2Fhabra-cursos-de-verano-en-xochiatipan%2F\" target=\"_top\" rel=\"nofollow\"><span class=\"icon\"><\/span><span class=\"text\">Share<\/span><\/a><a class=\"mashicon-twitter mash-large mash-center mashsb-noshadow\" href=\"https:\/\/twitter.com\/intent\/tweet?text=&amp;url=https:\/\/www.zunoticia.com\/noticias-de-hidalgo\/2023\/07\/28\/habra-cursos-de-verano-en-xochiatipan\/\" target=\"_top\" rel=\"nofollow\"><span class=\"icon\"><\/span><span class=\"text\">Tweet<\/span><\/a><div class=\"onoffswitch2 mash-large mashsb-noshadow\" style=\"display:none\"><\/div><\/div>\n            <\/div>\n                <div style=\"clear:both\"><\/div><div class=\"mashsb-toggle-container\"><\/div><\/aside>\n            <!-- Share buttons by mashshare.net - Version: 4.0.47-->\n<p><em>Por Le\u00f3n Eduardo Fern\u00e1ndez Huesca \/ Zunoticia<\/em><\/p>\n\n\n\n<p><strong>Xochiatipan, Hgo<\/strong>. &#8211; Las \u00e1reas de Cultura y Deportes del gobierno local que preside \u00d3scar Bautista Guti\u00e9rrez, abren sus inscripciones para los cursos de verano del presente te a\u00f1o, los cuales se est\u00e1n desarrollando del 2 al 22 de agosto.<\/p>\n\n\n\n<p>Los cursos est\u00e1n programados y dise\u00f1ados para todas las edades, destacan los de manualidades con material reciclado, compresi\u00f3n lectora, m\u00fasica, matem\u00e1ticas, zumba, bordado, reposter\u00eda, canto, danza y ajedrez; adem\u00e1s de f\u00fatbol y b\u00e1squetbol en ramas varonil y femenil.<\/p>\n\n\n\n<p>Cabe decir que algunos cursos se llevar\u00e1n a cabo en las instalaciones de la presidencia municipal (sala de cabildo) y por lo que toca a los cursos deportivos tendr\u00e1n como sedes instalaciones adecuadas a las disciplinas, cuya ubicaci\u00f3n se dar\u00e1 a conocer a los interesados al momento de su inscripci\u00f3n.<\/p>\n","protected":false},"excerpt":{"rendered":"<p>Por Le\u00f3n Eduardo Fern\u00e1ndez Huesca \/ Zunoticia Xochiatipan, Hgo. &#8211; Las \u00e1reas de Cultura y Deportes del gobierno local que preside \u00d3scar Bautista Guti\u00e9rrez, abren sus inscripciones para los cursos de verano del presente te a\u00f1o, los cuales se est\u00e1n desarrollando del 2 al 22 de agosto. Los cursos est\u00e1n programados y dise\u00f1ados para todas&hellip; <a class=\"more-link\" href=\"https:\/\/www.zunoticia.com\/noticias-de-hidalgo\/2023\/07\/28\/habra-cursos-de-verano-en-xochiatipan\/\">Seguir leyendo <span class=\"screen-reader-text\">Habr\u00e1 cursos de verano en Xochiatipan<\/span><\/a><\/p>\n","protected":false},"author":20,"featured_media":496104,"comment_status":"closed","ping_status":"open","sticky":false,"template":"","format":"standard","meta":{"rop_custom_images_group":[],"rop_custom_messages_group":[],"rop_publish_now":"initial","rop_publish_now_accounts":{"facebook_10159540855086992_322828327761733":""},"rop_publish_now_history":[],"rop_publish_now_status":"pending","footnotes":""},"categories":[202],"tags":[135],"class_list":["post-496103","post","type-post","status-publish","format-standard","has-post-thumbnail","hentry","category-xochiatipan","tag-xochiatipan","entry"],"_links":{"self":[{"href":"https:\/\/www.zunoticia.com\/noticias-de-hidalgo\/wp-json\/wp\/v2\/posts\/496103","targetHints":{"allow":["GET"]}}],"collection":[{"href":"https:\/\/www.zunoticia.com\/noticias-de-hidalgo\/wp-json\/wp\/v2\/posts"}],"about":[{"href":"https:\/\/www.zunoticia.com\/noticias-de-hidalgo\/wp-json\/wp\/v2\/types\/post"}],"author":[{"embeddable":true,"href":"https:\/\/www.zunoticia.com\/noticias-de-hidalgo\/wp-json\/wp\/v2\/users\/20"}],"replies":[{"embeddable":true,"href":"https:\/\/www.zunoticia.com\/noticias-de-hidalgo\/wp-json\/wp\/v2\/comments?post=496103"}],"version-history":[{"count":1,"href":"https:\/\/www.zunoticia.com\/noticias-de-hidalgo\/wp-json\/wp\/v2\/posts\/496103\/revisions"}],"predecessor-version":[{"id":496105,"href":"https:\/\/www.zunoticia.com\/noticias-de-hidalgo\/wp-json\/wp\/v2\/posts\/496103\/revisions\/496105"}],"wp:featuredmedia":[{"embeddable":true,"href":"https:\/\/www.zunoticia.com\/noticias-de-hidalgo\/wp-json\/wp\/v2\/media\/496104"}],"wp:attachment":[{"href":"https:\/\/www.zunoticia.com\/noticias-de-hidalgo\/wp-json\/wp\/v2\/media?parent=496103"}],"wp:term":[{"taxonomy":"category","embeddable":true,"href":"https:\/\/www.zunoticia.com\/noticias-de-hidalgo\/wp-json\/wp\/v2\/categories?post=496103"},{"taxonomy":"post_tag","embeddable":true,"href":"https:\/\/www.zunoticia.com\/noticias-de-hidalgo\/wp-json\/wp\/v2\/tags?post=496103"}],"curies":[{"name":"wp","href":"https:\/\/api.w.org\/{rel}","templated":true}]}}