{"id":496109,"date":"2023-07-28T17:39:32","date_gmt":"2023-07-28T23:39:32","guid":{"rendered":"https:\/\/www.zunoticia.com\/noticias-de-hidalgo\/?p=496109"},"modified":"2023-07-28T17:39:33","modified_gmt":"2023-07-28T23:39:33","slug":"requiere-delegado-evitar-paso-a-camiones-de-altas-dimensiones-por-el-centro-historico","status":"publish","type":"post","link":"https:\/\/www.zunoticia.com\/noticias-de-hidalgo\/2023\/07\/28\/requiere-delegado-evitar-paso-a-camiones-de-altas-dimensiones-por-el-centro-historico\/","title":{"rendered":"Requiere delegado evitar paso a camiones de altas dimensiones por el Centro Hist\u00f3rico"},"content":{"rendered":"<aside class=\"mashsb-container mashsb-main mashsb-stretched\"><div class=\"mashsb-box\"><div class=\"mashsb-count mash-large\" style=\"float:left\"><div class=\"counts mashsbcount\">92<\/div><span class=\"mashsb-sharetext\">SHARES<\/span><\/div><div class=\"mashsb-buttons\"><a class=\"mashicon-facebook mash-large mash-center mashsb-noshadow\" href=\"https:\/\/www.facebook.com\/sharer.php?u=https%3A%2F%2Fwww.zunoticia.com%2Fnoticias-de-hidalgo%2F2023%2F07%2F28%2Frequiere-delegado-evitar-paso-a-camiones-de-altas-dimensiones-por-el-centro-historico%2F\" target=\"_top\" rel=\"nofollow\"><span class=\"icon\"><\/span><span class=\"text\">Share<\/span><\/a><a class=\"mashicon-twitter mash-large mash-center mashsb-noshadow\" href=\"https:\/\/twitter.com\/intent\/tweet?text=&amp;url=https:\/\/www.zunoticia.com\/noticias-de-hidalgo\/2023\/07\/28\/requiere-delegado-evitar-paso-a-camiones-de-altas-dimensiones-por-el-centro-historico\/\" target=\"_top\" rel=\"nofollow\"><span class=\"icon\"><\/span><span class=\"text\">Tweet<\/span><\/a><div class=\"onoffswitch2 mash-large mashsb-noshadow\" style=\"display:none\"><\/div><\/div>\n            <\/div>\n                <div style=\"clear:both\"><\/div><div class=\"mashsb-toggle-container\"><\/div><\/aside>\n            <!-- Share buttons by mashshare.net - Version: 4.0.47-->\n<p><em>Por Enedino Hern\u00e1ndez\/Zunoticia<\/em><\/p>\n\n\n\n<p><strong>Huejutla, Hgo<\/strong>.- Con la finalidad de evitar que los tejados \u201csigan cay\u00e9ndose a pedazos\u201d, el delegado municipal de la colonia Centro de Huejutla, Felipe de Jes\u00fas Rodr\u00edguez Vera, confirm\u00f3 que se reunir\u00e1 con el alcalde ante quien analizar\u00e1 la problem\u00e1tica que se tiene, pero sobre todo solicitar\u00e1 que se impida el paso de los camiones de altas dimensiones por calles del Centro Hist\u00f3rico.<\/p>\n\n\n\n<p>Detall\u00f3 que, se busca evitar que los camiones de altas dimensiones e incluso los m\u00e1s altos del transporte p\u00fablico, sigan pasando por la zona centro, pues estos deben transitar por las calles aleda\u00f1as como son la Hilario Menindez, Jaime Nun\u00f3, entre otras.<\/p>\n\n\n\n<p>\u201cQue ya no pasen por el Centro Hist\u00f3rico, porque si se le suma que los automovilistas se paran en doble fila por la calle en donde est\u00e1n las instituciones bancarias, aunque les silben no se quitan; los camiones de altas dimensiones siempre llevan mucha prisa, se orillan o pegan a su lado derecho y es cuando pasan a traer las tejas de los edificios\u201d explic\u00f3.<\/p>\n\n\n\n<p>Insisti\u00f3 que, los camiones de altas dimensiones siguen da\u00f1ando los tejados de los edificios del Centro Hist\u00f3rico y los automovilistas se siguen parando en doble fila \u201cdefinitivamente es un cuento de nunca acabar\u201d.<\/p>\n\n\n\n<p>Consider\u00f3 que, es importante que en este caso se proceda a aplicar el Reglamento del Centro Hist\u00f3rico para evitar este tipo de anomal\u00edas, \u201cla gente no entiende, ni entender\u00e1 nunca; la palabra cl\u00e1sica \u2018ahorita vengo no me tardo\u2019, y de ah\u00ed son 15, 20 minutos y hasta una hora llegan a estar parados los autos en doble fila\u201d.<\/p>\n\n\n\n<p><\/p>\n","protected":false},"excerpt":{"rendered":"<p>Por Enedino Hern\u00e1ndez\/Zunoticia Huejutla, Hgo.- Con la finalidad de evitar que los tejados \u201csigan cay\u00e9ndose a pedazos\u201d, el delegado municipal de la colonia Centro de Huejutla, Felipe de Jes\u00fas Rodr\u00edguez Vera, confirm\u00f3 que se reunir\u00e1 con el alcalde ante quien analizar\u00e1 la problem\u00e1tica que se tiene, pero sobre todo solicitar\u00e1 que se impida el paso&hellip; <a class=\"more-link\" href=\"https:\/\/www.zunoticia.com\/noticias-de-hidalgo\/2023\/07\/28\/requiere-delegado-evitar-paso-a-camiones-de-altas-dimensiones-por-el-centro-historico\/\">Seguir leyendo <span class=\"screen-reader-text\">Requiere delegado evitar paso a camiones de altas dimensiones por el Centro Hist\u00f3rico<\/span><\/a><\/p>\n","protected":false},"author":20,"featured_media":496110,"comment_status":"closed","ping_status":"open","sticky":false,"template":"","format":"standard","meta":{"rop_custom_images_group":[],"rop_custom_messages_group":[],"rop_publish_now":"initial","rop_publish_now_accounts":{"facebook_10159540855086992_322828327761733":""},"rop_publish_now_history":[],"rop_publish_now_status":"pending","footnotes":""},"categories":[181],"tags":[121],"class_list":["post-496109","post","type-post","status-publish","format-standard","has-post-thumbnail","hentry","category-huejutla","tag-huejutla","entry"],"_links":{"self":[{"href":"https:\/\/www.zunoticia.com\/noticias-de-hidalgo\/wp-json\/wp\/v2\/posts\/496109","targetHints":{"allow":["GET"]}}],"collection":[{"href":"https:\/\/www.zunoticia.com\/noticias-de-hidalgo\/wp-json\/wp\/v2\/posts"}],"about":[{"href":"https:\/\/www.zunoticia.com\/noticias-de-hidalgo\/wp-json\/wp\/v2\/types\/post"}],"author":[{"embeddable":true,"href":"https:\/\/www.zunoticia.com\/noticias-de-hidalgo\/wp-json\/wp\/v2\/users\/20"}],"replies":[{"embeddable":true,"href":"https:\/\/www.zunoticia.com\/noticias-de-hidalgo\/wp-json\/wp\/v2\/comments?post=496109"}],"version-history":[{"count":1,"href":"https:\/\/www.zunoticia.com\/noticias-de-hidalgo\/wp-json\/wp\/v2\/posts\/496109\/revisions"}],"predecessor-version":[{"id":496111,"href":"https:\/\/www.zunoticia.com\/noticias-de-hidalgo\/wp-json\/wp\/v2\/posts\/496109\/revisions\/496111"}],"wp:featuredmedia":[{"embeddable":true,"href":"https:\/\/www.zunoticia.com\/noticias-de-hidalgo\/wp-json\/wp\/v2\/media\/496110"}],"wp:attachment":[{"href":"https:\/\/www.zunoticia.com\/noticias-de-hidalgo\/wp-json\/wp\/v2\/media?parent=496109"}],"wp:term":[{"taxonomy":"category","embeddable":true,"href":"https:\/\/www.zunoticia.com\/noticias-de-hidalgo\/wp-json\/wp\/v2\/categories?post=496109"},{"taxonomy":"post_tag","embeddable":true,"href":"https:\/\/www.zunoticia.com\/noticias-de-hidalgo\/wp-json\/wp\/v2\/tags?post=496109"}],"curies":[{"name":"wp","href":"https:\/\/api.w.org\/{rel}","templated":true}]}}