{"id":496142,"date":"2023-07-28T19:00:36","date_gmt":"2023-07-29T01:00:36","guid":{"rendered":"https:\/\/www.zunoticia.com\/noticias-de-hidalgo\/?p=496142"},"modified":"2023-07-28T19:00:37","modified_gmt":"2023-07-29T01:00:37","slug":"sostiene-menchaca-salazar-reunion-con-director-del-inah","status":"publish","type":"post","link":"https:\/\/www.zunoticia.com\/noticias-de-hidalgo\/2023\/07\/28\/sostiene-menchaca-salazar-reunion-con-director-del-inah\/","title":{"rendered":"Sostiene Menchaca Salazar reuni\u00f3n con director del INAH&nbsp;"},"content":{"rendered":"<aside class=\"mashsb-container mashsb-main mashsb-stretched\"><div class=\"mashsb-box\"><div class=\"mashsb-count mash-large\" style=\"float:left\"><div class=\"counts mashsbcount\">10<\/div><span class=\"mashsb-sharetext\">SHARES<\/span><\/div><div class=\"mashsb-buttons\"><a class=\"mashicon-facebook mash-large mash-center mashsb-noshadow\" href=\"https:\/\/www.facebook.com\/sharer.php?u=https%3A%2F%2Fwww.zunoticia.com%2Fnoticias-de-hidalgo%2F2023%2F07%2F28%2Fsostiene-menchaca-salazar-reunion-con-director-del-inah%2F\" target=\"_top\" rel=\"nofollow\"><span class=\"icon\"><\/span><span class=\"text\">Share<\/span><\/a><a class=\"mashicon-twitter mash-large mash-center mashsb-noshadow\" href=\"https:\/\/twitter.com\/intent\/tweet?text=&amp;url=https:\/\/www.zunoticia.com\/noticias-de-hidalgo\/2023\/07\/28\/sostiene-menchaca-salazar-reunion-con-director-del-inah\/\" target=\"_top\" rel=\"nofollow\"><span class=\"icon\"><\/span><span class=\"text\">Tweet<\/span><\/a><div class=\"onoffswitch2 mash-large mashsb-noshadow\" style=\"display:none\"><\/div><\/div>\n            <\/div>\n                <div style=\"clear:both\"><\/div><div class=\"mashsb-toggle-container\"><\/div><\/aside>\n            <!-- Share buttons by mashshare.net - Version: 4.0.47-->\n<p><em>Por Redacci\u00f3n\/Zunoticia<\/em><\/p>\n\n\n\n<p><strong>Pachuca de Soto, Hgo<\/strong>.- Para reforzar la relaci\u00f3n de colaboraci\u00f3n con el Instituto Nacional de Antropolog\u00eda e Historia (INAH), el gobernador de Hidalgo, Julio Menchaca Salazar, sostuvo una reuni\u00f3n de trabajo con Diego Prieto Hern\u00e1ndez, director de esta instituci\u00f3n.&nbsp;<\/p>\n\n\n\n<p>Durante este encuentro, el mandatario hidalguense reconoci\u00f3 la disposici\u00f3n por parte del INAH para contribuir y fortalecer las pol\u00edticas p\u00fablicas estatales que buscan preservar el patrimonio cultural e hist\u00f3rico de la entidad.<\/p>\n\n\n\n<p>\u201cHidalgo cuenta con una diversidad cultural impresionante en cada una de sus regiones; mucha de esta riqueza se encuentra en situaci\u00f3n de abandono y requiere de la atenci\u00f3n necesaria para seguir formando parte del legado y patrimonio de las y los hidalguenses, quienes tenemos en el INAH a un aliado de primer nivel\u201d, resalt\u00f3 el titular del Ejecutivo estatal.<\/p>\n\n\n\n<p>Menchaca Salazar y Prieto Hern\u00e1ndez estuvieron acompa\u00f1ados por la secretaria de Cultura de Hidalgo, Tania Meza Escorza; la coordinadora de Arqueolog\u00eda del INAH, Lorenza L\u00f3pez Mestas, y Osvaldo Jos\u00e9 Sterpone, director del Centro INAH Hidalgo.&nbsp;<\/p>\n\n\n\n<figure class=\"wp-block-image size-full\"><img fetchpriority=\"high\" decoding=\"async\" width=\"940\" height=\"788\" src=\"https:\/\/www.zunoticia.com\/noticias-de-hidalgo\/wp-content\/uploads\/2023\/07\/Diseno-sin-titulo-1-179.png\" alt=\"\" class=\"wp-image-496144\" srcset=\"https:\/\/www.zunoticia.com\/noticias-de-hidalgo\/wp-content\/uploads\/2023\/07\/Diseno-sin-titulo-1-179.png 940w, https:\/\/www.zunoticia.com\/noticias-de-hidalgo\/wp-content\/uploads\/2023\/07\/Diseno-sin-titulo-1-179-300x251.png 300w, https:\/\/www.zunoticia.com\/noticias-de-hidalgo\/wp-content\/uploads\/2023\/07\/Diseno-sin-titulo-1-179-768x644.png 768w\" sizes=\"(max-width: 940px) 100vw, 940px\" \/><\/figure>\n","protected":false},"excerpt":{"rendered":"<p>Por Redacci\u00f3n\/Zunoticia Pachuca de Soto, Hgo.- Para reforzar la relaci\u00f3n de colaboraci\u00f3n con el Instituto Nacional de Antropolog\u00eda e Historia (INAH), el gobernador de Hidalgo, Julio Menchaca Salazar, sostuvo una reuni\u00f3n de trabajo con Diego Prieto Hern\u00e1ndez, director de esta instituci\u00f3n.&nbsp; Durante este encuentro, el mandatario hidalguense reconoci\u00f3 la disposici\u00f3n por parte del INAH para&hellip; <a class=\"more-link\" href=\"https:\/\/www.zunoticia.com\/noticias-de-hidalgo\/2023\/07\/28\/sostiene-menchaca-salazar-reunion-con-director-del-inah\/\">Seguir leyendo <span class=\"screen-reader-text\">Sostiene Menchaca Salazar reuni\u00f3n con director del INAH&nbsp;<\/span><\/a><\/p>\n","protected":false},"author":20,"featured_media":496143,"comment_status":"closed","ping_status":"open","sticky":false,"template":"","format":"standard","meta":{"rop_custom_images_group":[],"rop_custom_messages_group":[],"rop_publish_now":"initial","rop_publish_now_accounts":{"facebook_10159540855086992_322828327761733":""},"rop_publish_now_history":[],"rop_publish_now_status":"pending","footnotes":""},"categories":[208],"tags":[214],"class_list":["post-496142","post","type-post","status-publish","format-standard","has-post-thumbnail","hentry","category-estado","tag-estado","entry"],"_links":{"self":[{"href":"https:\/\/www.zunoticia.com\/noticias-de-hidalgo\/wp-json\/wp\/v2\/posts\/496142","targetHints":{"allow":["GET"]}}],"collection":[{"href":"https:\/\/www.zunoticia.com\/noticias-de-hidalgo\/wp-json\/wp\/v2\/posts"}],"about":[{"href":"https:\/\/www.zunoticia.com\/noticias-de-hidalgo\/wp-json\/wp\/v2\/types\/post"}],"author":[{"embeddable":true,"href":"https:\/\/www.zunoticia.com\/noticias-de-hidalgo\/wp-json\/wp\/v2\/users\/20"}],"replies":[{"embeddable":true,"href":"https:\/\/www.zunoticia.com\/noticias-de-hidalgo\/wp-json\/wp\/v2\/comments?post=496142"}],"version-history":[{"count":1,"href":"https:\/\/www.zunoticia.com\/noticias-de-hidalgo\/wp-json\/wp\/v2\/posts\/496142\/revisions"}],"predecessor-version":[{"id":496145,"href":"https:\/\/www.zunoticia.com\/noticias-de-hidalgo\/wp-json\/wp\/v2\/posts\/496142\/revisions\/496145"}],"wp:featuredmedia":[{"embeddable":true,"href":"https:\/\/www.zunoticia.com\/noticias-de-hidalgo\/wp-json\/wp\/v2\/media\/496143"}],"wp:attachment":[{"href":"https:\/\/www.zunoticia.com\/noticias-de-hidalgo\/wp-json\/wp\/v2\/media?parent=496142"}],"wp:term":[{"taxonomy":"category","embeddable":true,"href":"https:\/\/www.zunoticia.com\/noticias-de-hidalgo\/wp-json\/wp\/v2\/categories?post=496142"},{"taxonomy":"post_tag","embeddable":true,"href":"https:\/\/www.zunoticia.com\/noticias-de-hidalgo\/wp-json\/wp\/v2\/tags?post=496142"}],"curies":[{"name":"wp","href":"https:\/\/api.w.org\/{rel}","templated":true}]}}