{"id":496146,"date":"2023-07-28T19:03:50","date_gmt":"2023-07-29T01:03:50","guid":{"rendered":"https:\/\/www.zunoticia.com\/noticias-de-hidalgo\/?p=496146"},"modified":"2023-07-28T19:03:51","modified_gmt":"2023-07-29T01:03:51","slug":"se-esperan-mas-de-400-mil-turistas-y-visitantes-en-la-expo-feria-tulancingo-2023","status":"publish","type":"post","link":"https:\/\/www.zunoticia.com\/noticias-de-hidalgo\/2023\/07\/28\/se-esperan-mas-de-400-mil-turistas-y-visitantes-en-la-expo-feria-tulancingo-2023\/","title":{"rendered":"Se esperan m\u00e1s de 400 mil turistas y visitantes en la Expo Feria Tulancingo 2023"},"content":{"rendered":"<aside class=\"mashsb-container mashsb-main mashsb-stretched\"><div class=\"mashsb-box\"><div class=\"mashsb-count mash-large\" style=\"float:left\"><div class=\"counts mashsbcount\">22<\/div><span class=\"mashsb-sharetext\">SHARES<\/span><\/div><div class=\"mashsb-buttons\"><a class=\"mashicon-facebook mash-large mash-center mashsb-noshadow\" href=\"https:\/\/www.facebook.com\/sharer.php?u=https%3A%2F%2Fwww.zunoticia.com%2Fnoticias-de-hidalgo%2F2023%2F07%2F28%2Fse-esperan-mas-de-400-mil-turistas-y-visitantes-en-la-expo-feria-tulancingo-2023%2F\" target=\"_top\" rel=\"nofollow\"><span class=\"icon\"><\/span><span class=\"text\">Share<\/span><\/a><a class=\"mashicon-twitter mash-large mash-center mashsb-noshadow\" href=\"https:\/\/twitter.com\/intent\/tweet?text=&amp;url=https:\/\/www.zunoticia.com\/noticias-de-hidalgo\/2023\/07\/28\/se-esperan-mas-de-400-mil-turistas-y-visitantes-en-la-expo-feria-tulancingo-2023\/\" target=\"_top\" rel=\"nofollow\"><span class=\"icon\"><\/span><span class=\"text\">Tweet<\/span><\/a><div class=\"onoffswitch2 mash-large mashsb-noshadow\" style=\"display:none\"><\/div><\/div>\n            <\/div>\n                <div style=\"clear:both\"><\/div><div class=\"mashsb-toggle-container\"><\/div><\/aside>\n            <!-- Share buttons by mashshare.net - Version: 4.0.47-->\n<p>*La principal fiesta de este Pueblo con Sabor durar\u00e1 19 d\u00edas y se estima que genere una derrama econ\u00f3mica de m\u00e1s de 120 mdp.<\/p>\n\n\n\n<p><em>Por Redacci\u00f3n\/Zunoticia<\/em><\/p>\n\n\n\n<p><strong>Pachuca de Soto, Hgo<\/strong>.- Este jueves 27 de julio inici\u00f3 la Expo Feria Tulancingo 2023, fiesta que durante 19 d\u00edas ofrecer\u00e1 a las familias colorido, tradici\u00f3n, gastronom\u00eda y conciertos. Durante la inauguraci\u00f3n, la secretaria de Turismo de Hidalgo, Elizabeth Quintanar G\u00f3mez, quien acudi\u00f3 en representaci\u00f3n del gobernador, Julio Menchaca, indic\u00f3 que se espera una afluencia de m\u00e1s&nbsp; de 400 mil visitantes.<\/p>\n\n\n\n<p>\u201cA nombre del gobernador, Julio Menchaca Salazar, las y los invitamos a que sean parte de esta fiesta y es muy importante el n\u00famero de visitantes y la derrama econ\u00f3mica que traer\u00e1 consigo la feria, porque esto se transforma en noches-cuarto, en que las y los artesanos puedan vender m\u00e1s\u201d, se\u00f1al\u00f3 la servidora p\u00fablica.<\/p>\n\n\n\n<p>una de las ferias m\u00e1s importantes de Hidalgo.<\/p>\n\n\n\n<p>Se\u00f1al\u00f3 que esta celebraci\u00f3n se origin\u00f3 con el prop\u00f3sito de abrir mercados agr\u00edcolas y ganaderos, \u201cdata de 1877, y actualmente est\u00e1 consolidada como un evento comercial, y contin\u00faa siendo impulsora de los sectores agr\u00edcola, ganadero e industrial, adem\u00e1s de que es el pretexto para que la gente venga a divertirse\u201d, manifest\u00f3.<\/p>\n\n\n\n<p>Por su parte, el presidente municipal de Tulancingo, Jorge M\u00e1rquez Alvarado, agradeci\u00f3 la presencia de la titular de la Secretar\u00eda de Turismo, as\u00ed como el apoyo brindado para la realizaci\u00f3n del evento: \u201cAgradecemos tambi\u00e9n al gobernador, Julio Menchaca, quien sabemos el amor que tiene por la riqueza cultural e hist\u00f3rica de nuestro estado, y del compromiso con el desarrollo de nuestras regiones\u201d.<\/p>\n\n\n\n<p>El alcalde dio a conocer que, ya que es prioritario salvaguardar la integridad de quienes acudan al recinto ferial, se trabaja en coordinaci\u00f3n con la Secretar\u00eda de Seguridad P\u00fablica (SSPH), para garantizar que haya saldo blanco.<\/p>\n\n\n\n<p>La fiesta musical inici\u00f3 con mariachi, y continu\u00f3 con el concierto del dueto tulancinguense R\u00edo Roma; en tanto que este viernes 28 de julio se presentar\u00e1 Alfredo Olivas.&nbsp;<\/p>\n\n\n\n<p>Se inform\u00f3 que con la compra del boleto general se tiene acceso a 35 juegos mec\u00e1nicos que forman parte de esta Expo Feria, donde visitantes y turistas podr\u00e1n disfrutar de una gran variedad gastron\u00f3mica como el guajolote, antojito que le dio a Tulancingo el nombramiento de Pueblo con Sabor, as\u00ed como la barbacoa y las tulancingue\u00f1as.<\/p>\n\n\n\n<figure class=\"wp-block-image size-full\"><img fetchpriority=\"high\" decoding=\"async\" width=\"940\" height=\"788\" src=\"https:\/\/www.zunoticia.com\/noticias-de-hidalgo\/wp-content\/uploads\/2023\/07\/Diseno-sin-titulo-1-180.png\" alt=\"\" class=\"wp-image-496148\" srcset=\"https:\/\/www.zunoticia.com\/noticias-de-hidalgo\/wp-content\/uploads\/2023\/07\/Diseno-sin-titulo-1-180.png 940w, https:\/\/www.zunoticia.com\/noticias-de-hidalgo\/wp-content\/uploads\/2023\/07\/Diseno-sin-titulo-1-180-300x251.png 300w, https:\/\/www.zunoticia.com\/noticias-de-hidalgo\/wp-content\/uploads\/2023\/07\/Diseno-sin-titulo-1-180-768x644.png 768w\" sizes=\"(max-width: 940px) 100vw, 940px\" \/><\/figure>\n","protected":false},"excerpt":{"rendered":"<p>*La principal fiesta de este Pueblo con Sabor durar\u00e1 19 d\u00edas y se estima que genere una derrama econ\u00f3mica de m\u00e1s de 120 mdp. Por Redacci\u00f3n\/Zunoticia Pachuca de Soto, Hgo.- Este jueves 27 de julio inici\u00f3 la Expo Feria Tulancingo 2023, fiesta que durante 19 d\u00edas ofrecer\u00e1 a las familias colorido, tradici\u00f3n, gastronom\u00eda y conciertos.&hellip; <a class=\"more-link\" href=\"https:\/\/www.zunoticia.com\/noticias-de-hidalgo\/2023\/07\/28\/se-esperan-mas-de-400-mil-turistas-y-visitantes-en-la-expo-feria-tulancingo-2023\/\">Seguir leyendo <span class=\"screen-reader-text\">Se esperan m\u00e1s de 400 mil turistas y visitantes en la Expo Feria Tulancingo 2023<\/span><\/a><\/p>\n","protected":false},"author":20,"featured_media":496147,"comment_status":"closed","ping_status":"open","sticky":false,"template":"","format":"standard","meta":{"rop_custom_images_group":[],"rop_custom_messages_group":[],"rop_publish_now":"initial","rop_publish_now_accounts":{"facebook_10159540855086992_322828327761733":""},"rop_publish_now_history":[],"rop_publish_now_status":"pending","footnotes":""},"categories":[208],"tags":[214],"class_list":["post-496146","post","type-post","status-publish","format-standard","has-post-thumbnail","hentry","category-estado","tag-estado","entry"],"_links":{"self":[{"href":"https:\/\/www.zunoticia.com\/noticias-de-hidalgo\/wp-json\/wp\/v2\/posts\/496146","targetHints":{"allow":["GET"]}}],"collection":[{"href":"https:\/\/www.zunoticia.com\/noticias-de-hidalgo\/wp-json\/wp\/v2\/posts"}],"about":[{"href":"https:\/\/www.zunoticia.com\/noticias-de-hidalgo\/wp-json\/wp\/v2\/types\/post"}],"author":[{"embeddable":true,"href":"https:\/\/www.zunoticia.com\/noticias-de-hidalgo\/wp-json\/wp\/v2\/users\/20"}],"replies":[{"embeddable":true,"href":"https:\/\/www.zunoticia.com\/noticias-de-hidalgo\/wp-json\/wp\/v2\/comments?post=496146"}],"version-history":[{"count":1,"href":"https:\/\/www.zunoticia.com\/noticias-de-hidalgo\/wp-json\/wp\/v2\/posts\/496146\/revisions"}],"predecessor-version":[{"id":496149,"href":"https:\/\/www.zunoticia.com\/noticias-de-hidalgo\/wp-json\/wp\/v2\/posts\/496146\/revisions\/496149"}],"wp:featuredmedia":[{"embeddable":true,"href":"https:\/\/www.zunoticia.com\/noticias-de-hidalgo\/wp-json\/wp\/v2\/media\/496147"}],"wp:attachment":[{"href":"https:\/\/www.zunoticia.com\/noticias-de-hidalgo\/wp-json\/wp\/v2\/media?parent=496146"}],"wp:term":[{"taxonomy":"category","embeddable":true,"href":"https:\/\/www.zunoticia.com\/noticias-de-hidalgo\/wp-json\/wp\/v2\/categories?post=496146"},{"taxonomy":"post_tag","embeddable":true,"href":"https:\/\/www.zunoticia.com\/noticias-de-hidalgo\/wp-json\/wp\/v2\/tags?post=496146"}],"curies":[{"name":"wp","href":"https:\/\/api.w.org\/{rel}","templated":true}]}}