{"id":496632,"date":"2023-08-01T17:27:56","date_gmt":"2023-08-01T23:27:56","guid":{"rendered":"https:\/\/www.zunoticia.com\/noticias-de-hidalgo\/?p=496632"},"modified":"2023-08-01T17:32:41","modified_gmt":"2023-08-01T23:32:41","slug":"disenador-grafico-de-huejutla-gana-el-concurso-de-cartel-representativos-del-xxvi-festival-de-la-huasteca","status":"publish","type":"post","link":"https:\/\/www.zunoticia.com\/noticias-de-hidalgo\/2023\/08\/01\/disenador-grafico-de-huejutla-gana-el-concurso-de-cartel-representativos-del-xxvi-festival-de-la-huasteca\/","title":{"rendered":"Dise\u00f1ador gr\u00e1fico de Huejutla gana el concurso de cartel representativos del XXVI Festival de la Huasteca"},"content":{"rendered":"<aside class=\"mashsb-container mashsb-main mashsb-stretched\"><div class=\"mashsb-box\"><div class=\"mashsb-count mash-large\" style=\"float:left\"><div class=\"counts mashsbcount\">88<\/div><span class=\"mashsb-sharetext\">SHARES<\/span><\/div><div class=\"mashsb-buttons\"><a class=\"mashicon-facebook mash-large mash-center mashsb-noshadow\" href=\"https:\/\/www.facebook.com\/sharer.php?u=https%3A%2F%2Fwww.zunoticia.com%2Fnoticias-de-hidalgo%2F2023%2F08%2F01%2Fdisenador-grafico-de-huejutla-gana-el-concurso-de-cartel-representativos-del-xxvi-festival-de-la-huasteca%2F\" target=\"_top\" rel=\"nofollow\"><span class=\"icon\"><\/span><span class=\"text\">Share<\/span><\/a><a class=\"mashicon-twitter mash-large mash-center mashsb-noshadow\" href=\"https:\/\/twitter.com\/intent\/tweet?text=&amp;url=https:\/\/www.zunoticia.com\/noticias-de-hidalgo\/2023\/08\/01\/disenador-grafico-de-huejutla-gana-el-concurso-de-cartel-representativos-del-xxvi-festival-de-la-huasteca\/\" target=\"_top\" rel=\"nofollow\"><span class=\"icon\"><\/span><span class=\"text\">Tweet<\/span><\/a><div class=\"onoffswitch2 mash-large mashsb-noshadow\" style=\"display:none\"><\/div><\/div>\n            <\/div>\n                <div style=\"clear:both\"><\/div><div class=\"mashsb-toggle-container\"><\/div><\/aside>\n            <!-- Share buttons by mashshare.net - Version: 4.0.47-->\n<p><em>Por Salvador Altamirano\/Zunoticia<\/em><\/p>\n\n\n\n<p><strong>Huejutla, Hgo<\/strong>.- En rueda de prensa realizada la ma\u00f1ana de este martes, la Secretaria Estatal de Cultura de Hidalgo, Tania Meza Escorza, dio a conocer al ganador del concurso de carteles representativos del XXVI Festival de la Huasteca, eligi\u00e9ndose el del dise\u00f1ador gr\u00e1fico Rosalino Rodr\u00edguez Amador, residente en Huejutla, quien particip\u00f3 con el seud\u00f3nimo de &#8220;Huapanguero&#8221;.<\/p>\n\n\n\n<p>Detall\u00f3 que, el cartel triunfador, seg\u00fan la descripci\u00f3n del artista, integra elementos gr\u00e1ficos vectoriales y colores vibrantes en donde se acent\u00faa el n\u00famero &#8220;3&#8221;, ya que tres son los estados existentes del ser humano, f\u00edsico, intelectual y espiritual; tres es la Sant\u00edsima Trinidad, Padre, Hijo y Esp\u00edritu Santo, y tres los m\u00fasicos huapangueros.<\/p>\n\n\n\n<p>Subray\u00f3 que, es por eso que plasm\u00f3 los tres instrumentos, viol\u00edn, jarana y huapanguera, que se interceptan en un solo elemento, y este a su vez crea secciones que se rellenan con conceptos de la regi\u00f3n, como flor de palo de rosa; c\u00fapula de iglesia, Virgen; tejados; ma\u00edz; agua; peces; culto a los muertos; m\u00fasicos cantando; paloma de la paz y el reloj p\u00fablico de Huejutla como s\u00edmbolo de espacio y tiempo.<\/p>\n\n\n\n<p>Agreg\u00f3 que, en las cuerdas de los instrumentos est\u00e1n colores que simbolizan la igualdad de g\u00e9nero; en la quinta huapanguera los de la planta del ma\u00edz, verde y amarillo; y sube un list\u00f3n blanco formando la edici\u00f3n 26 del festival; y remata con una hoja verde que representa el nacimiento de un nuevo ciclo.<\/p>\n\n\n\n<p>En el mismo contexto, refiri\u00f3 que, el fondo est\u00e1 conformado por un cielo y nubes en memoria de todos los m\u00fasicos que se nos adelantaron en esta vida; y en marca de agua un bordado regional; y como el evento ser\u00e1 en la huasteca, tom\u00f3 un p\u00e1jaro tordo para representar la libertad y la audacia, adem\u00e1s de que es un ave representativa de la zona, el cual en su pico lleva la vara de un viol\u00edn en espera de su pr\u00f3xima tocada.<\/p>\n\n\n\n<p>El logotipo principal -enfatiz\u00f3-, est\u00e1 compuesto por dos personas huapangueras, hombre y mujer, y otros elementos complementarios como el icono del lenguaje y los colores de los listones tradicionales que los vemos en vestimentas, bast\u00f3n de mando y rituales.<\/p>\n\n\n\n<p>Para finalizar, la titular de la Secretar\u00eda de Cultura especific\u00f3 que, en el concurso participaron 13 personas, nueve hombres y cuatro mujeres, residentes en los municipios de Huejutla, Huautla; Jaltoc\u00e1n y San Felipe Orizatl\u00e1n, quienes aportaron dise\u00f1os conceptuales que honran rasgos de la diversidad cultural de la huasteca, como gastronom\u00eda, paisajes, alfarer\u00eda, danzas y Xantolo, entre otros.<\/p>\n\n\n\n<figure class=\"wp-block-image size-full\"><img fetchpriority=\"high\" decoding=\"async\" width=\"940\" height=\"788\" src=\"https:\/\/www.zunoticia.com\/noticias-de-hidalgo\/wp-content\/uploads\/2023\/08\/Diseno-sin-titulo-1-4.png\" alt=\"\" class=\"wp-image-496634\" srcset=\"https:\/\/www.zunoticia.com\/noticias-de-hidalgo\/wp-content\/uploads\/2023\/08\/Diseno-sin-titulo-1-4.png 940w, https:\/\/www.zunoticia.com\/noticias-de-hidalgo\/wp-content\/uploads\/2023\/08\/Diseno-sin-titulo-1-4-300x251.png 300w, https:\/\/www.zunoticia.com\/noticias-de-hidalgo\/wp-content\/uploads\/2023\/08\/Diseno-sin-titulo-1-4-768x644.png 768w\" sizes=\"(max-width: 940px) 100vw, 940px\" \/><\/figure>\n","protected":false},"excerpt":{"rendered":"<p>Por Salvador Altamirano\/Zunoticia Huejutla, Hgo.- En rueda de prensa realizada la ma\u00f1ana de este martes, la Secretaria Estatal de Cultura de Hidalgo, Tania Meza Escorza, dio a conocer al ganador del concurso de carteles representativos del XXVI Festival de la Huasteca, eligi\u00e9ndose el del dise\u00f1ador gr\u00e1fico Rosalino Rodr\u00edguez Amador, residente en Huejutla, quien particip\u00f3 con&hellip; <a class=\"more-link\" href=\"https:\/\/www.zunoticia.com\/noticias-de-hidalgo\/2023\/08\/01\/disenador-grafico-de-huejutla-gana-el-concurso-de-cartel-representativos-del-xxvi-festival-de-la-huasteca\/\">Seguir leyendo <span class=\"screen-reader-text\">Dise\u00f1ador gr\u00e1fico de Huejutla gana el concurso de cartel representativos del XXVI Festival de la Huasteca<\/span><\/a><\/p>\n","protected":false},"author":20,"featured_media":496633,"comment_status":"closed","ping_status":"open","sticky":false,"template":"","format":"standard","meta":{"rop_custom_images_group":[],"rop_custom_messages_group":[],"rop_publish_now":"initial","rop_publish_now_accounts":{"facebook_10159540855086992_322828327761733":""},"rop_publish_now_history":[],"rop_publish_now_status":"pending","footnotes":""},"categories":[181,209],"tags":[121],"class_list":["post-496632","post","type-post","status-publish","format-standard","has-post-thumbnail","hentry","category-huejutla","category-relevante","tag-huejutla","entry"],"_links":{"self":[{"href":"https:\/\/www.zunoticia.com\/noticias-de-hidalgo\/wp-json\/wp\/v2\/posts\/496632","targetHints":{"allow":["GET"]}}],"collection":[{"href":"https:\/\/www.zunoticia.com\/noticias-de-hidalgo\/wp-json\/wp\/v2\/posts"}],"about":[{"href":"https:\/\/www.zunoticia.com\/noticias-de-hidalgo\/wp-json\/wp\/v2\/types\/post"}],"author":[{"embeddable":true,"href":"https:\/\/www.zunoticia.com\/noticias-de-hidalgo\/wp-json\/wp\/v2\/users\/20"}],"replies":[{"embeddable":true,"href":"https:\/\/www.zunoticia.com\/noticias-de-hidalgo\/wp-json\/wp\/v2\/comments?post=496632"}],"version-history":[{"count":2,"href":"https:\/\/www.zunoticia.com\/noticias-de-hidalgo\/wp-json\/wp\/v2\/posts\/496632\/revisions"}],"predecessor-version":[{"id":496637,"href":"https:\/\/www.zunoticia.com\/noticias-de-hidalgo\/wp-json\/wp\/v2\/posts\/496632\/revisions\/496637"}],"wp:featuredmedia":[{"embeddable":true,"href":"https:\/\/www.zunoticia.com\/noticias-de-hidalgo\/wp-json\/wp\/v2\/media\/496633"}],"wp:attachment":[{"href":"https:\/\/www.zunoticia.com\/noticias-de-hidalgo\/wp-json\/wp\/v2\/media?parent=496632"}],"wp:term":[{"taxonomy":"category","embeddable":true,"href":"https:\/\/www.zunoticia.com\/noticias-de-hidalgo\/wp-json\/wp\/v2\/categories?post=496632"},{"taxonomy":"post_tag","embeddable":true,"href":"https:\/\/www.zunoticia.com\/noticias-de-hidalgo\/wp-json\/wp\/v2\/tags?post=496632"}],"curies":[{"name":"wp","href":"https:\/\/api.w.org\/{rel}","templated":true}]}}