{"id":496697,"date":"2023-08-01T23:50:54","date_gmt":"2023-08-02T05:50:54","guid":{"rendered":"https:\/\/www.zunoticia.com\/noticias-de-hidalgo\/?p=496697"},"modified":"2023-08-01T23:51:01","modified_gmt":"2023-08-02T05:51:01","slug":"candidato-a-la-presidencia-deben-ver-la-circulacion-vial-en-huejutla-pho","status":"publish","type":"post","link":"https:\/\/www.zunoticia.com\/noticias-de-hidalgo\/2023\/08\/01\/candidato-a-la-presidencia-deben-ver-la-circulacion-vial-en-huejutla-pho\/","title":{"rendered":"Candidato a la Presidencia deben ver la circulaci\u00f3n vial en Huejutla: PHO"},"content":{"rendered":"<aside class=\"mashsb-container mashsb-main mashsb-stretched\"><div class=\"mashsb-box\"><div class=\"mashsb-count mash-large\" style=\"float:left\"><div class=\"counts mashsbcount\">8<\/div><span class=\"mashsb-sharetext\">SHARES<\/span><\/div><div class=\"mashsb-buttons\"><a class=\"mashicon-facebook mash-large mash-center mashsb-noshadow\" href=\"https:\/\/www.facebook.com\/sharer.php?u=https%3A%2F%2Fwww.zunoticia.com%2Fnoticias-de-hidalgo%2F2023%2F08%2F01%2Fcandidato-a-la-presidencia-deben-ver-la-circulacion-vial-en-huejutla-pho%2F\" target=\"_top\" rel=\"nofollow\"><span class=\"icon\"><\/span><span class=\"text\">Share<\/span><\/a><a class=\"mashicon-twitter mash-large mash-center mashsb-noshadow\" href=\"https:\/\/twitter.com\/intent\/tweet?text=&amp;url=https:\/\/www.zunoticia.com\/noticias-de-hidalgo\/2023\/08\/01\/candidato-a-la-presidencia-deben-ver-la-circulacion-vial-en-huejutla-pho\/\" target=\"_top\" rel=\"nofollow\"><span class=\"icon\"><\/span><span class=\"text\">Tweet<\/span><\/a><div class=\"onoffswitch2 mash-large mashsb-noshadow\" style=\"display:none\"><\/div><\/div>\n            <\/div>\n                <div style=\"clear:both\"><\/div><div class=\"mashsb-toggle-container\"><\/div><\/aside>\n            <!-- Share buttons by mashshare.net - Version: 4.0.47-->\n<p><em>Enedino Hern\u00e1ndez\/Zunoticia<\/em><\/p>\n\n\n\n<p><strong>Huejutla, Hgo.- <\/strong>La poblaci\u00f3n Huejutlense tiene que ver en que el pr\u00f3ximo candidato y el pr\u00f3ximo Presidente Municipal de Huejutla piense en la circulaci\u00f3n vial que se tiene en la ciudad, pues se tiene dos pasos sobre la carretera federal en donde hacen falta distribuidores viales para agilizar todo el movimiento de veh\u00edculos que llegan y salen de Huejutla, se\u00f1ala el ciudadano Huejutlense, Ponciano Hern\u00e1ndez Olvera.<\/p>\n\n\n\n<p>\u201cEl pr\u00f3ximo candidato y el pr\u00f3ximo Presidente Municipal de Huejutla debe pensar en mejorar la circulaci\u00f3n de veh\u00edculos, mejorar la vialidad; se tiene el paso de la carretera federal M\u00e9xico-Tampico a la altura de la Lomita, aqu\u00ed se debe de contar con un distribuidor vial.<\/p>\n\n\n\n<p>De la misma manera se requiere de algo similar a la altura del cruce del boulevard Adolfo L\u00f3pez Mateos, en donde se tiene el mismo problema, ya que en estos lugares se registran embotellamientos por falta de un distribuidor vial\u201d.<\/p>\n\n\n\n<p>Por ello, detalla que el pr\u00f3ximo candidato y quien sea Presidente Municipal debe de proyectar el recurso, hacer el proyecto de construcci\u00f3n, enviar a la instancia correspondiente del gobierno del estado y federal, para que los tres niveles de gobierno tomen conocimiento de la situaci\u00f3n.<\/p>\n\n\n\n<p>Ponciano Hern\u00e1ndez Olvera, expone que es importante que se realicen los dos distribuidores viales sobre la carretera federal M\u00e9xico-Tampico, pues con eso se habr\u00e1 de desalojar el tr\u00e1fico de veh\u00edculos dentro de la ciudad.<\/p>\n\n\n\n<p>Por otro lado, subraya que otro de los problemas que se tiene en la ciudad es que los comerciantes ambulantes invaden las banquetas \u201cno se debe de permitir puestos en las banquetas, no se debe de permitir puestos en la v\u00eda en donde transitan los veh\u00edculos como es el caso de la calle Sonora en donde no se puede circular bien porque hay muchos puestos a los lados\u201d.<\/p>\n\n\n\n<p>Concluye que estos comerciantes ambulantes ya tienen \u201csus localitos\u201d en el mercado municipal, en el mercado Laurel, en el \u00e1rea del laminado, por lo que deben de ocupar sus locales \u201cen caso de que hubiera la necesidad de que a los comerciantes se les d\u00e9 un espacio, pues que se les d\u00e9 uno en la plaza p\u00fablica 1 o 2 d\u00edas a la semana, pero que ya no entorpezcan m\u00e1s las v\u00edas p\u00fablicas, como son las calles.<\/p>\n","protected":false},"excerpt":{"rendered":"<p>Enedino Hern\u00e1ndez\/Zunoticia Huejutla, Hgo.- La poblaci\u00f3n Huejutlense tiene que ver en que el pr\u00f3ximo candidato y el pr\u00f3ximo Presidente Municipal de Huejutla piense en la circulaci\u00f3n vial que se tiene en la ciudad, pues se tiene dos pasos sobre la carretera federal en donde hacen falta distribuidores viales para agilizar todo el movimiento de veh\u00edculos&hellip; <a class=\"more-link\" href=\"https:\/\/www.zunoticia.com\/noticias-de-hidalgo\/2023\/08\/01\/candidato-a-la-presidencia-deben-ver-la-circulacion-vial-en-huejutla-pho\/\">Seguir leyendo <span class=\"screen-reader-text\">Candidato a la Presidencia deben ver la circulaci\u00f3n vial en Huejutla: PHO<\/span><\/a><\/p>\n","protected":false},"author":12,"featured_media":496699,"comment_status":"closed","ping_status":"open","sticky":false,"template":"","format":"standard","meta":{"rop_custom_images_group":[],"rop_custom_messages_group":[],"rop_publish_now":"initial","rop_publish_now_accounts":{"facebook_10159540855086992_322828327761733":""},"rop_publish_now_history":[],"rop_publish_now_status":"pending","footnotes":""},"categories":[181],"tags":[121],"class_list":["post-496697","post","type-post","status-publish","format-standard","has-post-thumbnail","hentry","category-huejutla","tag-huejutla","entry"],"_links":{"self":[{"href":"https:\/\/www.zunoticia.com\/noticias-de-hidalgo\/wp-json\/wp\/v2\/posts\/496697","targetHints":{"allow":["GET"]}}],"collection":[{"href":"https:\/\/www.zunoticia.com\/noticias-de-hidalgo\/wp-json\/wp\/v2\/posts"}],"about":[{"href":"https:\/\/www.zunoticia.com\/noticias-de-hidalgo\/wp-json\/wp\/v2\/types\/post"}],"author":[{"embeddable":true,"href":"https:\/\/www.zunoticia.com\/noticias-de-hidalgo\/wp-json\/wp\/v2\/users\/12"}],"replies":[{"embeddable":true,"href":"https:\/\/www.zunoticia.com\/noticias-de-hidalgo\/wp-json\/wp\/v2\/comments?post=496697"}],"version-history":[{"count":1,"href":"https:\/\/www.zunoticia.com\/noticias-de-hidalgo\/wp-json\/wp\/v2\/posts\/496697\/revisions"}],"predecessor-version":[{"id":496700,"href":"https:\/\/www.zunoticia.com\/noticias-de-hidalgo\/wp-json\/wp\/v2\/posts\/496697\/revisions\/496700"}],"wp:featuredmedia":[{"embeddable":true,"href":"https:\/\/www.zunoticia.com\/noticias-de-hidalgo\/wp-json\/wp\/v2\/media\/496699"}],"wp:attachment":[{"href":"https:\/\/www.zunoticia.com\/noticias-de-hidalgo\/wp-json\/wp\/v2\/media?parent=496697"}],"wp:term":[{"taxonomy":"category","embeddable":true,"href":"https:\/\/www.zunoticia.com\/noticias-de-hidalgo\/wp-json\/wp\/v2\/categories?post=496697"},{"taxonomy":"post_tag","embeddable":true,"href":"https:\/\/www.zunoticia.com\/noticias-de-hidalgo\/wp-json\/wp\/v2\/tags?post=496697"}],"curies":[{"name":"wp","href":"https:\/\/api.w.org\/{rel}","templated":true}]}}