{"id":496698,"date":"2023-08-01T23:52:41","date_gmt":"2023-08-02T05:52:41","guid":{"rendered":"https:\/\/www.zunoticia.com\/noticias-de-hidalgo\/?p=496698"},"modified":"2023-08-01T23:52:44","modified_gmt":"2023-08-02T05:52:44","slug":"el-parque-ecologico-es-de-suma-importancia-para-la-ciudadania-opinan","status":"publish","type":"post","link":"https:\/\/www.zunoticia.com\/noticias-de-hidalgo\/2023\/08\/01\/el-parque-ecologico-es-de-suma-importancia-para-la-ciudadania-opinan\/","title":{"rendered":"El Parque Ecol\u00f3gico es de suma importancia para la ciudadan\u00eda: Opinan"},"content":{"rendered":"<aside class=\"mashsb-container mashsb-main mashsb-stretched\"><div class=\"mashsb-box\"><div class=\"mashsb-count mash-large\" style=\"float:left\"><div class=\"counts mashsbcount\">8<\/div><span class=\"mashsb-sharetext\">SHARES<\/span><\/div><div class=\"mashsb-buttons\"><a class=\"mashicon-facebook mash-large mash-center mashsb-noshadow\" href=\"https:\/\/www.facebook.com\/sharer.php?u=https%3A%2F%2Fwww.zunoticia.com%2Fnoticias-de-hidalgo%2F2023%2F08%2F01%2Fel-parque-ecologico-es-de-suma-importancia-para-la-ciudadania-opinan%2F\" target=\"_top\" rel=\"nofollow\"><span class=\"icon\"><\/span><span class=\"text\">Share<\/span><\/a><a class=\"mashicon-twitter mash-large mash-center mashsb-noshadow\" href=\"https:\/\/twitter.com\/intent\/tweet?text=&amp;url=https:\/\/www.zunoticia.com\/noticias-de-hidalgo\/2023\/08\/01\/el-parque-ecologico-es-de-suma-importancia-para-la-ciudadania-opinan\/\" target=\"_top\" rel=\"nofollow\"><span class=\"icon\"><\/span><span class=\"text\">Tweet<\/span><\/a><div class=\"onoffswitch2 mash-large mashsb-noshadow\" style=\"display:none\"><\/div><\/div>\n            <\/div>\n                <div style=\"clear:both\"><\/div><div class=\"mashsb-toggle-container\"><\/div><\/aside>\n            <!-- Share buttons by mashshare.net - Version: 4.0.47-->\n<p><em>Salvador Altamirano<\/em><\/p>\n\n\n\n<p><strong>Huejutla, Hgo.- <\/strong>Entrevistado en torno a la importancia del Parque Ecol\u00f3gico, don Carlos Ignacio Becerra D\u00edaz,&nbsp; usuario del espacio, enfatiz\u00f3 que es muy necesario porque las personas acuden a diario a realizar ejercicio, lo que es vital,&nbsp; preserva la salud y se tiene una condici\u00f3n f\u00edsica excelente.<\/p>\n\n\n\n<p>Agreg\u00f3 que para tal efecto, el espacio tiene los elementos b\u00e1sicos, como la pista de atletismo y aparatos para ejercicio, por lo que acuden todo tipo de personas, j\u00f3venes y adultos.<\/p>\n\n\n\n<p>As\u00ed mismo, exhort\u00f3 a quienes hacen uso del Parque Ecol\u00f3gico, de manera cotidiana o intermitente, a que lo mantengan en buen estado, limpio, y que cuiden los \u00e1rboles existentes, ya que es un bien ciudadano.<\/p>\n\n\n\n<p>Para finalizar, coment\u00f3 que tiene conocimiento que el horario permitido es de 05:30 a 19:00 horas, por lo que invita a la ciudadan\u00eda en general a que acuda a realizar ejercicio, lo cual reiter\u00f3 &#8211; es de car\u00e1cter vital-<\/p>\n","protected":false},"excerpt":{"rendered":"<p>Salvador Altamirano Huejutla, Hgo.- Entrevistado en torno a la importancia del Parque Ecol\u00f3gico, don Carlos Ignacio Becerra D\u00edaz,&nbsp; usuario del espacio, enfatiz\u00f3 que es muy necesario porque las personas acuden a diario a realizar ejercicio, lo que es vital,&nbsp; preserva la salud y se tiene una condici\u00f3n f\u00edsica excelente. Agreg\u00f3 que para tal efecto, el&hellip; <a class=\"more-link\" href=\"https:\/\/www.zunoticia.com\/noticias-de-hidalgo\/2023\/08\/01\/el-parque-ecologico-es-de-suma-importancia-para-la-ciudadania-opinan\/\">Seguir leyendo <span class=\"screen-reader-text\">El Parque Ecol\u00f3gico es de suma importancia para la ciudadan\u00eda: Opinan<\/span><\/a><\/p>\n","protected":false},"author":12,"featured_media":496701,"comment_status":"closed","ping_status":"open","sticky":false,"template":"","format":"standard","meta":{"rop_custom_images_group":[],"rop_custom_messages_group":[],"rop_publish_now":"initial","rop_publish_now_accounts":{"facebook_10159540855086992_322828327761733":""},"rop_publish_now_history":[],"rop_publish_now_status":"pending","footnotes":""},"categories":[181],"tags":[121],"class_list":["post-496698","post","type-post","status-publish","format-standard","has-post-thumbnail","hentry","category-huejutla","tag-huejutla","entry"],"_links":{"self":[{"href":"https:\/\/www.zunoticia.com\/noticias-de-hidalgo\/wp-json\/wp\/v2\/posts\/496698","targetHints":{"allow":["GET"]}}],"collection":[{"href":"https:\/\/www.zunoticia.com\/noticias-de-hidalgo\/wp-json\/wp\/v2\/posts"}],"about":[{"href":"https:\/\/www.zunoticia.com\/noticias-de-hidalgo\/wp-json\/wp\/v2\/types\/post"}],"author":[{"embeddable":true,"href":"https:\/\/www.zunoticia.com\/noticias-de-hidalgo\/wp-json\/wp\/v2\/users\/12"}],"replies":[{"embeddable":true,"href":"https:\/\/www.zunoticia.com\/noticias-de-hidalgo\/wp-json\/wp\/v2\/comments?post=496698"}],"version-history":[{"count":1,"href":"https:\/\/www.zunoticia.com\/noticias-de-hidalgo\/wp-json\/wp\/v2\/posts\/496698\/revisions"}],"predecessor-version":[{"id":496702,"href":"https:\/\/www.zunoticia.com\/noticias-de-hidalgo\/wp-json\/wp\/v2\/posts\/496698\/revisions\/496702"}],"wp:featuredmedia":[{"embeddable":true,"href":"https:\/\/www.zunoticia.com\/noticias-de-hidalgo\/wp-json\/wp\/v2\/media\/496701"}],"wp:attachment":[{"href":"https:\/\/www.zunoticia.com\/noticias-de-hidalgo\/wp-json\/wp\/v2\/media?parent=496698"}],"wp:term":[{"taxonomy":"category","embeddable":true,"href":"https:\/\/www.zunoticia.com\/noticias-de-hidalgo\/wp-json\/wp\/v2\/categories?post=496698"},{"taxonomy":"post_tag","embeddable":true,"href":"https:\/\/www.zunoticia.com\/noticias-de-hidalgo\/wp-json\/wp\/v2\/tags?post=496698"}],"curies":[{"name":"wp","href":"https:\/\/api.w.org\/{rel}","templated":true}]}}