{"id":496703,"date":"2023-08-01T23:57:09","date_gmt":"2023-08-02T05:57:09","guid":{"rendered":"https:\/\/www.zunoticia.com\/noticias-de-hidalgo\/?p=496703"},"modified":"2023-08-01T23:57:22","modified_gmt":"2023-08-02T05:57:22","slug":"habitantes-de-coacuilco-exigen-restitucion-del-delegado-o-acreditacion-del-interino","status":"publish","type":"post","link":"https:\/\/www.zunoticia.com\/noticias-de-hidalgo\/2023\/08\/01\/habitantes-de-coacuilco-exigen-restitucion-del-delegado-o-acreditacion-del-interino\/","title":{"rendered":"Habitantes de Coacuilco exigen restituci\u00f3n del delegado o acreditaci\u00f3n del interino"},"content":{"rendered":"<aside class=\"mashsb-container mashsb-main mashsb-stretched\"><div class=\"mashsb-box\"><div class=\"mashsb-count mash-large\" style=\"float:left\"><div class=\"counts mashsbcount\">44<\/div><span class=\"mashsb-sharetext\">SHARES<\/span><\/div><div class=\"mashsb-buttons\"><a class=\"mashicon-facebook mash-large mash-center mashsb-noshadow\" href=\"https:\/\/www.facebook.com\/sharer.php?u=https%3A%2F%2Fwww.zunoticia.com%2Fnoticias-de-hidalgo%2F2023%2F08%2F01%2Fhabitantes-de-coacuilco-exigen-restitucion-del-delegado-o-acreditacion-del-interino%2F\" target=\"_top\" rel=\"nofollow\"><span class=\"icon\"><\/span><span class=\"text\">Share<\/span><\/a><a class=\"mashicon-twitter mash-large mash-center mashsb-noshadow\" href=\"https:\/\/twitter.com\/intent\/tweet?text=&amp;url=https:\/\/www.zunoticia.com\/noticias-de-hidalgo\/2023\/08\/01\/habitantes-de-coacuilco-exigen-restitucion-del-delegado-o-acreditacion-del-interino\/\" target=\"_top\" rel=\"nofollow\"><span class=\"icon\"><\/span><span class=\"text\">Tweet<\/span><\/a><div class=\"onoffswitch2 mash-large mashsb-noshadow\" style=\"display:none\"><\/div><\/div>\n            <\/div>\n                <div style=\"clear:both\"><\/div><div class=\"mashsb-toggle-container\"><\/div><\/aside>\n            <!-- Share buttons by mashshare.net - Version: 4.0.47-->\n<p><em>Salvador Altamirano<\/em><\/p>\n\n\n\n<p><strong>Huejutla, Hgo.- <\/strong>Ante la problem\u00e1tica que enfrentan los ahora destituidos delegado y suplente de la comunidad de Coacuilco, Juli\u00e1n Filadelfo Ruiz y Modesto Aquino Cort\u00e9s, respectivamente, vecinos del sector acudieron est\u00e1 ma\u00f1ana a entrevistarse en las instalaciones del Parque Ecol\u00f3gico con el Alcalde, Daniel Andrade Zurutuza, para solicitarle, en primer t\u00e9rmino, que habilite otra vez al representante titular, ya que fue elegido por el pueblo.<\/p>\n\n\n\n<p>Agregaron que, de no ser posible, en su defecto, les firmara un oficio en donde le diera posesi\u00f3n del cargo al delegado interino, Juan Jos\u00e9 Morales Rivera, para llevar una respuesta que esperan en la localidad m\u00e1s de 1,500 personas, con la finalidad de que se de continuidad a las obras proyectadas.<\/p>\n\n\n\n<p>El Alcalde dej\u00f3 claro que la destituci\u00f3n se dio con base al Bando de Polic\u00eda y Buen Gobierno, con fundamento oficial, ya que ambos grupos con su disputa lo infringieron<\/p>\n\n\n\n<p>Sin embargo, subrayando que como mandatario le interesa la paz social, y el progreso de Coacuilco, les promete darles una respuesta hasta que dialogue con el grupo del subdelegado para ver si est\u00e1n de acuerdo.<\/p>\n\n\n\n<p>Es oportuno destacar, que hasta esta hora no se ha dado ning\u00fan pronunciamiento al respecto, por lo que cuestionados algunos funcionarios, manifestaron que todav\u00eda no hay acuerdos.<\/p>\n","protected":false},"excerpt":{"rendered":"<p>Salvador Altamirano Huejutla, Hgo.- Ante la problem\u00e1tica que enfrentan los ahora destituidos delegado y suplente de la comunidad de Coacuilco, Juli\u00e1n Filadelfo Ruiz y Modesto Aquino Cort\u00e9s, respectivamente, vecinos del sector acudieron est\u00e1 ma\u00f1ana a entrevistarse en las instalaciones del Parque Ecol\u00f3gico con el Alcalde, Daniel Andrade Zurutuza, para solicitarle, en primer t\u00e9rmino, que habilite&hellip; <a class=\"more-link\" href=\"https:\/\/www.zunoticia.com\/noticias-de-hidalgo\/2023\/08\/01\/habitantes-de-coacuilco-exigen-restitucion-del-delegado-o-acreditacion-del-interino\/\">Seguir leyendo <span class=\"screen-reader-text\">Habitantes de Coacuilco exigen restituci\u00f3n del delegado o acreditaci\u00f3n del interino<\/span><\/a><\/p>\n","protected":false},"author":12,"featured_media":496704,"comment_status":"closed","ping_status":"open","sticky":false,"template":"","format":"standard","meta":{"rop_custom_images_group":[],"rop_custom_messages_group":[],"rop_publish_now":"initial","rop_publish_now_accounts":{"facebook_10159540855086992_322828327761733":""},"rop_publish_now_history":[],"rop_publish_now_status":"pending","footnotes":""},"categories":[181],"tags":[121],"class_list":["post-496703","post","type-post","status-publish","format-standard","has-post-thumbnail","hentry","category-huejutla","tag-huejutla","entry"],"_links":{"self":[{"href":"https:\/\/www.zunoticia.com\/noticias-de-hidalgo\/wp-json\/wp\/v2\/posts\/496703","targetHints":{"allow":["GET"]}}],"collection":[{"href":"https:\/\/www.zunoticia.com\/noticias-de-hidalgo\/wp-json\/wp\/v2\/posts"}],"about":[{"href":"https:\/\/www.zunoticia.com\/noticias-de-hidalgo\/wp-json\/wp\/v2\/types\/post"}],"author":[{"embeddable":true,"href":"https:\/\/www.zunoticia.com\/noticias-de-hidalgo\/wp-json\/wp\/v2\/users\/12"}],"replies":[{"embeddable":true,"href":"https:\/\/www.zunoticia.com\/noticias-de-hidalgo\/wp-json\/wp\/v2\/comments?post=496703"}],"version-history":[{"count":1,"href":"https:\/\/www.zunoticia.com\/noticias-de-hidalgo\/wp-json\/wp\/v2\/posts\/496703\/revisions"}],"predecessor-version":[{"id":496705,"href":"https:\/\/www.zunoticia.com\/noticias-de-hidalgo\/wp-json\/wp\/v2\/posts\/496703\/revisions\/496705"}],"wp:featuredmedia":[{"embeddable":true,"href":"https:\/\/www.zunoticia.com\/noticias-de-hidalgo\/wp-json\/wp\/v2\/media\/496704"}],"wp:attachment":[{"href":"https:\/\/www.zunoticia.com\/noticias-de-hidalgo\/wp-json\/wp\/v2\/media?parent=496703"}],"wp:term":[{"taxonomy":"category","embeddable":true,"href":"https:\/\/www.zunoticia.com\/noticias-de-hidalgo\/wp-json\/wp\/v2\/categories?post=496703"},{"taxonomy":"post_tag","embeddable":true,"href":"https:\/\/www.zunoticia.com\/noticias-de-hidalgo\/wp-json\/wp\/v2\/tags?post=496703"}],"curies":[{"name":"wp","href":"https:\/\/api.w.org\/{rel}","templated":true}]}}