{"id":497170,"date":"2023-08-05T02:29:47","date_gmt":"2023-08-05T08:29:47","guid":{"rendered":"https:\/\/www.zunoticia.com\/noticias-de-hidalgo\/?p=497170"},"modified":"2023-08-05T02:29:47","modified_gmt":"2023-08-05T08:29:47","slug":"fgr-impartio-cursos-primer-respondiente-y-cadena-de-custodia","status":"publish","type":"post","link":"https:\/\/www.zunoticia.com\/noticias-de-hidalgo\/2023\/08\/05\/fgr-impartio-cursos-primer-respondiente-y-cadena-de-custodia\/","title":{"rendered":"<strong>FGR imparti\u00f3 cursos &#8220;Primer respondiente y cadena de custodia&#8221;<\/strong>"},"content":{"rendered":"<aside class=\"mashsb-container mashsb-main mashsb-stretched\"><div class=\"mashsb-box\"><div class=\"mashsb-count mash-large\" style=\"float:left\"><div class=\"counts mashsbcount\">38<\/div><span class=\"mashsb-sharetext\">SHARES<\/span><\/div><div class=\"mashsb-buttons\"><a class=\"mashicon-facebook mash-large mash-center mashsb-noshadow\" href=\"https:\/\/www.facebook.com\/sharer.php?u=https%3A%2F%2Fwww.zunoticia.com%2Fnoticias-de-hidalgo%2F2023%2F08%2F05%2Ffgr-impartio-cursos-primer-respondiente-y-cadena-de-custodia%2F\" target=\"_top\" rel=\"nofollow\"><span class=\"icon\"><\/span><span class=\"text\">Share<\/span><\/a><a class=\"mashicon-twitter mash-large mash-center mashsb-noshadow\" href=\"https:\/\/twitter.com\/intent\/tweet?text=&amp;url=https:\/\/www.zunoticia.com\/noticias-de-hidalgo\/2023\/08\/05\/fgr-impartio-cursos-primer-respondiente-y-cadena-de-custodia\/\" target=\"_top\" rel=\"nofollow\"><span class=\"icon\"><\/span><span class=\"text\">Tweet<\/span><\/a><div class=\"onoffswitch2 mash-large mashsb-noshadow\" style=\"display:none\"><\/div><\/div>\n            <\/div>\n                <div style=\"clear:both\"><\/div><div class=\"mashsb-toggle-container\"><\/div><\/aside>\n            <!-- Share buttons by mashshare.net - Version: 4.0.47-->\n<ul class=\"wp-block-list\">\n<li>Elementos de la DSPyTM de la regi\u00f3n, recibieron capacitaci\u00f3n.<\/li>\n<\/ul>\n\n\n\n<p><em>Por Karen Rivera\/Zunoticia<\/em><\/p>\n\n\n\n<p><strong>Atlapexco, Hgo.- <\/strong>Elementos de la Direcci\u00f3n de Seguridad P\u00fablica y Tr\u00e1nsito Municipal de la regi\u00f3n, recibieron una capacitaci\u00f3n de &#8220;Primer respondiente y cadena de custodia&#8221; por parte de la Fiscal\u00eda General de la Rep\u00fablica (FGR).<\/p>\n\n\n\n<p>En el evento se cont\u00f3 con la presencia del maestro Jorge Alberto Jim\u00e9nez Guti\u00e9rrez, qui\u00e9n imparti\u00f3 dicha capacitaci\u00f3n por parte de la FGR; de esta dependencia Federal tambi\u00e9n asisti\u00f3, Abigail Morgano Moctezuma; el Perito Criminal\u00edstico, Jos\u00e9 Luis Ortiz Escobar; doctora Araceli Mateo S\u00e1nchez, Fiscal en jefe de la FGR; Ulises Mart\u00ednez Hern\u00e1ndez, Agente del Ministerio P\u00fablico de la regi\u00f3n huasteca; H\u00e9ctor Gonz\u00e1lez Sota, administrativo de la FGR; Ferm\u00edn S\u00e1nchez Montiel, coordinador de la Paz y Seguridad; teniente Jos\u00e9 Manuel Lara Mart\u00ednez, del 84 Batall\u00f3n de Infanter\u00eda; el presidente municipal, Joel Nochebuena Hern\u00e1ndez, as\u00ed como los directores y elementos de la regi\u00f3n huasteca y parte de la sierra hidalguense.<\/p>\n\n\n\n<figure class=\"wp-block-image size-large\"><img fetchpriority=\"high\" decoding=\"async\" width=\"1024\" height=\"538\" src=\"https:\/\/www.zunoticia.com\/noticias-de-hidalgo\/wp-content\/uploads\/2023\/08\/Zu-Noticia-Global-09-2-2-1-1024x538.jpg\" alt=\"\" class=\"wp-image-497186\" srcset=\"https:\/\/www.zunoticia.com\/noticias-de-hidalgo\/wp-content\/uploads\/2023\/08\/Zu-Noticia-Global-09-2-2-1-1024x538.jpg 1024w, https:\/\/www.zunoticia.com\/noticias-de-hidalgo\/wp-content\/uploads\/2023\/08\/Zu-Noticia-Global-09-2-2-1-300x158.jpg 300w, https:\/\/www.zunoticia.com\/noticias-de-hidalgo\/wp-content\/uploads\/2023\/08\/Zu-Noticia-Global-09-2-2-1-768x403.jpg 768w, https:\/\/www.zunoticia.com\/noticias-de-hidalgo\/wp-content\/uploads\/2023\/08\/Zu-Noticia-Global-09-2-2-1.jpg 1200w\" sizes=\"(max-width: 1024px) 100vw, 1024px\" \/><\/figure>\n\n\n\n<p>Personal de la Fiscal\u00eda General de la Rep\u00fablica (FGR), imparti\u00f3 a polic\u00edas municipales de Atlapexco, Huautla, Xochiatipan, Yahualica, San Felipe Orizatl\u00e1n, Huejutla, Tlanchinol, Chapulhuacan, Calnali, Jaltoc\u00e1n y personal de la ASEH Delegaci\u00f3n Huejutla; as\u00ed como integrantes del Ej\u00e9rcito del 84\u00b0 Batall\u00f3n de Infanter\u00eda, elementos de la Guardia Nacional, siendo un total de 120 elementos.<\/p>\n\n\n\n<p>Los temas que se impartieron fueron: &#8220;Protocolos de primer respondiente&#8221;, &#8220;Cadena de Custodia&#8221; y &#8220;Llenado de Actas IPH&#8221;.<\/p>\n\n\n\n<p>La finalidad de esta capacitaci\u00f3n es que, los elementos cuenten con los conocimientos necesarios para llevar a cabo su labor policial.<\/p>\n","protected":false},"excerpt":{"rendered":"<p>Por Karen Rivera\/Zunoticia Atlapexco, Hgo.- Elementos de la Direcci\u00f3n de Seguridad P\u00fablica y Tr\u00e1nsito Municipal de la regi\u00f3n, recibieron una capacitaci\u00f3n de &#8220;Primer respondiente y cadena de custodia&#8221; por parte de la Fiscal\u00eda General de la Rep\u00fablica (FGR). En el evento se cont\u00f3 con la presencia del maestro Jorge Alberto Jim\u00e9nez Guti\u00e9rrez, qui\u00e9n imparti\u00f3 dicha&hellip; <a class=\"more-link\" href=\"https:\/\/www.zunoticia.com\/noticias-de-hidalgo\/2023\/08\/05\/fgr-impartio-cursos-primer-respondiente-y-cadena-de-custodia\/\">Seguir leyendo <span class=\"screen-reader-text\"><strong>FGR imparti\u00f3 cursos &#8220;Primer respondiente y cadena de custodia&#8221;<\/strong><\/span><\/a><\/p>\n","protected":false},"author":12,"featured_media":497185,"comment_status":"closed","ping_status":"open","sticky":false,"template":"","format":"standard","meta":{"rop_custom_images_group":[],"rop_custom_messages_group":[],"rop_publish_now":"initial","rop_publish_now_accounts":{"facebook_10159540855086992_322828327761733":""},"rop_publish_now_history":[],"rop_publish_now_status":"pending","footnotes":""},"categories":[182],"tags":[133],"class_list":["post-497170","post","type-post","status-publish","format-standard","has-post-thumbnail","hentry","category-atlapexco","tag-atlapexco","entry"],"_links":{"self":[{"href":"https:\/\/www.zunoticia.com\/noticias-de-hidalgo\/wp-json\/wp\/v2\/posts\/497170","targetHints":{"allow":["GET"]}}],"collection":[{"href":"https:\/\/www.zunoticia.com\/noticias-de-hidalgo\/wp-json\/wp\/v2\/posts"}],"about":[{"href":"https:\/\/www.zunoticia.com\/noticias-de-hidalgo\/wp-json\/wp\/v2\/types\/post"}],"author":[{"embeddable":true,"href":"https:\/\/www.zunoticia.com\/noticias-de-hidalgo\/wp-json\/wp\/v2\/users\/12"}],"replies":[{"embeddable":true,"href":"https:\/\/www.zunoticia.com\/noticias-de-hidalgo\/wp-json\/wp\/v2\/comments?post=497170"}],"version-history":[{"count":1,"href":"https:\/\/www.zunoticia.com\/noticias-de-hidalgo\/wp-json\/wp\/v2\/posts\/497170\/revisions"}],"predecessor-version":[{"id":497187,"href":"https:\/\/www.zunoticia.com\/noticias-de-hidalgo\/wp-json\/wp\/v2\/posts\/497170\/revisions\/497187"}],"wp:featuredmedia":[{"embeddable":true,"href":"https:\/\/www.zunoticia.com\/noticias-de-hidalgo\/wp-json\/wp\/v2\/media\/497185"}],"wp:attachment":[{"href":"https:\/\/www.zunoticia.com\/noticias-de-hidalgo\/wp-json\/wp\/v2\/media?parent=497170"}],"wp:term":[{"taxonomy":"category","embeddable":true,"href":"https:\/\/www.zunoticia.com\/noticias-de-hidalgo\/wp-json\/wp\/v2\/categories?post=497170"},{"taxonomy":"post_tag","embeddable":true,"href":"https:\/\/www.zunoticia.com\/noticias-de-hidalgo\/wp-json\/wp\/v2\/tags?post=497170"}],"curies":[{"name":"wp","href":"https:\/\/api.w.org\/{rel}","templated":true}]}}