{"id":497175,"date":"2023-08-05T02:49:45","date_gmt":"2023-08-05T08:49:45","guid":{"rendered":"https:\/\/www.zunoticia.com\/noticias-de-hidalgo\/?p=497175"},"modified":"2023-08-05T02:49:46","modified_gmt":"2023-08-05T08:49:46","slug":"dirigentes-del-frente-amplio-demandan-a-amlo-detener-violencia-politica-de-genero","status":"publish","type":"post","link":"https:\/\/www.zunoticia.com\/noticias-de-hidalgo\/2023\/08\/05\/dirigentes-del-frente-amplio-demandan-a-amlo-detener-violencia-politica-de-genero\/","title":{"rendered":"Dirigentes del Frente Amplio demandan a AMLO detener violencia pol\u00edtica de g\u00e9nero"},"content":{"rendered":"<aside class=\"mashsb-container mashsb-main mashsb-stretched\"><div class=\"mashsb-box\"><div class=\"mashsb-count mash-large\" style=\"float:left\"><div class=\"counts mashsbcount\">4<\/div><span class=\"mashsb-sharetext\">SHARES<\/span><\/div><div class=\"mashsb-buttons\"><a class=\"mashicon-facebook mash-large mash-center mashsb-noshadow\" href=\"https:\/\/www.facebook.com\/sharer.php?u=https%3A%2F%2Fwww.zunoticia.com%2Fnoticias-de-hidalgo%2F2023%2F08%2F05%2Fdirigentes-del-frente-amplio-demandan-a-amlo-detener-violencia-politica-de-genero%2F\" target=\"_top\" rel=\"nofollow\"><span class=\"icon\"><\/span><span class=\"text\">Share<\/span><\/a><a class=\"mashicon-twitter mash-large mash-center mashsb-noshadow\" href=\"https:\/\/twitter.com\/intent\/tweet?text=&amp;url=https:\/\/www.zunoticia.com\/noticias-de-hidalgo\/2023\/08\/05\/dirigentes-del-frente-amplio-demandan-a-amlo-detener-violencia-politica-de-genero\/\" target=\"_top\" rel=\"nofollow\"><span class=\"icon\"><\/span><span class=\"text\">Tweet<\/span><\/a><div class=\"onoffswitch2 mash-large mashsb-noshadow\" style=\"display:none\"><\/div><\/div>\n            <\/div>\n                <div style=\"clear:both\"><\/div><div class=\"mashsb-toggle-container\"><\/div><\/aside>\n            <!-- Share buttons by mashshare.net - Version: 4.0.47-->\n<ul class=\"wp-block-list\">\n<li>Celebran que el INE haya emitido medidas cautelares en contra del jefe del Ejecutivo.<\/li>\n\n\n\n<li>No vamos a permitir que se normalice la violencia pol\u00edtica en contra de ninguna mujer.<\/li>\n<\/ul>\n\n\n\n<p><em>Por Redacci\u00f3n\/Zunoticia<\/em><\/p>\n\n\n\n<p><strong>Ciudad de M\u00e9xico.- <\/strong>Los presidentes nacionales del PAN, Marko Cort\u00e9s Mendoza; PRI, Alejandro Moreno C\u00e1rdenas y PRD, Jes\u00fas Zambrano Grijalva, demandaron al presidente Andr\u00e9s Manuel L\u00f3pez Obrador, respetar la ley y detener la violencia pol\u00edtica de g\u00e9nero.<\/p>\n\n\n\n<p>Los dirigentes celebraron que el INE reconozca que los insultos y manifestaciones del jefe del Ejecutivo en contra de la senadora X\u00f3chitl G\u00e1lvez se tratan de violencia pol\u00edtica en raz\u00f3n de g\u00e9nero, as\u00ed como se le haya ordenado \u201cabstenerse de realizar comentarios o se\u00f1alamientos sobre los derechos pol\u00edtico-electorales de la propia X\u00f3chitl G\u00e1lvez y en contra de cualquier mujer, ya sea de forma positiva o negativa\u201d.<\/p>\n\n\n\n<p>\u201cExigimos que el presidente cumpla la ley, que deje de hacerse el desentendido y detenga ya los ataques\u2026&#8221;.<\/p>\n\n\n\n<p>Se\u00f1alaron que es claro que el presidente de la Rep\u00fablica y quien deber\u00eda gobernar con imparcialidad a todas las y los mexicanos est\u00e1 demeritando y despreciando las aspiraciones de una mujer, atribuy\u00e9ndole estereotipos ofensivos y clasistas e incluso un papel subordinado.<\/p>\n\n\n\n<p>\u201cNo vamos a permitir que la violencia pol\u00edtica contra las mujeres en raz\u00f3n de g\u00e9nero se normalice desde el poder y sea invisibilizada\u201d, a\u00f1adieron.<\/p>\n","protected":false},"excerpt":{"rendered":"<p>Por Redacci\u00f3n\/Zunoticia Ciudad de M\u00e9xico.- Los presidentes nacionales del PAN, Marko Cort\u00e9s Mendoza; PRI, Alejandro Moreno C\u00e1rdenas y PRD, Jes\u00fas Zambrano Grijalva, demandaron al presidente Andr\u00e9s Manuel L\u00f3pez Obrador, respetar la ley y detener la violencia pol\u00edtica de g\u00e9nero. Los dirigentes celebraron que el INE reconozca que los insultos y manifestaciones del jefe del Ejecutivo&hellip; <a class=\"more-link\" href=\"https:\/\/www.zunoticia.com\/noticias-de-hidalgo\/2023\/08\/05\/dirigentes-del-frente-amplio-demandan-a-amlo-detener-violencia-politica-de-genero\/\">Seguir leyendo <span class=\"screen-reader-text\">Dirigentes del Frente Amplio demandan a AMLO detener violencia pol\u00edtica de g\u00e9nero<\/span><\/a><\/p>\n","protected":false},"author":12,"featured_media":497197,"comment_status":"closed","ping_status":"open","sticky":false,"template":"","format":"standard","meta":{"rop_custom_images_group":[],"rop_custom_messages_group":[],"rop_publish_now":"initial","rop_publish_now_accounts":{"facebook_10159540855086992_322828327761733":""},"rop_publish_now_history":[],"rop_publish_now_status":"pending","footnotes":""},"categories":[218],"tags":[217],"class_list":["post-497175","post","type-post","status-publish","format-standard","has-post-thumbnail","hentry","category-nacional","tag-nacional","entry"],"_links":{"self":[{"href":"https:\/\/www.zunoticia.com\/noticias-de-hidalgo\/wp-json\/wp\/v2\/posts\/497175","targetHints":{"allow":["GET"]}}],"collection":[{"href":"https:\/\/www.zunoticia.com\/noticias-de-hidalgo\/wp-json\/wp\/v2\/posts"}],"about":[{"href":"https:\/\/www.zunoticia.com\/noticias-de-hidalgo\/wp-json\/wp\/v2\/types\/post"}],"author":[{"embeddable":true,"href":"https:\/\/www.zunoticia.com\/noticias-de-hidalgo\/wp-json\/wp\/v2\/users\/12"}],"replies":[{"embeddable":true,"href":"https:\/\/www.zunoticia.com\/noticias-de-hidalgo\/wp-json\/wp\/v2\/comments?post=497175"}],"version-history":[{"count":1,"href":"https:\/\/www.zunoticia.com\/noticias-de-hidalgo\/wp-json\/wp\/v2\/posts\/497175\/revisions"}],"predecessor-version":[{"id":497198,"href":"https:\/\/www.zunoticia.com\/noticias-de-hidalgo\/wp-json\/wp\/v2\/posts\/497175\/revisions\/497198"}],"wp:featuredmedia":[{"embeddable":true,"href":"https:\/\/www.zunoticia.com\/noticias-de-hidalgo\/wp-json\/wp\/v2\/media\/497197"}],"wp:attachment":[{"href":"https:\/\/www.zunoticia.com\/noticias-de-hidalgo\/wp-json\/wp\/v2\/media?parent=497175"}],"wp:term":[{"taxonomy":"category","embeddable":true,"href":"https:\/\/www.zunoticia.com\/noticias-de-hidalgo\/wp-json\/wp\/v2\/categories?post=497175"},{"taxonomy":"post_tag","embeddable":true,"href":"https:\/\/www.zunoticia.com\/noticias-de-hidalgo\/wp-json\/wp\/v2\/tags?post=497175"}],"curies":[{"name":"wp","href":"https:\/\/api.w.org\/{rel}","templated":true}]}}