{"id":497235,"date":"2023-08-05T16:51:40","date_gmt":"2023-08-05T22:51:40","guid":{"rendered":"https:\/\/www.zunoticia.com\/noticias-de-hidalgo\/?p=497235"},"modified":"2023-08-05T16:51:41","modified_gmt":"2023-08-05T22:51:41","slug":"el-mercado-en-peligro-de-incendio-y-los-locatarios-no-hacen-nada-para-prevenirlo","status":"publish","type":"post","link":"https:\/\/www.zunoticia.com\/noticias-de-hidalgo\/2023\/08\/05\/el-mercado-en-peligro-de-incendio-y-los-locatarios-no-hacen-nada-para-prevenirlo\/","title":{"rendered":"El mercado en peligro de incendio y los locatarios no hacen nada para prevenirlo"},"content":{"rendered":"<aside class=\"mashsb-container mashsb-main mashsb-stretched\"><div class=\"mashsb-box\"><div class=\"mashsb-count mash-large\" style=\"float:left\"><div class=\"counts mashsbcount\">0<\/div><span class=\"mashsb-sharetext\">SHARES<\/span><\/div><div class=\"mashsb-buttons\"><a class=\"mashicon-facebook mash-large mash-center mashsb-noshadow\" href=\"https:\/\/www.facebook.com\/sharer.php?u=https%3A%2F%2Fwww.zunoticia.com%2Fnoticias-de-hidalgo%2F2023%2F08%2F05%2Fel-mercado-en-peligro-de-incendio-y-los-locatarios-no-hacen-nada-para-prevenirlo%2F\" target=\"_top\" rel=\"nofollow\"><span class=\"icon\"><\/span><span class=\"text\">Share<\/span><\/a><a class=\"mashicon-twitter mash-large mash-center mashsb-noshadow\" href=\"https:\/\/twitter.com\/intent\/tweet?text=&amp;url=https:\/\/www.zunoticia.com\/noticias-de-hidalgo\/2023\/08\/05\/el-mercado-en-peligro-de-incendio-y-los-locatarios-no-hacen-nada-para-prevenirlo\/\" target=\"_top\" rel=\"nofollow\"><span class=\"icon\"><\/span><span class=\"text\">Tweet<\/span><\/a><div class=\"onoffswitch2 mash-large mashsb-noshadow\" style=\"display:none\"><\/div><\/div>\n            <\/div>\n                <div style=\"clear:both\"><\/div><div class=\"mashsb-toggle-container\"><\/div><\/aside>\n            <!-- Share buttons by mashshare.net - Version: 4.0.47-->\n<p><em>Por Salvador Altamirano\/Zunoticia &nbsp;<\/em><\/p>\n\n\n\n<p><strong>Huejutla, Hgo<\/strong>.- Comerciantes establecidos en el mercado municipal, advirtieron que el inmueble, por la anarqu\u00eda y lo arcaico del cabler\u00edo conductor de electricidad, est\u00e1 propenso a un incendio que consuma el patrimonio y fuentes de trabajo de m\u00e1s de diez mil personas.<\/p>\n\n\n\n<p>Subrayaron que, no obstante, la administradora del complejo comercial ni el dirigente de la UCLA, Lidia Vite Cruz y Jorge Lara Garc\u00eda, respectivamente, hacen nada para prevenir un siniestro y lo que es peor, \u201cni nosotros mismos como interesados\u201d.<\/p>\n\n\n\n<p>Acusaron que, realmente quienes ser\u00edan los culpables si el mercado municipal, Dios no quiera se quemara -dijeron-, ser\u00edamos los que aqu\u00ed laboramos, ya que no nos preocupamos porque haya orden y seguridad, bloqueamos los pasillos, aunque sabemos que las l\u00edneas el\u00e9ctricas son a\u00f1ejas y est\u00e1n saturadas, nos importa poco y de manera irresponsable nos colgamos para robar luz, ya sea al municipio o a compa\u00f1eros, con conexiones ap\u00f3crifas llamadas &#8220;diablitos&#8221;.<\/p>\n\n\n\n<p>As\u00ed mismo, comentaron, muestra del peligro de una quemaz\u00f3n en que nos encontramos, se observa en la zona de medidores de luz, ubicada en un costado de la avenida Constituyentes; en donde hay al aire libre un mazacote de cables, a\u00f1adidos unos y sin duda pelados otros, que al mojarse y est\u00e1n pr\u00f3ximas las lluvias, podr\u00edan ocasionar -advirtieron-, cortos circuitos, como los que ya ha habido en ese mismo sector.<\/p>\n\n\n\n<p>Para finalizar, exhortan tanto a los responsables de velar por el buen mantenimiento del inmueble como a los mismos compa\u00f1eros comerciantes, para que lo antes posible tomen cartas en el asunto, coloquialmente hablando, para evitar un posible incendio, ya que no hay que olvidar -recalcaron-, que es &#8220;mejor prevenir que lamentar&#8221;.<\/p>\n\n\n\n<figure class=\"wp-block-image size-full\"><img fetchpriority=\"high\" decoding=\"async\" width=\"940\" height=\"788\" src=\"https:\/\/www.zunoticia.com\/noticias-de-hidalgo\/wp-content\/uploads\/2023\/08\/Diseno-sin-titulo-3-10.png\" alt=\"\" class=\"wp-image-497237\" srcset=\"https:\/\/www.zunoticia.com\/noticias-de-hidalgo\/wp-content\/uploads\/2023\/08\/Diseno-sin-titulo-3-10.png 940w, https:\/\/www.zunoticia.com\/noticias-de-hidalgo\/wp-content\/uploads\/2023\/08\/Diseno-sin-titulo-3-10-300x251.png 300w, https:\/\/www.zunoticia.com\/noticias-de-hidalgo\/wp-content\/uploads\/2023\/08\/Diseno-sin-titulo-3-10-768x644.png 768w\" sizes=\"(max-width: 940px) 100vw, 940px\" \/><\/figure>\n","protected":false},"excerpt":{"rendered":"<p>Por Salvador Altamirano\/Zunoticia &nbsp; Huejutla, Hgo.- Comerciantes establecidos en el mercado municipal, advirtieron que el inmueble, por la anarqu\u00eda y lo arcaico del cabler\u00edo conductor de electricidad, est\u00e1 propenso a un incendio que consuma el patrimonio y fuentes de trabajo de m\u00e1s de diez mil personas. Subrayaron que, no obstante, la administradora del complejo comercial&hellip; <a class=\"more-link\" href=\"https:\/\/www.zunoticia.com\/noticias-de-hidalgo\/2023\/08\/05\/el-mercado-en-peligro-de-incendio-y-los-locatarios-no-hacen-nada-para-prevenirlo\/\">Seguir leyendo <span class=\"screen-reader-text\">El mercado en peligro de incendio y los locatarios no hacen nada para prevenirlo<\/span><\/a><\/p>\n","protected":false},"author":20,"featured_media":497236,"comment_status":"closed","ping_status":"open","sticky":false,"template":"","format":"standard","meta":{"rop_custom_images_group":[],"rop_custom_messages_group":[],"rop_publish_now":"initial","rop_publish_now_accounts":{"facebook_10159540855086992_322828327761733":""},"rop_publish_now_history":[],"rop_publish_now_status":"pending","footnotes":""},"categories":[181],"tags":[121],"class_list":["post-497235","post","type-post","status-publish","format-standard","has-post-thumbnail","hentry","category-huejutla","tag-huejutla","entry"],"_links":{"self":[{"href":"https:\/\/www.zunoticia.com\/noticias-de-hidalgo\/wp-json\/wp\/v2\/posts\/497235","targetHints":{"allow":["GET"]}}],"collection":[{"href":"https:\/\/www.zunoticia.com\/noticias-de-hidalgo\/wp-json\/wp\/v2\/posts"}],"about":[{"href":"https:\/\/www.zunoticia.com\/noticias-de-hidalgo\/wp-json\/wp\/v2\/types\/post"}],"author":[{"embeddable":true,"href":"https:\/\/www.zunoticia.com\/noticias-de-hidalgo\/wp-json\/wp\/v2\/users\/20"}],"replies":[{"embeddable":true,"href":"https:\/\/www.zunoticia.com\/noticias-de-hidalgo\/wp-json\/wp\/v2\/comments?post=497235"}],"version-history":[{"count":1,"href":"https:\/\/www.zunoticia.com\/noticias-de-hidalgo\/wp-json\/wp\/v2\/posts\/497235\/revisions"}],"predecessor-version":[{"id":497238,"href":"https:\/\/www.zunoticia.com\/noticias-de-hidalgo\/wp-json\/wp\/v2\/posts\/497235\/revisions\/497238"}],"wp:featuredmedia":[{"embeddable":true,"href":"https:\/\/www.zunoticia.com\/noticias-de-hidalgo\/wp-json\/wp\/v2\/media\/497236"}],"wp:attachment":[{"href":"https:\/\/www.zunoticia.com\/noticias-de-hidalgo\/wp-json\/wp\/v2\/media?parent=497235"}],"wp:term":[{"taxonomy":"category","embeddable":true,"href":"https:\/\/www.zunoticia.com\/noticias-de-hidalgo\/wp-json\/wp\/v2\/categories?post=497235"},{"taxonomy":"post_tag","embeddable":true,"href":"https:\/\/www.zunoticia.com\/noticias-de-hidalgo\/wp-json\/wp\/v2\/tags?post=497235"}],"curies":[{"name":"wp","href":"https:\/\/api.w.org\/{rel}","templated":true}]}}