{"id":497242,"date":"2023-08-05T17:12:14","date_gmt":"2023-08-05T23:12:14","guid":{"rendered":"https:\/\/www.zunoticia.com\/noticias-de-hidalgo\/?p=497242"},"modified":"2023-08-05T17:12:15","modified_gmt":"2023-08-05T23:12:15","slug":"inician-actividades-de-lazo-rosa","status":"publish","type":"post","link":"https:\/\/www.zunoticia.com\/noticias-de-hidalgo\/2023\/08\/05\/inician-actividades-de-lazo-rosa\/","title":{"rendered":"Inician actividades de Lazo Rosa"},"content":{"rendered":"<aside class=\"mashsb-container mashsb-main mashsb-stretched\"><div class=\"mashsb-box\"><div class=\"mashsb-count mash-large\" style=\"float:left\"><div class=\"counts mashsbcount\">22<\/div><span class=\"mashsb-sharetext\">SHARES<\/span><\/div><div class=\"mashsb-buttons\"><a class=\"mashicon-facebook mash-large mash-center mashsb-noshadow\" href=\"https:\/\/www.facebook.com\/sharer.php?u=https%3A%2F%2Fwww.zunoticia.com%2Fnoticias-de-hidalgo%2F2023%2F08%2F05%2Finician-actividades-de-lazo-rosa%2F\" target=\"_top\" rel=\"nofollow\"><span class=\"icon\"><\/span><span class=\"text\">Share<\/span><\/a><a class=\"mashicon-twitter mash-large mash-center mashsb-noshadow\" href=\"https:\/\/twitter.com\/intent\/tweet?text=&amp;url=https:\/\/www.zunoticia.com\/noticias-de-hidalgo\/2023\/08\/05\/inician-actividades-de-lazo-rosa\/\" target=\"_top\" rel=\"nofollow\"><span class=\"icon\"><\/span><span class=\"text\">Tweet<\/span><\/a><div class=\"onoffswitch2 mash-large mashsb-noshadow\" style=\"display:none\"><\/div><\/div>\n            <\/div>\n                <div style=\"clear:both\"><\/div><div class=\"mashsb-toggle-container\"><\/div><\/aside>\n            <!-- Share buttons by mashshare.net - Version: 4.0.47-->\n<p><em>Por Redacci\u00f3n\/Zunoticia<\/em><\/p>\n\n\n\n<p><strong>Pachuca de Soto, Hgo<\/strong>.- La Secretar\u00eda de Salud en Hidalgo, a trav\u00e9s de la Direcci\u00f3n del Primer Nivel de Atenci\u00f3n y vinculaci\u00f3n con la Subsecretar\u00eda de Salud P\u00fablica, inici\u00f3 las actividades de la estrategia &#8216;Lazo Rosa&#8217;, acci\u00f3n desarrollada en regiones de los municipios de Metztitl\u00e1n, Molango y Zacualtip\u00e1n.<\/p>\n\n\n\n<p>El objetivo de esta medida es la sensibilizaci\u00f3n de la poblaci\u00f3n sobre la importancia de la detecci\u00f3n oportuna del c\u00e1ncer de mama y del c\u00e1ncer c\u00e9rvico uterino, a trav\u00e9s de sesiones de capacitaci\u00f3n y talleres.<\/p>\n\n\n\n<p>Cabe recordar que el c\u00e1ncer de mama es la causa m\u00e1s com\u00fan de muerte en mujeres a nivel mundial. Las caracter\u00edsticas que se asocian con un mayor riesgo de desarrollar esta enfermedad incluyen la obesidad, consumo de alcohol, antecedentes familiares, exposici\u00f3n a radiaci\u00f3n y consumo de tabaco. No obstante, alrededor de la mitad de los casos se desarrollan en mujeres sin factores de riesgo identificados, m\u00e1s all\u00e1 de ser mujeres con 40 a\u00f1os de edad o m\u00e1s.<\/p>\n\n\n\n<figure class=\"wp-block-image size-full\"><img fetchpriority=\"high\" decoding=\"async\" width=\"940\" height=\"788\" src=\"https:\/\/www.zunoticia.com\/noticias-de-hidalgo\/wp-content\/uploads\/2023\/08\/Diseno-sin-titulo-1-56.png\" alt=\"\" class=\"wp-image-497244\" srcset=\"https:\/\/www.zunoticia.com\/noticias-de-hidalgo\/wp-content\/uploads\/2023\/08\/Diseno-sin-titulo-1-56.png 940w, https:\/\/www.zunoticia.com\/noticias-de-hidalgo\/wp-content\/uploads\/2023\/08\/Diseno-sin-titulo-1-56-300x251.png 300w, https:\/\/www.zunoticia.com\/noticias-de-hidalgo\/wp-content\/uploads\/2023\/08\/Diseno-sin-titulo-1-56-768x644.png 768w\" sizes=\"(max-width: 940px) 100vw, 940px\" \/><\/figure>\n","protected":false},"excerpt":{"rendered":"<p>Por Redacci\u00f3n\/Zunoticia Pachuca de Soto, Hgo.- La Secretar\u00eda de Salud en Hidalgo, a trav\u00e9s de la Direcci\u00f3n del Primer Nivel de Atenci\u00f3n y vinculaci\u00f3n con la Subsecretar\u00eda de Salud P\u00fablica, inici\u00f3 las actividades de la estrategia &#8216;Lazo Rosa&#8217;, acci\u00f3n desarrollada en regiones de los municipios de Metztitl\u00e1n, Molango y Zacualtip\u00e1n. El objetivo de esta medida&hellip; <a class=\"more-link\" href=\"https:\/\/www.zunoticia.com\/noticias-de-hidalgo\/2023\/08\/05\/inician-actividades-de-lazo-rosa\/\">Seguir leyendo <span class=\"screen-reader-text\">Inician actividades de Lazo Rosa<\/span><\/a><\/p>\n","protected":false},"author":20,"featured_media":497243,"comment_status":"closed","ping_status":"open","sticky":false,"template":"","format":"standard","meta":{"rop_custom_images_group":[],"rop_custom_messages_group":[],"rop_publish_now":"initial","rop_publish_now_accounts":{"facebook_10159540855086992_322828327761733":""},"rop_publish_now_history":[],"rop_publish_now_status":"pending","footnotes":""},"categories":[208],"tags":[214],"class_list":["post-497242","post","type-post","status-publish","format-standard","has-post-thumbnail","hentry","category-estado","tag-estado","entry"],"_links":{"self":[{"href":"https:\/\/www.zunoticia.com\/noticias-de-hidalgo\/wp-json\/wp\/v2\/posts\/497242","targetHints":{"allow":["GET"]}}],"collection":[{"href":"https:\/\/www.zunoticia.com\/noticias-de-hidalgo\/wp-json\/wp\/v2\/posts"}],"about":[{"href":"https:\/\/www.zunoticia.com\/noticias-de-hidalgo\/wp-json\/wp\/v2\/types\/post"}],"author":[{"embeddable":true,"href":"https:\/\/www.zunoticia.com\/noticias-de-hidalgo\/wp-json\/wp\/v2\/users\/20"}],"replies":[{"embeddable":true,"href":"https:\/\/www.zunoticia.com\/noticias-de-hidalgo\/wp-json\/wp\/v2\/comments?post=497242"}],"version-history":[{"count":1,"href":"https:\/\/www.zunoticia.com\/noticias-de-hidalgo\/wp-json\/wp\/v2\/posts\/497242\/revisions"}],"predecessor-version":[{"id":497245,"href":"https:\/\/www.zunoticia.com\/noticias-de-hidalgo\/wp-json\/wp\/v2\/posts\/497242\/revisions\/497245"}],"wp:featuredmedia":[{"embeddable":true,"href":"https:\/\/www.zunoticia.com\/noticias-de-hidalgo\/wp-json\/wp\/v2\/media\/497243"}],"wp:attachment":[{"href":"https:\/\/www.zunoticia.com\/noticias-de-hidalgo\/wp-json\/wp\/v2\/media?parent=497242"}],"wp:term":[{"taxonomy":"category","embeddable":true,"href":"https:\/\/www.zunoticia.com\/noticias-de-hidalgo\/wp-json\/wp\/v2\/categories?post=497242"},{"taxonomy":"post_tag","embeddable":true,"href":"https:\/\/www.zunoticia.com\/noticias-de-hidalgo\/wp-json\/wp\/v2\/tags?post=497242"}],"curies":[{"name":"wp","href":"https:\/\/api.w.org\/{rel}","templated":true}]}}