{"id":497257,"date":"2023-08-05T18:04:54","date_gmt":"2023-08-06T00:04:54","guid":{"rendered":"https:\/\/www.zunoticia.com\/noticias-de-hidalgo\/?p=497257"},"modified":"2023-08-05T18:04:55","modified_gmt":"2023-08-06T00:04:55","slug":"exito-en-primera-semana-de-cursos-de-verano","status":"publish","type":"post","link":"https:\/\/www.zunoticia.com\/noticias-de-hidalgo\/2023\/08\/05\/exito-en-primera-semana-de-cursos-de-verano\/","title":{"rendered":"\u00c9xito en primera semana de cursos de verano"},"content":{"rendered":"<aside class=\"mashsb-container mashsb-main mashsb-stretched\"><div class=\"mashsb-box\"><div class=\"mashsb-count mash-large\" style=\"float:left\"><div class=\"counts mashsbcount\">12<\/div><span class=\"mashsb-sharetext\">SHARES<\/span><\/div><div class=\"mashsb-buttons\"><a class=\"mashicon-facebook mash-large mash-center mashsb-noshadow\" href=\"https:\/\/www.facebook.com\/sharer.php?u=https%3A%2F%2Fwww.zunoticia.com%2Fnoticias-de-hidalgo%2F2023%2F08%2F05%2Fexito-en-primera-semana-de-cursos-de-verano%2F\" target=\"_top\" rel=\"nofollow\"><span class=\"icon\"><\/span><span class=\"text\">Share<\/span><\/a><a class=\"mashicon-twitter mash-large mash-center mashsb-noshadow\" href=\"https:\/\/twitter.com\/intent\/tweet?text=&amp;url=https:\/\/www.zunoticia.com\/noticias-de-hidalgo\/2023\/08\/05\/exito-en-primera-semana-de-cursos-de-verano\/\" target=\"_top\" rel=\"nofollow\"><span class=\"icon\"><\/span><span class=\"text\">Tweet<\/span><\/a><div class=\"onoffswitch2 mash-large mashsb-noshadow\" style=\"display:none\"><\/div><\/div>\n            <\/div>\n                <div style=\"clear:both\"><\/div><div class=\"mashsb-toggle-container\"><\/div><\/aside>\n            <!-- Share buttons by mashshare.net - Version: 4.0.47-->\n<p><em>Por \u00c1ngel Silverio\/ Zunoticia<\/em><\/p>\n\n\n\n<p><strong>San Felipe Orizatl\u00e1n, Hgo<\/strong>.- Una excelente respuesta fue la que se obtuvo en la primera semana de los cursos de verano, implementados por diferentes \u00e1reas del ayuntamiento, a fin de que los infantes tengan un momento de esparcimiento y aprendizaje.<\/p>\n\n\n\n<p>Nevenka Camargo, titular de Cultura y Educaci\u00f3n, indic\u00f3, -&#8220;Hemos terminado la primera semana del curso, Un Verano Divertido, donde las ni\u00f1as, ni\u00f1os y adolescentes han tenido actividades recreativas como la elaboraci\u00f3n de un papalote y CINEMA PAMAR, donde reflexionaron y analizaron la pel\u00edcula Extraordinario&#8221;.<\/p>\n\n\n\n<p>Explic\u00f3, -&#8220;Platicamos acerca de la promoci\u00f3n de desarrollo de habilidades para la vida, valores \u00e9ticos: empat\u00eda, inclusi\u00f3n, amistad, perseverancia, autoestima y Motivaci\u00f3n&#8221;.<\/p>\n\n\n\n<p>Finalmente, agradeci\u00f3 a todos los padres de familia por la confianza depositada para que se lleven a cabo estos cursos, -&#8220;Nos vemos la siguiente semana para seguir aprendiendo y disfrutando de un verano divertido&#8221; concluy\u00f3.<\/p>\n\n\n\n<figure class=\"wp-block-image size-full\"><img fetchpriority=\"high\" decoding=\"async\" width=\"940\" height=\"788\" src=\"https:\/\/www.zunoticia.com\/noticias-de-hidalgo\/wp-content\/uploads\/2023\/08\/Diseno-sin-titulo-1-59.png\" alt=\"\" class=\"wp-image-497259\" srcset=\"https:\/\/www.zunoticia.com\/noticias-de-hidalgo\/wp-content\/uploads\/2023\/08\/Diseno-sin-titulo-1-59.png 940w, https:\/\/www.zunoticia.com\/noticias-de-hidalgo\/wp-content\/uploads\/2023\/08\/Diseno-sin-titulo-1-59-300x251.png 300w, https:\/\/www.zunoticia.com\/noticias-de-hidalgo\/wp-content\/uploads\/2023\/08\/Diseno-sin-titulo-1-59-768x644.png 768w\" sizes=\"(max-width: 940px) 100vw, 940px\" \/><\/figure>\n","protected":false},"excerpt":{"rendered":"<p>Por \u00c1ngel Silverio\/ Zunoticia San Felipe Orizatl\u00e1n, Hgo.- Una excelente respuesta fue la que se obtuvo en la primera semana de los cursos de verano, implementados por diferentes \u00e1reas del ayuntamiento, a fin de que los infantes tengan un momento de esparcimiento y aprendizaje. Nevenka Camargo, titular de Cultura y Educaci\u00f3n, indic\u00f3, -&#8220;Hemos terminado la&hellip; <a class=\"more-link\" href=\"https:\/\/www.zunoticia.com\/noticias-de-hidalgo\/2023\/08\/05\/exito-en-primera-semana-de-cursos-de-verano\/\">Seguir leyendo <span class=\"screen-reader-text\">\u00c9xito en primera semana de cursos de verano<\/span><\/a><\/p>\n","protected":false},"author":20,"featured_media":497258,"comment_status":"closed","ping_status":"open","sticky":false,"template":"","format":"standard","meta":{"rop_custom_images_group":[],"rop_custom_messages_group":[],"rop_publish_now":"initial","rop_publish_now_accounts":{"facebook_10159540855086992_322828327761733":""},"rop_publish_now_history":[],"rop_publish_now_status":"pending","footnotes":""},"categories":[180],"tags":[129],"class_list":["post-497257","post","type-post","status-publish","format-standard","has-post-thumbnail","hentry","category-orizatlan","tag-orizatlan","entry"],"_links":{"self":[{"href":"https:\/\/www.zunoticia.com\/noticias-de-hidalgo\/wp-json\/wp\/v2\/posts\/497257","targetHints":{"allow":["GET"]}}],"collection":[{"href":"https:\/\/www.zunoticia.com\/noticias-de-hidalgo\/wp-json\/wp\/v2\/posts"}],"about":[{"href":"https:\/\/www.zunoticia.com\/noticias-de-hidalgo\/wp-json\/wp\/v2\/types\/post"}],"author":[{"embeddable":true,"href":"https:\/\/www.zunoticia.com\/noticias-de-hidalgo\/wp-json\/wp\/v2\/users\/20"}],"replies":[{"embeddable":true,"href":"https:\/\/www.zunoticia.com\/noticias-de-hidalgo\/wp-json\/wp\/v2\/comments?post=497257"}],"version-history":[{"count":1,"href":"https:\/\/www.zunoticia.com\/noticias-de-hidalgo\/wp-json\/wp\/v2\/posts\/497257\/revisions"}],"predecessor-version":[{"id":497260,"href":"https:\/\/www.zunoticia.com\/noticias-de-hidalgo\/wp-json\/wp\/v2\/posts\/497257\/revisions\/497260"}],"wp:featuredmedia":[{"embeddable":true,"href":"https:\/\/www.zunoticia.com\/noticias-de-hidalgo\/wp-json\/wp\/v2\/media\/497258"}],"wp:attachment":[{"href":"https:\/\/www.zunoticia.com\/noticias-de-hidalgo\/wp-json\/wp\/v2\/media?parent=497257"}],"wp:term":[{"taxonomy":"category","embeddable":true,"href":"https:\/\/www.zunoticia.com\/noticias-de-hidalgo\/wp-json\/wp\/v2\/categories?post=497257"},{"taxonomy":"post_tag","embeddable":true,"href":"https:\/\/www.zunoticia.com\/noticias-de-hidalgo\/wp-json\/wp\/v2\/tags?post=497257"}],"curies":[{"name":"wp","href":"https:\/\/api.w.org\/{rel}","templated":true}]}}