{"id":497281,"date":"2023-08-05T18:55:35","date_gmt":"2023-08-06T00:55:35","guid":{"rendered":"https:\/\/www.zunoticia.com\/noticias-de-hidalgo\/?p=497281"},"modified":"2023-08-05T18:55:36","modified_gmt":"2023-08-06T00:55:36","slug":"comercio-respalda-a-su-lider-para-gestion-del-mercado","status":"publish","type":"post","link":"https:\/\/www.zunoticia.com\/noticias-de-hidalgo\/2023\/08\/05\/comercio-respalda-a-su-lider-para-gestion-del-mercado\/","title":{"rendered":"Comercio respalda a su l\u00edder para gesti\u00f3n del mercado"},"content":{"rendered":"<aside class=\"mashsb-container mashsb-main mashsb-stretched\"><div class=\"mashsb-box\"><div class=\"mashsb-count mash-large\" style=\"float:left\"><div class=\"counts mashsbcount\">40<\/div><span class=\"mashsb-sharetext\">SHARES<\/span><\/div><div class=\"mashsb-buttons\"><a class=\"mashicon-facebook mash-large mash-center mashsb-noshadow\" href=\"https:\/\/www.facebook.com\/sharer.php?u=https%3A%2F%2Fwww.zunoticia.com%2Fnoticias-de-hidalgo%2F2023%2F08%2F05%2Fcomercio-respalda-a-su-lider-para-gestion-del-mercado%2F\" target=\"_top\" rel=\"nofollow\"><span class=\"icon\"><\/span><span class=\"text\">Share<\/span><\/a><a class=\"mashicon-twitter mash-large mash-center mashsb-noshadow\" href=\"https:\/\/twitter.com\/intent\/tweet?text=&amp;url=https:\/\/www.zunoticia.com\/noticias-de-hidalgo\/2023\/08\/05\/comercio-respalda-a-su-lider-para-gestion-del-mercado\/\" target=\"_top\" rel=\"nofollow\"><span class=\"icon\"><\/span><span class=\"text\">Tweet<\/span><\/a><div class=\"onoffswitch2 mash-large mashsb-noshadow\" style=\"display:none\"><\/div><\/div>\n            <\/div>\n                <div style=\"clear:both\"><\/div><div class=\"mashsb-toggle-container\"><\/div><\/aside>\n            <!-- Share buttons by mashshare.net - Version: 4.0.47-->\n<p><em>Por \u00c1ngel Silverio\/ Zunoticia<\/em><\/p>\n\n\n\n<p><strong>Jaltoc\u00e1n, Hgo<\/strong>.- Comerciantes de las comunidades, dieron a conocer que apoyan las gestiones del l\u00edder que los representa, para que se pueda concretar el mercado municipal que tanto se requiere y que ha sido una promesa de muchos gobiernos, sin embargo, hasta el momento no hay avance.<\/p>\n\n\n\n<p>Guillermo Hern\u00e1ndez, comerciante dedicado a la venta de carne, se\u00f1al\u00f3 que al igual que sus dem\u00e1s compa\u00f1eros estar\u00e1n apoyando las gestiones que su l\u00edder, Lucio Romero Hern\u00e1ndez, realice por el bien de todo el gremio, pues se sabe que se busca que todos se vean beneficiados.<\/p>\n\n\n\n<p>&#8220;Hay mucho que hacer, pero sin duda hoy vemos que hay m\u00e1s posibilidades, hay gesti\u00f3n de nuestro l\u00edder, hay gente interesada en que este proyecto del mercado municipal se vea realizado; nosotros vamos a entrarle hasta donde podamos para que sea una realidad, porque es algo que beneficiar\u00e1 a los ciudadanos y a nosotros&#8221; indic\u00f3.<\/p>\n\n\n\n<p>Cabe hacer menci\u00f3n que, hace unos d\u00edas, el representante del comercio, indic\u00f3 que se tiene tambi\u00e9n un buen avance en la conformaci\u00f3n de la uni\u00f3n de comerciantes, lo cual ser\u00e1 positivo para continuar con la gesti\u00f3n del mercado.<\/p>\n","protected":false},"excerpt":{"rendered":"<p>Por \u00c1ngel Silverio\/ Zunoticia Jaltoc\u00e1n, Hgo.- Comerciantes de las comunidades, dieron a conocer que apoyan las gestiones del l\u00edder que los representa, para que se pueda concretar el mercado municipal que tanto se requiere y que ha sido una promesa de muchos gobiernos, sin embargo, hasta el momento no hay avance. Guillermo Hern\u00e1ndez, comerciante dedicado&hellip; <a class=\"more-link\" href=\"https:\/\/www.zunoticia.com\/noticias-de-hidalgo\/2023\/08\/05\/comercio-respalda-a-su-lider-para-gestion-del-mercado\/\">Seguir leyendo <span class=\"screen-reader-text\">Comercio respalda a su l\u00edder para gesti\u00f3n del mercado<\/span><\/a><\/p>\n","protected":false},"author":20,"featured_media":497282,"comment_status":"closed","ping_status":"open","sticky":false,"template":"","format":"standard","meta":{"rop_custom_images_group":[],"rop_custom_messages_group":[],"rop_publish_now":"initial","rop_publish_now_accounts":{"facebook_10159540855086992_322828327761733":""},"rop_publish_now_history":[],"rop_publish_now_status":"pending","footnotes":""},"categories":[200],"tags":[131],"class_list":["post-497281","post","type-post","status-publish","format-standard","has-post-thumbnail","hentry","category-jaltocan","tag-jaltocan","entry"],"_links":{"self":[{"href":"https:\/\/www.zunoticia.com\/noticias-de-hidalgo\/wp-json\/wp\/v2\/posts\/497281","targetHints":{"allow":["GET"]}}],"collection":[{"href":"https:\/\/www.zunoticia.com\/noticias-de-hidalgo\/wp-json\/wp\/v2\/posts"}],"about":[{"href":"https:\/\/www.zunoticia.com\/noticias-de-hidalgo\/wp-json\/wp\/v2\/types\/post"}],"author":[{"embeddable":true,"href":"https:\/\/www.zunoticia.com\/noticias-de-hidalgo\/wp-json\/wp\/v2\/users\/20"}],"replies":[{"embeddable":true,"href":"https:\/\/www.zunoticia.com\/noticias-de-hidalgo\/wp-json\/wp\/v2\/comments?post=497281"}],"version-history":[{"count":1,"href":"https:\/\/www.zunoticia.com\/noticias-de-hidalgo\/wp-json\/wp\/v2\/posts\/497281\/revisions"}],"predecessor-version":[{"id":497283,"href":"https:\/\/www.zunoticia.com\/noticias-de-hidalgo\/wp-json\/wp\/v2\/posts\/497281\/revisions\/497283"}],"wp:featuredmedia":[{"embeddable":true,"href":"https:\/\/www.zunoticia.com\/noticias-de-hidalgo\/wp-json\/wp\/v2\/media\/497282"}],"wp:attachment":[{"href":"https:\/\/www.zunoticia.com\/noticias-de-hidalgo\/wp-json\/wp\/v2\/media?parent=497281"}],"wp:term":[{"taxonomy":"category","embeddable":true,"href":"https:\/\/www.zunoticia.com\/noticias-de-hidalgo\/wp-json\/wp\/v2\/categories?post=497281"},{"taxonomy":"post_tag","embeddable":true,"href":"https:\/\/www.zunoticia.com\/noticias-de-hidalgo\/wp-json\/wp\/v2\/tags?post=497281"}],"curies":[{"name":"wp","href":"https:\/\/api.w.org\/{rel}","templated":true}]}}