{"id":497319,"date":"2023-08-06T00:18:42","date_gmt":"2023-08-06T06:18:42","guid":{"rendered":"https:\/\/www.zunoticia.com\/noticias-de-hidalgo\/?p=497319"},"modified":"2023-08-06T00:18:44","modified_gmt":"2023-08-06T06:18:44","slug":"espejeando-por-perseo-721","status":"publish","type":"post","link":"https:\/\/www.zunoticia.com\/noticias-de-hidalgo\/2023\/08\/06\/espejeando-por-perseo-721\/","title":{"rendered":"Espejeando Por Perseo"},"content":{"rendered":"<aside class=\"mashsb-container mashsb-main mashsb-stretched\"><div class=\"mashsb-box\"><div class=\"mashsb-count mash-large\" style=\"float:left\"><div class=\"counts mashsbcount\">32<\/div><span class=\"mashsb-sharetext\">SHARES<\/span><\/div><div class=\"mashsb-buttons\"><a class=\"mashicon-facebook mash-large mash-center mashsb-noshadow\" href=\"https:\/\/www.facebook.com\/sharer.php?u=https%3A%2F%2Fwww.zunoticia.com%2Fnoticias-de-hidalgo%2F2023%2F08%2F06%2Fespejeando-por-perseo-721%2F\" target=\"_top\" rel=\"nofollow\"><span class=\"icon\"><\/span><span class=\"text\">Share<\/span><\/a><a class=\"mashicon-twitter mash-large mash-center mashsb-noshadow\" href=\"https:\/\/twitter.com\/intent\/tweet?text=&amp;url=https:\/\/www.zunoticia.com\/noticias-de-hidalgo\/2023\/08\/06\/espejeando-por-perseo-721\/\" target=\"_top\" rel=\"nofollow\"><span class=\"icon\"><\/span><span class=\"text\">Tweet<\/span><\/a><div class=\"onoffswitch2 mash-large mashsb-noshadow\" style=\"display:none\"><\/div><\/div>\n            <\/div>\n                <div style=\"clear:both\"><\/div><div class=\"mashsb-toggle-container\"><\/div><\/aside>\n            <!-- Share buttons by mashshare.net - Version: 4.0.47-->\n<p>\u2022 VIENE EL GOBERNADOR Julio Menchaca Salazar el pr\u00f3ximo mi\u00e9rcoles 9 de agosto D\u00eda Internacional de los Pueblos Ind\u00edgenas; siempre su visita trae noticias importantes, ojal\u00e1 que se entienda, que la Huasteca y Sierra, como el Valle del Mezquital y la Otom\u00ed Tepehua, que mostraron en campa\u00f1a un gran respaldo para el nuevo momento del Estado de Hidalgo.<\/p>\n\n\n\n<p>\u2022 Sea a cualquier lugar donde asista el Gobernador en el estado, en el que los pueblos ind\u00edgenas est\u00e9n presentes, ojal\u00e1 que se entienda la necesidad de convivencia, de acercamiento y entender una cosmovisi\u00f3n \u00fanica del pueblo que reclama atenci\u00f3n cercana, escuchar al consejo de ancianos que para los pueblos &#8220;los pasados&#8221; son los hombres del conocimiento, de la experiencia, y las mujeres l\u00edderes de la vida que de entrada son la \u00fanicas necesarias para hacer y recibir la vida, a trav\u00e9s de la misma naturaleza de la mujer.<\/p>\n\n\n\n<p>\u2022 El gobernador Julio Menchaca Salazar hoy como el presidente de M\u00e9xico Andr\u00e9s Manuel L\u00f3pez Obrador, su tiempo con los pueblos originarios es emblem\u00e1tico, necesario, que no regresen los tiempos en el que los pueblos ind\u00edgenas eran un protocolo.<\/p>\n\n\n\n<p>\u2022 POR QU\u00c9 ACTUAR equivocado cuando tienes una visita nacional en el municipio, sobre todo cuando el control solo es la necesidad de los delegados que reciben apoyo dirigido, pero la coraza en el municipio es m\u00e1s grande que lo de un instituto pol\u00edtico.<\/p>\n\n\n\n<p>\u2022 Pero el pueblo va minando poco a poco y la dinamita tarde que temprano har\u00e1 una explosi\u00f3n que dejara expuesto a m\u00e1s de uno.<\/p>\n\n\n\n<p>\u2022 Al pueblo lo podr\u00e1n contener algunas veces, no siempre, y mire, llam\u00f3 la atenci\u00f3n la visita de Ren\u00e9 Bejarano del Movimiento de la Esperanza y Buen Porvenir, quien se fue a la terracer\u00eda a cumplir con asambleas Comunitarias y en Huazalingo lo recibieron en Ahuatitla, una muestra de c\u00f3mo viven en condiciones dif\u00edciles los ciudadanos, ah\u00ed se comprometi\u00f3 con dos temas: La carretera que requieren para comunicar al pueblo y el respaldo al proyecto de salud Comunitario que la licenciada en medicina Yesenia Mart\u00ednez Ortiz tiene encaminado con minidispensarios en localidades de Huazalingo, la promesa es proveer de medicamentos, aparatos necesarios para atender los cuadros b\u00e1sicos de salud en las comunidades, anaqueles, mesas de exploraci\u00f3n, entre otros beneficios.<\/p>\n\n\n\n<p>\u2022 Por fin fue vista esta mujer profesionista que ha caminado las comunidades, lo ha intentado todo y mire ya es una mujer muy comprometida con tareas del Movimiento de la Esperanza y Buen Porvenir, pues fue notorio que Ren\u00e9 Bejarano trae una afinidad con el pueblo.<\/p>\n\n\n\n<p>\u2022 \u00bfSer\u00e1 que Ren\u00e9 Bejarano son o\u00eddos y ojos del presidente de M\u00e9xico? Que anda pisando los terrenos de gesti\u00f3n en el pa\u00eds y precisamente en sectores vulnerables, y a \u00e9stas altura a\u00fan hay quien lejos de recibirlo genera obst\u00e1culos.<\/p>\n\n\n\n<p>\u2022 En la comunidad de Olontla, Tlanchinol, se comprometi\u00f3 a la gesti\u00f3n de un tramo que conecta con Tlamamala Huazalingo y ah\u00ed Luciano Hern\u00e1ndez Garc\u00eda, quien es aspirante a Coordinar los trabajos de la Cuarta Transformaci\u00f3n, trae una intensa labor, sobre todo conciliatoria con los pueblos; la semana pasada llegaron a presidencia un grupo de hombres y lograron una importante obra para los sectores comunitarios.<\/p>\n\n\n\n<p>\u2022 Su figura est\u00e1 vista en las comunidades, es el terreno que pisa y su gesti\u00f3n ha sido permanente, su recorrido ha sido muy callado pero muy cercano a las bases sociales y sus necesidades.<\/p>\n\n\n\n<p>\u2022 En Tlanchinol, otro proyecto ciudadano es sin duda Juan Oliver Regino, con una trayectoria en Acci\u00f3n Nacional que est\u00e1 buscando definir una nueva ruta para regresar, pero saben que cada elecci\u00f3n les pesa mucho y ser\u00e1 la capacidad que tengan para generar acuerdos, sino la figura de Juan Oliver ya va permeando fuerte en posicionamiento personal y ser\u00e1 uno de los hombres que podr\u00e1n ser clave en el momento que vive Tlanchinol.<\/p>\n","protected":false},"excerpt":{"rendered":"<p>\u2022 VIENE EL GOBERNADOR Julio Menchaca Salazar el pr\u00f3ximo mi\u00e9rcoles 9 de agosto D\u00eda Internacional de los Pueblos Ind\u00edgenas; siempre su visita trae noticias importantes, ojal\u00e1 que se entienda, que la Huasteca y Sierra, como el Valle del Mezquital y la Otom\u00ed Tepehua, que mostraron en campa\u00f1a un gran respaldo para el nuevo momento del&hellip; <a class=\"more-link\" href=\"https:\/\/www.zunoticia.com\/noticias-de-hidalgo\/2023\/08\/06\/espejeando-por-perseo-721\/\">Seguir leyendo <span class=\"screen-reader-text\">Espejeando Por Perseo<\/span><\/a><\/p>\n","protected":false},"author":13,"featured_media":497320,"comment_status":"closed","ping_status":"open","sticky":false,"template":"","format":"standard","meta":{"rop_custom_images_group":[],"rop_custom_messages_group":[],"rop_publish_now":"initial","rop_publish_now_accounts":{"facebook_10159540855086992_322828327761733":""},"rop_publish_now_history":[],"rop_publish_now_status":"pending","footnotes":""},"categories":[176],"tags":[205],"class_list":["post-497319","post","type-post","status-publish","format-standard","has-post-thumbnail","hentry","category-espejeando","tag-espejeando","entry"],"_links":{"self":[{"href":"https:\/\/www.zunoticia.com\/noticias-de-hidalgo\/wp-json\/wp\/v2\/posts\/497319","targetHints":{"allow":["GET"]}}],"collection":[{"href":"https:\/\/www.zunoticia.com\/noticias-de-hidalgo\/wp-json\/wp\/v2\/posts"}],"about":[{"href":"https:\/\/www.zunoticia.com\/noticias-de-hidalgo\/wp-json\/wp\/v2\/types\/post"}],"author":[{"embeddable":true,"href":"https:\/\/www.zunoticia.com\/noticias-de-hidalgo\/wp-json\/wp\/v2\/users\/13"}],"replies":[{"embeddable":true,"href":"https:\/\/www.zunoticia.com\/noticias-de-hidalgo\/wp-json\/wp\/v2\/comments?post=497319"}],"version-history":[{"count":1,"href":"https:\/\/www.zunoticia.com\/noticias-de-hidalgo\/wp-json\/wp\/v2\/posts\/497319\/revisions"}],"predecessor-version":[{"id":497321,"href":"https:\/\/www.zunoticia.com\/noticias-de-hidalgo\/wp-json\/wp\/v2\/posts\/497319\/revisions\/497321"}],"wp:featuredmedia":[{"embeddable":true,"href":"https:\/\/www.zunoticia.com\/noticias-de-hidalgo\/wp-json\/wp\/v2\/media\/497320"}],"wp:attachment":[{"href":"https:\/\/www.zunoticia.com\/noticias-de-hidalgo\/wp-json\/wp\/v2\/media?parent=497319"}],"wp:term":[{"taxonomy":"category","embeddable":true,"href":"https:\/\/www.zunoticia.com\/noticias-de-hidalgo\/wp-json\/wp\/v2\/categories?post=497319"},{"taxonomy":"post_tag","embeddable":true,"href":"https:\/\/www.zunoticia.com\/noticias-de-hidalgo\/wp-json\/wp\/v2\/tags?post=497319"}],"curies":[{"name":"wp","href":"https:\/\/api.w.org\/{rel}","templated":true}]}}