{"id":497323,"date":"2023-08-06T14:27:00","date_gmt":"2023-08-06T20:27:00","guid":{"rendered":"https:\/\/www.zunoticia.com\/noticias-de-hidalgo\/?p=497323"},"modified":"2023-08-06T14:27:01","modified_gmt":"2023-08-06T20:27:01","slug":"asesinado-a-machetazos","status":"publish","type":"post","link":"https:\/\/www.zunoticia.com\/noticias-de-hidalgo\/2023\/08\/06\/asesinado-a-machetazos\/","title":{"rendered":"Asesinado a machetazos"},"content":{"rendered":"<aside class=\"mashsb-container mashsb-main mashsb-stretched\"><div class=\"mashsb-box\"><div class=\"mashsb-count mash-large\" style=\"float:left\"><div class=\"counts mashsbcount\">60<\/div><span class=\"mashsb-sharetext\">SHARES<\/span><\/div><div class=\"mashsb-buttons\"><a class=\"mashicon-facebook mash-large mash-center mashsb-noshadow\" href=\"https:\/\/www.facebook.com\/sharer.php?u=https%3A%2F%2Fwww.zunoticia.com%2Fnoticias-de-hidalgo%2F2023%2F08%2F06%2Fasesinado-a-machetazos%2F\" target=\"_top\" rel=\"nofollow\"><span class=\"icon\"><\/span><span class=\"text\">Share<\/span><\/a><a class=\"mashicon-twitter mash-large mash-center mashsb-noshadow\" href=\"https:\/\/twitter.com\/intent\/tweet?text=&amp;url=https:\/\/www.zunoticia.com\/noticias-de-hidalgo\/2023\/08\/06\/asesinado-a-machetazos\/\" target=\"_top\" rel=\"nofollow\"><span class=\"icon\"><\/span><span class=\"text\">Tweet<\/span><\/a><div class=\"onoffswitch2 mash-large mashsb-noshadow\" style=\"display:none\"><\/div><\/div>\n            <\/div>\n                <div style=\"clear:both\"><\/div><div class=\"mashsb-toggle-container\"><\/div><\/aside>\n            <!-- Share buttons by mashshare.net - Version: 4.0.47-->\n<ul class=\"wp-block-list\">\n<li>una persona est\u00e1 grave en el hospital<\/li>\n<\/ul>\n\n\n\n<p><em>Por Roberto Meza\/Zunoticia<\/em><\/p>\n\n\n\n<p><strong>Yahualica, Hgo.-<\/strong> Una ri\u00f1a a machetazos que se registr\u00f3 la tarde-noche del pasado s\u00e1bado, en la comunidad de Aguacatitla de este municipio, dej\u00f3 como saldo una persona muerta, mientras que uno se debate entre la vida y la muerte en el hospital, de los hechos tomaron conocimiento Polic\u00edas Municipales y Protecci\u00f3n Civil, los uniformados acordonaron el sitio del hecho.<\/p>\n\n\n\n<p>Fuentes polic\u00edacas informaron que el hecho ocurri\u00f3 en zona c\u00e9ntrica de esa localidad, en donde presuntamente los tres involucrados en esta ri\u00f1a hab\u00edan salido a trabajar al campo y al llegar a esa comunidad se enfrentaron a los golpes, luego de una acalorada discusi\u00f3n.<\/p>\n\n\n\n<p>En el hecho un masculino de nombre A. E. H. H. machete\u00f3 a dos hermanos de los hombres R.H.A. y M.H.A., como consecuencia este \u00faltimo muri\u00f3 por las series lesiones que le ocasionaron en su cuerpo, mientras que el otro qued\u00f3 muy mal herido y fue traslado a bordo de la ambulancia del ayuntamiento al Hospital Regional para que recibiera atenci\u00f3n m\u00e9dica.<\/p>\n\n\n\n<p>El presunto responsable de estos hechos corri\u00f3 hacia su casa, pero m\u00e1s tarde se entreg\u00f3 a la Polic\u00eda Municipal, siendo detenido y puesto a disposici\u00f3n de las autoridades del Ministerio P\u00fablico del fuero com\u00fan; y mientras se resuelve su situaci\u00f3n jur\u00eddica est\u00e1 encerrado en las celdas preventivas de la Secretar\u00eda de Seguridad P\u00fablica, de donde, en cualquier momento puede ser llevado al CERESO Regional de la Lima, Jaltoc\u00e1n por haber dado muerte a un masculino y lesionado gravemente a otro.<\/p>\n\n\n\n<p>Al lugar del crimen acudieron polic\u00edas de investigaci\u00f3n del grupo Huejutla y peritos de la PGJEH para dar fe de los hechos, ordenar el levantamiento del cad\u00e1ver y trasladarlo al Servicio M\u00e9dico Forense.<\/p>\n","protected":false},"excerpt":{"rendered":"<p>Por Roberto Meza\/Zunoticia Yahualica, Hgo.- Una ri\u00f1a a machetazos que se registr\u00f3 la tarde-noche del pasado s\u00e1bado, en la comunidad de Aguacatitla de este municipio, dej\u00f3 como saldo una persona muerta, mientras que uno se debate entre la vida y la muerte en el hospital, de los hechos tomaron conocimiento Polic\u00edas Municipales y Protecci\u00f3n Civil,&hellip; <a class=\"more-link\" href=\"https:\/\/www.zunoticia.com\/noticias-de-hidalgo\/2023\/08\/06\/asesinado-a-machetazos\/\">Seguir leyendo <span class=\"screen-reader-text\">Asesinado a machetazos<\/span><\/a><\/p>\n","protected":false},"author":12,"featured_media":497330,"comment_status":"closed","ping_status":"open","sticky":false,"template":"","format":"standard","meta":{"rop_custom_images_group":[],"rop_custom_messages_group":[],"rop_publish_now":"initial","rop_publish_now_accounts":{"facebook_10159540855086992_322828327761733":""},"rop_publish_now_history":[],"rop_publish_now_status":"pending","footnotes":""},"categories":[178],"tags":[259],"class_list":["post-497323","post","type-post","status-publish","format-standard","has-post-thumbnail","hentry","category-policiaca","tag-policiaca","entry"],"_links":{"self":[{"href":"https:\/\/www.zunoticia.com\/noticias-de-hidalgo\/wp-json\/wp\/v2\/posts\/497323","targetHints":{"allow":["GET"]}}],"collection":[{"href":"https:\/\/www.zunoticia.com\/noticias-de-hidalgo\/wp-json\/wp\/v2\/posts"}],"about":[{"href":"https:\/\/www.zunoticia.com\/noticias-de-hidalgo\/wp-json\/wp\/v2\/types\/post"}],"author":[{"embeddable":true,"href":"https:\/\/www.zunoticia.com\/noticias-de-hidalgo\/wp-json\/wp\/v2\/users\/12"}],"replies":[{"embeddable":true,"href":"https:\/\/www.zunoticia.com\/noticias-de-hidalgo\/wp-json\/wp\/v2\/comments?post=497323"}],"version-history":[{"count":1,"href":"https:\/\/www.zunoticia.com\/noticias-de-hidalgo\/wp-json\/wp\/v2\/posts\/497323\/revisions"}],"predecessor-version":[{"id":497332,"href":"https:\/\/www.zunoticia.com\/noticias-de-hidalgo\/wp-json\/wp\/v2\/posts\/497323\/revisions\/497332"}],"wp:featuredmedia":[{"embeddable":true,"href":"https:\/\/www.zunoticia.com\/noticias-de-hidalgo\/wp-json\/wp\/v2\/media\/497330"}],"wp:attachment":[{"href":"https:\/\/www.zunoticia.com\/noticias-de-hidalgo\/wp-json\/wp\/v2\/media?parent=497323"}],"wp:term":[{"taxonomy":"category","embeddable":true,"href":"https:\/\/www.zunoticia.com\/noticias-de-hidalgo\/wp-json\/wp\/v2\/categories?post=497323"},{"taxonomy":"post_tag","embeddable":true,"href":"https:\/\/www.zunoticia.com\/noticias-de-hidalgo\/wp-json\/wp\/v2\/tags?post=497323"}],"curies":[{"name":"wp","href":"https:\/\/api.w.org\/{rel}","templated":true}]}}