{"id":497333,"date":"2023-08-06T14:31:54","date_gmt":"2023-08-06T20:31:54","guid":{"rendered":"https:\/\/www.zunoticia.com\/noticias-de-hidalgo\/?p=497333"},"modified":"2023-08-06T14:31:56","modified_gmt":"2023-08-06T20:31:56","slug":"en-accidente-se-partio-la-cabeza-motociclista","status":"publish","type":"post","link":"https:\/\/www.zunoticia.com\/noticias-de-hidalgo\/2023\/08\/06\/en-accidente-se-partio-la-cabeza-motociclista\/","title":{"rendered":"En accidente, se parti\u00f3 la cabeza motociclista"},"content":{"rendered":"<aside class=\"mashsb-container mashsb-main mashsb-stretched\"><div class=\"mashsb-box\"><div class=\"mashsb-count mash-large\" style=\"float:left\"><div class=\"counts mashsbcount\">73<\/div><span class=\"mashsb-sharetext\">SHARES<\/span><\/div><div class=\"mashsb-buttons\"><a class=\"mashicon-facebook mash-large mash-center mashsb-noshadow\" href=\"https:\/\/www.facebook.com\/sharer.php?u=https%3A%2F%2Fwww.zunoticia.com%2Fnoticias-de-hidalgo%2F2023%2F08%2F06%2Fen-accidente-se-partio-la-cabeza-motociclista%2F\" target=\"_top\" rel=\"nofollow\"><span class=\"icon\"><\/span><span class=\"text\">Share<\/span><\/a><a class=\"mashicon-twitter mash-large mash-center mashsb-noshadow\" href=\"https:\/\/twitter.com\/intent\/tweet?text=&amp;url=https:\/\/www.zunoticia.com\/noticias-de-hidalgo\/2023\/08\/06\/en-accidente-se-partio-la-cabeza-motociclista\/\" target=\"_top\" rel=\"nofollow\"><span class=\"icon\"><\/span><span class=\"text\">Tweet<\/span><\/a><div class=\"onoffswitch2 mash-large mashsb-noshadow\" style=\"display:none\"><\/div><\/div>\n            <\/div>\n                <div style=\"clear:both\"><\/div><div class=\"mashsb-toggle-container\"><\/div><\/aside>\n            <!-- Share buttons by mashshare.net - Version: 4.0.47-->\n<p><em>Por Roberto Meza\/Zunoticia<\/em><\/p>\n\n\n\n<p><strong>Huejutla, Hgo.-<\/strong> Un motociclista que presuntamente manejaba a exceso de velocidad, al pasar un tope sobre la v\u00eda federal M\u00e9xico \u2013 Tampico, a la altura de Coxhuaco 2, sufri\u00f3 fuerte ca\u00edda y producto de ella tuvo fractura craneal, los Bomberos y Cruz Roja se movilizaron hasta ese punto para encamillar la persona y trasladarla al Hospital Regional, aproximadamente a las 12:00 a.m. de este domingo.<\/p>\n\n\n\n<figure class=\"wp-block-image size-large\"><img fetchpriority=\"high\" decoding=\"async\" width=\"1024\" height=\"472\" src=\"https:\/\/www.zunoticia.com\/noticias-de-hidalgo\/wp-content\/uploads\/2023\/08\/Imagen-de-WhatsApp-2023-08-06-a-las-11.26.52-1024x472.jpg\" alt=\"\" class=\"wp-image-497329\" srcset=\"https:\/\/www.zunoticia.com\/noticias-de-hidalgo\/wp-content\/uploads\/2023\/08\/Imagen-de-WhatsApp-2023-08-06-a-las-11.26.52-1024x472.jpg 1024w, https:\/\/www.zunoticia.com\/noticias-de-hidalgo\/wp-content\/uploads\/2023\/08\/Imagen-de-WhatsApp-2023-08-06-a-las-11.26.52-300x138.jpg 300w, https:\/\/www.zunoticia.com\/noticias-de-hidalgo\/wp-content\/uploads\/2023\/08\/Imagen-de-WhatsApp-2023-08-06-a-las-11.26.52-768x354.jpg 768w, https:\/\/www.zunoticia.com\/noticias-de-hidalgo\/wp-content\/uploads\/2023\/08\/Imagen-de-WhatsApp-2023-08-06-a-las-11.26.52.jpg 1280w\" sizes=\"(max-width: 1024px) 100vw, 1024px\" \/><\/figure>\n\n\n\n<p>Se trata del O. N. V. de 32 a\u00f1os, m\u00fasico, ya que vest\u00eda de mariachi, quien transitaba en su Motoneta vento 150 roja con negro y al llegar al punto mencionado se cay\u00f3, teniendo traumatismo craneoencef\u00e1lico severo, trauma tor\u00e1cico, probable fractura de clav\u00edcula.<\/p>\n\n\n\n<p>Tras ser inmovilizado ingres\u00f3 a la ambulancia de Bomberos al Hospital Regional; polic\u00edas se dieron cita en el lugar y tras tomar las evidencias de este accidente y su reporte de protocolos la motoneta fue llevado al corral\u00f3n de la Agencia del Ministerio P\u00fablico.<\/p>\n","protected":false},"excerpt":{"rendered":"<p>Por Roberto Meza\/Zunoticia Huejutla, Hgo.- Un motociclista que presuntamente manejaba a exceso de velocidad, al pasar un tope sobre la v\u00eda federal M\u00e9xico \u2013 Tampico, a la altura de Coxhuaco 2, sufri\u00f3 fuerte ca\u00edda y producto de ella tuvo fractura craneal, los Bomberos y Cruz Roja se movilizaron hasta ese punto para encamillar la persona&hellip; <a class=\"more-link\" href=\"https:\/\/www.zunoticia.com\/noticias-de-hidalgo\/2023\/08\/06\/en-accidente-se-partio-la-cabeza-motociclista\/\">Seguir leyendo <span class=\"screen-reader-text\">En accidente, se parti\u00f3 la cabeza motociclista<\/span><\/a><\/p>\n","protected":false},"author":12,"featured_media":497328,"comment_status":"closed","ping_status":"open","sticky":false,"template":"","format":"standard","meta":{"rop_custom_images_group":[],"rop_custom_messages_group":[],"rop_publish_now":"initial","rop_publish_now_accounts":{"facebook_10159540855086992_322828327761733":""},"rop_publish_now_history":[],"rop_publish_now_status":"pending","footnotes":""},"categories":[178],"tags":[259],"class_list":["post-497333","post","type-post","status-publish","format-standard","has-post-thumbnail","hentry","category-policiaca","tag-policiaca","entry"],"_links":{"self":[{"href":"https:\/\/www.zunoticia.com\/noticias-de-hidalgo\/wp-json\/wp\/v2\/posts\/497333","targetHints":{"allow":["GET"]}}],"collection":[{"href":"https:\/\/www.zunoticia.com\/noticias-de-hidalgo\/wp-json\/wp\/v2\/posts"}],"about":[{"href":"https:\/\/www.zunoticia.com\/noticias-de-hidalgo\/wp-json\/wp\/v2\/types\/post"}],"author":[{"embeddable":true,"href":"https:\/\/www.zunoticia.com\/noticias-de-hidalgo\/wp-json\/wp\/v2\/users\/12"}],"replies":[{"embeddable":true,"href":"https:\/\/www.zunoticia.com\/noticias-de-hidalgo\/wp-json\/wp\/v2\/comments?post=497333"}],"version-history":[{"count":1,"href":"https:\/\/www.zunoticia.com\/noticias-de-hidalgo\/wp-json\/wp\/v2\/posts\/497333\/revisions"}],"predecessor-version":[{"id":497334,"href":"https:\/\/www.zunoticia.com\/noticias-de-hidalgo\/wp-json\/wp\/v2\/posts\/497333\/revisions\/497334"}],"wp:featuredmedia":[{"embeddable":true,"href":"https:\/\/www.zunoticia.com\/noticias-de-hidalgo\/wp-json\/wp\/v2\/media\/497328"}],"wp:attachment":[{"href":"https:\/\/www.zunoticia.com\/noticias-de-hidalgo\/wp-json\/wp\/v2\/media?parent=497333"}],"wp:term":[{"taxonomy":"category","embeddable":true,"href":"https:\/\/www.zunoticia.com\/noticias-de-hidalgo\/wp-json\/wp\/v2\/categories?post=497333"},{"taxonomy":"post_tag","embeddable":true,"href":"https:\/\/www.zunoticia.com\/noticias-de-hidalgo\/wp-json\/wp\/v2\/tags?post=497333"}],"curies":[{"name":"wp","href":"https:\/\/api.w.org\/{rel}","templated":true}]}}