{"id":497335,"date":"2023-08-06T14:56:55","date_gmt":"2023-08-06T20:56:55","guid":{"rendered":"https:\/\/www.zunoticia.com\/noticias-de-hidalgo\/?p=497335"},"modified":"2023-08-06T14:56:57","modified_gmt":"2023-08-06T20:56:57","slug":"representante-de-huejutla-obtuvo-el-cetro-de-la-flor-especial-mas-bella-del-estado-de-hidalgo-2023","status":"publish","type":"post","link":"https:\/\/www.zunoticia.com\/noticias-de-hidalgo\/2023\/08\/06\/representante-de-huejutla-obtuvo-el-cetro-de-la-flor-especial-mas-bella-del-estado-de-hidalgo-2023\/","title":{"rendered":"Representante de Huejutla obtuvo el cetro de la &#8220;Flor Especial m\u00e1s Bella del Estado de Hidalgo 2023&#8221;"},"content":{"rendered":"<aside class=\"mashsb-container mashsb-main mashsb-stretched\"><div class=\"mashsb-box\"><div class=\"mashsb-count mash-large\" style=\"float:left\"><div class=\"counts mashsbcount\">18<\/div><span class=\"mashsb-sharetext\">SHARES<\/span><\/div><div class=\"mashsb-buttons\"><a class=\"mashicon-facebook mash-large mash-center mashsb-noshadow\" href=\"https:\/\/www.facebook.com\/sharer.php?u=https%3A%2F%2Fwww.zunoticia.com%2Fnoticias-de-hidalgo%2F2023%2F08%2F06%2Frepresentante-de-huejutla-obtuvo-el-cetro-de-la-flor-especial-mas-bella-del-estado-de-hidalgo-2023%2F\" target=\"_top\" rel=\"nofollow\"><span class=\"icon\"><\/span><span class=\"text\">Share<\/span><\/a><a class=\"mashicon-twitter mash-large mash-center mashsb-noshadow\" href=\"https:\/\/twitter.com\/intent\/tweet?text=&amp;url=https:\/\/www.zunoticia.com\/noticias-de-hidalgo\/2023\/08\/06\/representante-de-huejutla-obtuvo-el-cetro-de-la-flor-especial-mas-bella-del-estado-de-hidalgo-2023\/\" target=\"_top\" rel=\"nofollow\"><span class=\"icon\"><\/span><span class=\"text\">Tweet<\/span><\/a><div class=\"onoffswitch2 mash-large mashsb-noshadow\" style=\"display:none\"><\/div><\/div>\n            <\/div>\n                <div style=\"clear:both\"><\/div><div class=\"mashsb-toggle-container\"><\/div><\/aside>\n            <!-- Share buttons by mashshare.net - Version: 4.0.47-->\n<p><em>Por Salvador Altamirano\/Zunoticia<\/em><\/p>\n\n\n\n<p><strong>Huejutla, Hgo.-<\/strong> En sublime evento efectuado en la Plaza de la Revoluci\u00f3n Mexicana, la noche del s\u00e1bado, Nayeli Castillo Vicente, de 25 a\u00f1os (con S\u00edndrome de Down), representante de Huejutla, obtuvo el cetro de la &#8220;Flor Especial m\u00e1s Bella del Estado de Hidalgo, el cual fue organizado por la se\u00f1ora Jasm\u00edn Fern\u00e1ndez.<\/p>\n\n\n\n<figure class=\"wp-block-image size-large\"><img fetchpriority=\"high\" decoding=\"async\" width=\"1024\" height=\"768\" src=\"https:\/\/www.zunoticia.com\/noticias-de-hidalgo\/wp-content\/uploads\/2023\/08\/eZy-Watermark-06-08-2023-01-17-17-1100p.m.-1024x768.jpg\" alt=\"\" class=\"wp-image-497327\" srcset=\"https:\/\/www.zunoticia.com\/noticias-de-hidalgo\/wp-content\/uploads\/2023\/08\/eZy-Watermark-06-08-2023-01-17-17-1100p.m.-1024x768.jpg 1024w, https:\/\/www.zunoticia.com\/noticias-de-hidalgo\/wp-content\/uploads\/2023\/08\/eZy-Watermark-06-08-2023-01-17-17-1100p.m.-300x225.jpg 300w, https:\/\/www.zunoticia.com\/noticias-de-hidalgo\/wp-content\/uploads\/2023\/08\/eZy-Watermark-06-08-2023-01-17-17-1100p.m.-768x576.jpg 768w, https:\/\/www.zunoticia.com\/noticias-de-hidalgo\/wp-content\/uploads\/2023\/08\/eZy-Watermark-06-08-2023-01-17-17-1100p.m.-1536x1152.jpg 1536w, https:\/\/www.zunoticia.com\/noticias-de-hidalgo\/wp-content\/uploads\/2023\/08\/eZy-Watermark-06-08-2023-01-17-17-1100p.m.-1568x1176.jpg 1568w, https:\/\/www.zunoticia.com\/noticias-de-hidalgo\/wp-content\/uploads\/2023\/08\/eZy-Watermark-06-08-2023-01-17-17-1100p.m..jpg 1600w\" sizes=\"(max-width: 1024px) 100vw, 1024px\" \/><\/figure>\n\n\n\n<p>En el certamen de belleza, de car\u00e1cter nacional, ya que esta fue la etapa estatal, participaron cuatro j\u00f3venes m\u00e1s: Ania Sasnah\u00ed Hern\u00e1ndez, de Ecuatitla, municipio de Huejutla (discapacidad auditiva); Frida Aparicio Cruz, de Pachuca (S\u00edndrome de Down); Consuelo Monserrat Morales Ram\u00edrez, de Mineral de la Reforma (S\u00edndrome de Down) y Jaquelin Alonso Gonzaga, de Jaltoc\u00e1n (discapacidad motriz).<\/p>\n\n\n\n<figure class=\"wp-block-image size-large\"><img decoding=\"async\" width=\"1024\" height=\"768\" src=\"https:\/\/www.zunoticia.com\/noticias-de-hidalgo\/wp-content\/uploads\/2023\/08\/eZy-Watermark-06-08-2023-01-17-32-7050p.m.-1024x768.jpg\" alt=\"\" class=\"wp-image-497326\" srcset=\"https:\/\/www.zunoticia.com\/noticias-de-hidalgo\/wp-content\/uploads\/2023\/08\/eZy-Watermark-06-08-2023-01-17-32-7050p.m.-1024x768.jpg 1024w, https:\/\/www.zunoticia.com\/noticias-de-hidalgo\/wp-content\/uploads\/2023\/08\/eZy-Watermark-06-08-2023-01-17-32-7050p.m.-300x225.jpg 300w, https:\/\/www.zunoticia.com\/noticias-de-hidalgo\/wp-content\/uploads\/2023\/08\/eZy-Watermark-06-08-2023-01-17-32-7050p.m.-768x576.jpg 768w, https:\/\/www.zunoticia.com\/noticias-de-hidalgo\/wp-content\/uploads\/2023\/08\/eZy-Watermark-06-08-2023-01-17-32-7050p.m..jpg 1280w\" sizes=\"(max-width: 1024px) 100vw, 1024px\" \/><\/figure>\n\n\n\n<p>El singular certamen de belleza, cuya animaci\u00f3n estuvo a cargo de las porras de cada una de las concursantes, consisti\u00f3 en una pasarela de tres etapas: traje t\u00edpico; talento art\u00edstico y vestido de noche, en donde todas las aspirantes dejaron patente sus acentuadas actitudes para el canto y el baile.<\/p>\n\n\n\n<figure class=\"wp-block-image size-large\"><img decoding=\"async\" width=\"1024\" height=\"768\" src=\"https:\/\/www.zunoticia.com\/noticias-de-hidalgo\/wp-content\/uploads\/2023\/08\/eZy-Watermark-06-08-2023-01-17-51-6650p.m.-1024x768.jpg\" alt=\"\" class=\"wp-image-497325\" srcset=\"https:\/\/www.zunoticia.com\/noticias-de-hidalgo\/wp-content\/uploads\/2023\/08\/eZy-Watermark-06-08-2023-01-17-51-6650p.m.-1024x768.jpg 1024w, https:\/\/www.zunoticia.com\/noticias-de-hidalgo\/wp-content\/uploads\/2023\/08\/eZy-Watermark-06-08-2023-01-17-51-6650p.m.-300x225.jpg 300w, https:\/\/www.zunoticia.com\/noticias-de-hidalgo\/wp-content\/uploads\/2023\/08\/eZy-Watermark-06-08-2023-01-17-51-6650p.m.-768x576.jpg 768w, https:\/\/www.zunoticia.com\/noticias-de-hidalgo\/wp-content\/uploads\/2023\/08\/eZy-Watermark-06-08-2023-01-17-51-6650p.m.-1536x1152.jpg 1536w, https:\/\/www.zunoticia.com\/noticias-de-hidalgo\/wp-content\/uploads\/2023\/08\/eZy-Watermark-06-08-2023-01-17-51-6650p.m.-1568x1176.jpg 1568w, https:\/\/www.zunoticia.com\/noticias-de-hidalgo\/wp-content\/uploads\/2023\/08\/eZy-Watermark-06-08-2023-01-17-51-6650p.m..jpg 1600w\" sizes=\"(max-width: 1024px) 100vw, 1024px\" \/><\/figure>\n\n\n\n<p>As\u00ed mismo, obtuvieron las bandas de &#8220;Mis Popularidad&#8221;, Frida Aparicio Cruz de Pachuca; y de &#8220;Mis Simpat\u00eda y de Miss Fotogenia&#8221;, Consuelo Monserrat Morales de Mineral de la Reforma.<\/p>\n\n\n\n<figure class=\"wp-block-image size-large\"><img loading=\"lazy\" decoding=\"async\" width=\"1024\" height=\"768\" src=\"https:\/\/www.zunoticia.com\/noticias-de-hidalgo\/wp-content\/uploads\/2023\/08\/eZy-Watermark-06-08-2023-01-18-09-3200p.m.-1024x768.jpg\" alt=\"\" class=\"wp-image-497324\" srcset=\"https:\/\/www.zunoticia.com\/noticias-de-hidalgo\/wp-content\/uploads\/2023\/08\/eZy-Watermark-06-08-2023-01-18-09-3200p.m.-1024x768.jpg 1024w, https:\/\/www.zunoticia.com\/noticias-de-hidalgo\/wp-content\/uploads\/2023\/08\/eZy-Watermark-06-08-2023-01-18-09-3200p.m.-300x225.jpg 300w, https:\/\/www.zunoticia.com\/noticias-de-hidalgo\/wp-content\/uploads\/2023\/08\/eZy-Watermark-06-08-2023-01-18-09-3200p.m.-768x576.jpg 768w, https:\/\/www.zunoticia.com\/noticias-de-hidalgo\/wp-content\/uploads\/2023\/08\/eZy-Watermark-06-08-2023-01-18-09-3200p.m.-1536x1152.jpg 1536w, https:\/\/www.zunoticia.com\/noticias-de-hidalgo\/wp-content\/uploads\/2023\/08\/eZy-Watermark-06-08-2023-01-18-09-3200p.m.-1568x1176.jpg 1568w, https:\/\/www.zunoticia.com\/noticias-de-hidalgo\/wp-content\/uploads\/2023\/08\/eZy-Watermark-06-08-2023-01-18-09-3200p.m..jpg 1600w\" sizes=\"(max-width: 1024px) 100vw, 1024px\" \/><\/figure>\n\n\n\n<p>Es oportuno mencionar, que la etapa nacional del certamen la &#8220;Flor Especial m\u00e1s Bella de M\u00e9xico 2023&#8221;, en su 7a edici\u00f3n, tendr\u00e1 efecto el 25 de noviembre en Villa del Carb\u00f3n, Estado de M\u00e9xico, en el que participar\u00e1n las triunfadoras de cada Estado de la Rep\u00fablica, en el cual en el 2022 result\u00f3 ganadora Mar\u00eda del Cielo Guill\u00e9n, de Huejutla, Hidalgo.<\/p>\n","protected":false},"excerpt":{"rendered":"<p>Por Salvador Altamirano\/Zunoticia Huejutla, Hgo.- En sublime evento efectuado en la Plaza de la Revoluci\u00f3n Mexicana, la noche del s\u00e1bado, Nayeli Castillo Vicente, de 25 a\u00f1os (con S\u00edndrome de Down), representante de Huejutla, obtuvo el cetro de la &#8220;Flor Especial m\u00e1s Bella del Estado de Hidalgo, el cual fue organizado por la se\u00f1ora Jasm\u00edn Fern\u00e1ndez.&hellip; <a class=\"more-link\" href=\"https:\/\/www.zunoticia.com\/noticias-de-hidalgo\/2023\/08\/06\/representante-de-huejutla-obtuvo-el-cetro-de-la-flor-especial-mas-bella-del-estado-de-hidalgo-2023\/\">Seguir leyendo <span class=\"screen-reader-text\">Representante de Huejutla obtuvo el cetro de la &#8220;Flor Especial m\u00e1s Bella del Estado de Hidalgo 2023&#8221;<\/span><\/a><\/p>\n","protected":false},"author":12,"featured_media":497331,"comment_status":"closed","ping_status":"open","sticky":false,"template":"","format":"standard","meta":{"rop_custom_images_group":[],"rop_custom_messages_group":[],"rop_publish_now":"initial","rop_publish_now_accounts":{"facebook_10159540855086992_322828327761733":""},"rop_publish_now_history":[],"rop_publish_now_status":"pending","footnotes":""},"categories":[181],"tags":[121],"class_list":["post-497335","post","type-post","status-publish","format-standard","has-post-thumbnail","hentry","category-huejutla","tag-huejutla","entry"],"_links":{"self":[{"href":"https:\/\/www.zunoticia.com\/noticias-de-hidalgo\/wp-json\/wp\/v2\/posts\/497335","targetHints":{"allow":["GET"]}}],"collection":[{"href":"https:\/\/www.zunoticia.com\/noticias-de-hidalgo\/wp-json\/wp\/v2\/posts"}],"about":[{"href":"https:\/\/www.zunoticia.com\/noticias-de-hidalgo\/wp-json\/wp\/v2\/types\/post"}],"author":[{"embeddable":true,"href":"https:\/\/www.zunoticia.com\/noticias-de-hidalgo\/wp-json\/wp\/v2\/users\/12"}],"replies":[{"embeddable":true,"href":"https:\/\/www.zunoticia.com\/noticias-de-hidalgo\/wp-json\/wp\/v2\/comments?post=497335"}],"version-history":[{"count":1,"href":"https:\/\/www.zunoticia.com\/noticias-de-hidalgo\/wp-json\/wp\/v2\/posts\/497335\/revisions"}],"predecessor-version":[{"id":497336,"href":"https:\/\/www.zunoticia.com\/noticias-de-hidalgo\/wp-json\/wp\/v2\/posts\/497335\/revisions\/497336"}],"wp:featuredmedia":[{"embeddable":true,"href":"https:\/\/www.zunoticia.com\/noticias-de-hidalgo\/wp-json\/wp\/v2\/media\/497331"}],"wp:attachment":[{"href":"https:\/\/www.zunoticia.com\/noticias-de-hidalgo\/wp-json\/wp\/v2\/media?parent=497335"}],"wp:term":[{"taxonomy":"category","embeddable":true,"href":"https:\/\/www.zunoticia.com\/noticias-de-hidalgo\/wp-json\/wp\/v2\/categories?post=497335"},{"taxonomy":"post_tag","embeddable":true,"href":"https:\/\/www.zunoticia.com\/noticias-de-hidalgo\/wp-json\/wp\/v2\/tags?post=497335"}],"curies":[{"name":"wp","href":"https:\/\/api.w.org\/{rel}","templated":true}]}}