{"id":497337,"date":"2023-08-06T15:30:22","date_gmt":"2023-08-06T21:30:22","guid":{"rendered":"https:\/\/www.zunoticia.com\/noticias-de-hidalgo\/?p=497337"},"modified":"2023-08-06T15:30:23","modified_gmt":"2023-08-06T21:30:23","slug":"hallaron-cadaver-en-arroyo","status":"publish","type":"post","link":"https:\/\/www.zunoticia.com\/noticias-de-hidalgo\/2023\/08\/06\/hallaron-cadaver-en-arroyo\/","title":{"rendered":"Hallaron cad\u00e1ver en arroyo"},"content":{"rendered":"<aside class=\"mashsb-container mashsb-main mashsb-stretched\"><div class=\"mashsb-box\"><div class=\"mashsb-count mash-large\" style=\"float:left\"><div class=\"counts mashsbcount\">32<\/div><span class=\"mashsb-sharetext\">SHARES<\/span><\/div><div class=\"mashsb-buttons\"><a class=\"mashicon-facebook mash-large mash-center mashsb-noshadow\" href=\"https:\/\/www.facebook.com\/sharer.php?u=https%3A%2F%2Fwww.zunoticia.com%2Fnoticias-de-hidalgo%2F2023%2F08%2F06%2Fhallaron-cadaver-en-arroyo%2F\" target=\"_top\" rel=\"nofollow\"><span class=\"icon\"><\/span><span class=\"text\">Share<\/span><\/a><a class=\"mashicon-twitter mash-large mash-center mashsb-noshadow\" href=\"https:\/\/twitter.com\/intent\/tweet?text=&amp;url=https:\/\/www.zunoticia.com\/noticias-de-hidalgo\/2023\/08\/06\/hallaron-cadaver-en-arroyo\/\" target=\"_top\" rel=\"nofollow\"><span class=\"icon\"><\/span><span class=\"text\">Tweet<\/span><\/a><div class=\"onoffswitch2 mash-large mashsb-noshadow\" style=\"display:none\"><\/div><\/div>\n            <\/div>\n                <div style=\"clear:both\"><\/div><div class=\"mashsb-toggle-container\"><\/div><\/aside>\n            <!-- Share buttons by mashshare.net - Version: 4.0.47-->\n<p><em>Por Roberto Meza\/Zunoticia<\/em><\/p>\n\n\n\n<p><strong>Huejutla, Hgo.-<\/strong> Movilizaci\u00f3n polic\u00edaca gener\u00f3 el hallazgo&nbsp; de un cad\u00e1ver en un arroyo en una comunidad de este municipio, siendo vecinos de esa poblaci\u00f3n que reportaron el hecho ante las autoridades polic\u00edacas y se concentran al lugar para hacer el levantamiento del finado.<\/p>\n\n\n\n<p>El cuerpo de esta persona fue identificado con el nombre de J. C. B. R., quien fue hallado tirado sobre el lecho de un arroyo de la comunidad de Poxtla Ixcatl\u00e1n, hasta el momento se desconoce c\u00f3mo lleg\u00f3 este individuo a ese lugar.<\/p>\n\n\n\n<p>Para dar fe de los hechos al sitio llegaron polic\u00edas municipales y autoridades de la PGJEH, quienes iniciaron con las investigaciones con la recolecci\u00f3n de evidencias y m\u00e1s tarde levantaron el cuerpo para ser llevado al Servicio M\u00e9dico Forense de Huejutla.<\/p>\n","protected":false},"excerpt":{"rendered":"<p>Por Roberto Meza\/Zunoticia Huejutla, Hgo.- Movilizaci\u00f3n polic\u00edaca gener\u00f3 el hallazgo&nbsp; de un cad\u00e1ver en un arroyo en una comunidad de este municipio, siendo vecinos de esa poblaci\u00f3n que reportaron el hecho ante las autoridades polic\u00edacas y se concentran al lugar para hacer el levantamiento del finado. El cuerpo de esta persona fue identificado con el&hellip; <a class=\"more-link\" href=\"https:\/\/www.zunoticia.com\/noticias-de-hidalgo\/2023\/08\/06\/hallaron-cadaver-en-arroyo\/\">Seguir leyendo <span class=\"screen-reader-text\">Hallaron cad\u00e1ver en arroyo<\/span><\/a><\/p>\n","protected":false},"author":12,"featured_media":497338,"comment_status":"closed","ping_status":"open","sticky":false,"template":"","format":"standard","meta":{"rop_custom_images_group":[],"rop_custom_messages_group":[],"rop_publish_now":"initial","rop_publish_now_accounts":{"facebook_10159540855086992_322828327761733":""},"rop_publish_now_history":[],"rop_publish_now_status":"pending","footnotes":""},"categories":[178],"tags":[259],"class_list":["post-497337","post","type-post","status-publish","format-standard","has-post-thumbnail","hentry","category-policiaca","tag-policiaca","entry"],"_links":{"self":[{"href":"https:\/\/www.zunoticia.com\/noticias-de-hidalgo\/wp-json\/wp\/v2\/posts\/497337","targetHints":{"allow":["GET"]}}],"collection":[{"href":"https:\/\/www.zunoticia.com\/noticias-de-hidalgo\/wp-json\/wp\/v2\/posts"}],"about":[{"href":"https:\/\/www.zunoticia.com\/noticias-de-hidalgo\/wp-json\/wp\/v2\/types\/post"}],"author":[{"embeddable":true,"href":"https:\/\/www.zunoticia.com\/noticias-de-hidalgo\/wp-json\/wp\/v2\/users\/12"}],"replies":[{"embeddable":true,"href":"https:\/\/www.zunoticia.com\/noticias-de-hidalgo\/wp-json\/wp\/v2\/comments?post=497337"}],"version-history":[{"count":1,"href":"https:\/\/www.zunoticia.com\/noticias-de-hidalgo\/wp-json\/wp\/v2\/posts\/497337\/revisions"}],"predecessor-version":[{"id":497339,"href":"https:\/\/www.zunoticia.com\/noticias-de-hidalgo\/wp-json\/wp\/v2\/posts\/497337\/revisions\/497339"}],"wp:featuredmedia":[{"embeddable":true,"href":"https:\/\/www.zunoticia.com\/noticias-de-hidalgo\/wp-json\/wp\/v2\/media\/497338"}],"wp:attachment":[{"href":"https:\/\/www.zunoticia.com\/noticias-de-hidalgo\/wp-json\/wp\/v2\/media?parent=497337"}],"wp:term":[{"taxonomy":"category","embeddable":true,"href":"https:\/\/www.zunoticia.com\/noticias-de-hidalgo\/wp-json\/wp\/v2\/categories?post=497337"},{"taxonomy":"post_tag","embeddable":true,"href":"https:\/\/www.zunoticia.com\/noticias-de-hidalgo\/wp-json\/wp\/v2\/tags?post=497337"}],"curies":[{"name":"wp","href":"https:\/\/api.w.org\/{rel}","templated":true}]}}