{"id":497370,"date":"2023-08-06T19:40:11","date_gmt":"2023-08-07T01:40:11","guid":{"rendered":"https:\/\/www.zunoticia.com\/noticias-de-hidalgo\/?p=497370"},"modified":"2023-08-06T19:40:12","modified_gmt":"2023-08-07T01:40:12","slug":"importante-el-fomento-de-la-lactancia-materna","status":"publish","type":"post","link":"https:\/\/www.zunoticia.com\/noticias-de-hidalgo\/2023\/08\/06\/importante-el-fomento-de-la-lactancia-materna\/","title":{"rendered":"Importante el fomento de la lactancia materna"},"content":{"rendered":"<aside class=\"mashsb-container mashsb-main mashsb-stretched\"><div class=\"mashsb-box\"><div class=\"mashsb-count mash-large\" style=\"float:left\"><div class=\"counts mashsbcount\">24<\/div><span class=\"mashsb-sharetext\">SHARES<\/span><\/div><div class=\"mashsb-buttons\"><a class=\"mashicon-facebook mash-large mash-center mashsb-noshadow\" href=\"https:\/\/www.facebook.com\/sharer.php?u=https%3A%2F%2Fwww.zunoticia.com%2Fnoticias-de-hidalgo%2F2023%2F08%2F06%2Fimportante-el-fomento-de-la-lactancia-materna%2F\" target=\"_top\" rel=\"nofollow\"><span class=\"icon\"><\/span><span class=\"text\">Share<\/span><\/a><a class=\"mashicon-twitter mash-large mash-center mashsb-noshadow\" href=\"https:\/\/twitter.com\/intent\/tweet?text=&amp;url=https:\/\/www.zunoticia.com\/noticias-de-hidalgo\/2023\/08\/06\/importante-el-fomento-de-la-lactancia-materna\/\" target=\"_top\" rel=\"nofollow\"><span class=\"icon\"><\/span><span class=\"text\">Tweet<\/span><\/a><div class=\"onoffswitch2 mash-large mashsb-noshadow\" style=\"display:none\"><\/div><\/div>\n            <\/div>\n                <div style=\"clear:both\"><\/div><div class=\"mashsb-toggle-container\"><\/div><\/aside>\n            <!-- Share buttons by mashshare.net - Version: 4.0.47-->\n<p><em>Por \u00c1ngel Silverio\/Zunoticia<\/em><\/p>\n\n\n\n<p><strong>Jaltoc\u00e1n, Hgo.-<\/strong> Del 1 al 7 de agosto se realiza la Semana Mundial de la Lactancia Materna, con el objetivo de fomentar en las madres la importancia de brindar este alimento a sus beb\u00e9s, por ello es necesario hacer m\u00e1s \u00e9nfasis en la promoci\u00f3n de esta campa\u00f1a de manera permanente, pues es un gran alimento para los beb\u00e9s.<\/p>\n\n\n\n<p>Al respecto la doctora Adriana Nava Hern\u00e1ndez, explic\u00f3 que, la leche materna es el mejor alimento y la opci\u00f3n m\u00e1s segura para garantizar una buena salud y crecimiento de las y los ni\u00f1os peque\u00f1os, por sus m\u00faltiples beneficios, tanto para la madre, como para el ni\u00f1o y para la sociedad en su conjunto.<\/p>\n\n\n\n<p>Destac\u00f3 que, la leche materna es el alimento perfecto para los reci\u00e9n nacidos, -&#8220;Es un alimento que contiene todas las vitaminas, minerales, prote\u00ednas, carbohidratos y grasas de f\u00e1cil digesti\u00f3n que necesita, tambi\u00e9n proporciona al lactante factores de crecimiento, anticuerpos y otras sustancias que le favorecen, es considerada la primera vacuna de un reci\u00e9n nacido, al ofrecer anticuerpos vitales y estimular la inmunidad&#8221;.<\/p>\n\n\n\n<p>A\u00f1adi\u00f3 que, la pr\u00e1ctica de la lactancia materna tambi\u00e9n tiene beneficios en la salud de las mujeres, pues ayuda a que el \u00fatero regrese m\u00e1s r\u00e1pido a su tama\u00f1o original, auxiliando en la prevenci\u00f3n de hemorragias posparto, ayuda a perder el peso que se gan\u00f3 durante el embarazo, as\u00ed como es un factor protector ante la osteoporosis, el c\u00e1ncer de seno y de ovario.<\/p>\n","protected":false},"excerpt":{"rendered":"<p>Por \u00c1ngel Silverio\/Zunoticia Jaltoc\u00e1n, Hgo.- Del 1 al 7 de agosto se realiza la Semana Mundial de la Lactancia Materna, con el objetivo de fomentar en las madres la importancia de brindar este alimento a sus beb\u00e9s, por ello es necesario hacer m\u00e1s \u00e9nfasis en la promoci\u00f3n de esta campa\u00f1a de manera permanente, pues es&hellip; <a class=\"more-link\" href=\"https:\/\/www.zunoticia.com\/noticias-de-hidalgo\/2023\/08\/06\/importante-el-fomento-de-la-lactancia-materna\/\">Seguir leyendo <span class=\"screen-reader-text\">Importante el fomento de la lactancia materna<\/span><\/a><\/p>\n","protected":false},"author":12,"featured_media":497357,"comment_status":"closed","ping_status":"open","sticky":false,"template":"","format":"standard","meta":{"rop_custom_images_group":[],"rop_custom_messages_group":[],"rop_publish_now":"initial","rop_publish_now_accounts":{"facebook_10159540855086992_322828327761733":""},"rop_publish_now_history":[],"rop_publish_now_status":"pending","footnotes":""},"categories":[179,200],"tags":[131],"class_list":["post-497370","post","type-post","status-publish","format-standard","has-post-thumbnail","hentry","category-huasteca","category-jaltocan","tag-jaltocan","entry"],"_links":{"self":[{"href":"https:\/\/www.zunoticia.com\/noticias-de-hidalgo\/wp-json\/wp\/v2\/posts\/497370","targetHints":{"allow":["GET"]}}],"collection":[{"href":"https:\/\/www.zunoticia.com\/noticias-de-hidalgo\/wp-json\/wp\/v2\/posts"}],"about":[{"href":"https:\/\/www.zunoticia.com\/noticias-de-hidalgo\/wp-json\/wp\/v2\/types\/post"}],"author":[{"embeddable":true,"href":"https:\/\/www.zunoticia.com\/noticias-de-hidalgo\/wp-json\/wp\/v2\/users\/12"}],"replies":[{"embeddable":true,"href":"https:\/\/www.zunoticia.com\/noticias-de-hidalgo\/wp-json\/wp\/v2\/comments?post=497370"}],"version-history":[{"count":1,"href":"https:\/\/www.zunoticia.com\/noticias-de-hidalgo\/wp-json\/wp\/v2\/posts\/497370\/revisions"}],"predecessor-version":[{"id":497371,"href":"https:\/\/www.zunoticia.com\/noticias-de-hidalgo\/wp-json\/wp\/v2\/posts\/497370\/revisions\/497371"}],"wp:featuredmedia":[{"embeddable":true,"href":"https:\/\/www.zunoticia.com\/noticias-de-hidalgo\/wp-json\/wp\/v2\/media\/497357"}],"wp:attachment":[{"href":"https:\/\/www.zunoticia.com\/noticias-de-hidalgo\/wp-json\/wp\/v2\/media?parent=497370"}],"wp:term":[{"taxonomy":"category","embeddable":true,"href":"https:\/\/www.zunoticia.com\/noticias-de-hidalgo\/wp-json\/wp\/v2\/categories?post=497370"},{"taxonomy":"post_tag","embeddable":true,"href":"https:\/\/www.zunoticia.com\/noticias-de-hidalgo\/wp-json\/wp\/v2\/tags?post=497370"}],"curies":[{"name":"wp","href":"https:\/\/api.w.org\/{rel}","templated":true}]}}