{"id":497387,"date":"2023-08-06T20:45:23","date_gmt":"2023-08-07T02:45:23","guid":{"rendered":"https:\/\/www.zunoticia.com\/noticias-de-hidalgo\/?p=497387"},"modified":"2023-08-06T20:45:24","modified_gmt":"2023-08-07T02:45:24","slug":"encabezara-menchaca-dia-de-pueblos-indigenas-en-huejutla","status":"publish","type":"post","link":"https:\/\/www.zunoticia.com\/noticias-de-hidalgo\/2023\/08\/06\/encabezara-menchaca-dia-de-pueblos-indigenas-en-huejutla\/","title":{"rendered":"Encabezar\u00e1 Menchaca D\u00eda de Pueblos Ind\u00edgenas en Huejutla"},"content":{"rendered":"<aside class=\"mashsb-container mashsb-main mashsb-stretched\"><div class=\"mashsb-box\"><div class=\"mashsb-count mash-large\" style=\"float:left\"><div class=\"counts mashsbcount\">36<\/div><span class=\"mashsb-sharetext\">SHARES<\/span><\/div><div class=\"mashsb-buttons\"><a class=\"mashicon-facebook mash-large mash-center mashsb-noshadow\" href=\"https:\/\/www.facebook.com\/sharer.php?u=https%3A%2F%2Fwww.zunoticia.com%2Fnoticias-de-hidalgo%2F2023%2F08%2F06%2Fencabezara-menchaca-dia-de-pueblos-indigenas-en-huejutla%2F\" target=\"_top\" rel=\"nofollow\"><span class=\"icon\"><\/span><span class=\"text\">Share<\/span><\/a><a class=\"mashicon-twitter mash-large mash-center mashsb-noshadow\" href=\"https:\/\/twitter.com\/intent\/tweet?text=&amp;url=https:\/\/www.zunoticia.com\/noticias-de-hidalgo\/2023\/08\/06\/encabezara-menchaca-dia-de-pueblos-indigenas-en-huejutla\/\" target=\"_top\" rel=\"nofollow\"><span class=\"icon\"><\/span><span class=\"text\">Tweet<\/span><\/a><div class=\"onoffswitch2 mash-large mashsb-noshadow\" style=\"display:none\"><\/div><\/div>\n            <\/div>\n                <div style=\"clear:both\"><\/div><div class=\"mashsb-toggle-container\"><\/div><\/aside>\n            <!-- Share buttons by mashshare.net - Version: 4.0.47-->\n<ul class=\"wp-block-list\">\n<li>Concejo de Ancianos acompa\u00f1ar\u00e1 al mandatario estatal y celebrar\u00e1n rituales en el Centro Ceremonial del CBTa 5.<\/li>\n<\/ul>\n\n\n\n<p><em>Por Mois\u00e9s Medrano\/Zunoticia<\/em><\/p>\n\n\n\n<p><strong>Huejutla, Hgo.-<\/strong> El Gobernador de Hidalgo, Julio Menchaca Salazar, estar\u00e1 el pr\u00f3ximo mi\u00e9rcoles 9 de agosto en el municipio encabezando el D\u00eda Internacional de los Pueblos Ind\u00edgenas, seg\u00fan dio a conocer a este medio de comunicaci\u00f3n Prisco Manuel Guti\u00e9rrez, Comisionado Estatal para el Desarrollo Sostenible de los Pueblos Ind\u00edgenas.<\/p>\n\n\n\n<p>Record\u00f3 que, es una celebraci\u00f3n estatal, con los Otom\u00edes o H\u00f1\u00e4h\u00f1us, los Tepehuas y Huastecos, toca a la huasteca tener la presencia del mandatario en un evento que trae consigo un escenario natural como lo son los vestigios arquitect\u00f3nicos y arqueol\u00f3gicos que existen en el CBTa 5, en el que personal del INAH puedan explicar al mandatario sobre los vestigios y que la sociedad conozca.<\/p>\n\n\n\n<p>Compar\u00f3 el hallazgo igual de importante cuando se encontraron los Atlantes de Tula y que el segundo encuentro con el pasado y la cosmovisi\u00f3n de los pueblos ind\u00edgenas, que era una gran responsabilidad, no solo del gobierno, sino de los hidalguenses para comprender que habr\u00e1 quien quiera conocer la zona arqueol\u00f3gica y se requiere compartir esa riqueza cultural e hist\u00f3rica, la presencia del gobernador va a detonar al municipio de manera importante con estados vecinos.<\/p>\n\n\n\n<p>A\u00f1adi\u00f3 que, si bien el asentamiento es en Huejutla, se busca la presencia de alcaldes de todo el estado pues esto es un tema de todos y que se lleven la muestra huasteca, consider\u00f3 que, en el nuevo r\u00e9gimen de gobierno estatal la inclusi\u00f3n ha sido algo fundamental para lograr desarrollo y los ind\u00edgenas y no ind\u00edgenas caminen con respeto y tolerancia.<\/p>\n\n\n\n<p>Finaliz\u00f3 que el gobierno de Hidalgo es sensible y era el primer gobernador que entend\u00eda y atend\u00eda el origen de los pueblos huastecos&nbsp;en&nbsp;Hidalgo.<\/p>\n","protected":false},"excerpt":{"rendered":"<p>Por Mois\u00e9s Medrano\/Zunoticia Huejutla, Hgo.- El Gobernador de Hidalgo, Julio Menchaca Salazar, estar\u00e1 el pr\u00f3ximo mi\u00e9rcoles 9 de agosto en el municipio encabezando el D\u00eda Internacional de los Pueblos Ind\u00edgenas, seg\u00fan dio a conocer a este medio de comunicaci\u00f3n Prisco Manuel Guti\u00e9rrez, Comisionado Estatal para el Desarrollo Sostenible de los Pueblos Ind\u00edgenas. Record\u00f3 que, es&hellip; <a class=\"more-link\" href=\"https:\/\/www.zunoticia.com\/noticias-de-hidalgo\/2023\/08\/06\/encabezara-menchaca-dia-de-pueblos-indigenas-en-huejutla\/\">Seguir leyendo <span class=\"screen-reader-text\">Encabezar\u00e1 Menchaca D\u00eda de Pueblos Ind\u00edgenas en Huejutla<\/span><\/a><\/p>\n","protected":false},"author":12,"featured_media":497381,"comment_status":"closed","ping_status":"open","sticky":false,"template":"","format":"standard","meta":{"rop_custom_images_group":[],"rop_custom_messages_group":[],"rop_publish_now":"initial","rop_publish_now_accounts":{"facebook_10159540855086992_322828327761733":""},"rop_publish_now_history":[],"rop_publish_now_status":"pending","footnotes":""},"categories":[181],"tags":[121],"class_list":["post-497387","post","type-post","status-publish","format-standard","has-post-thumbnail","hentry","category-huejutla","tag-huejutla","entry"],"_links":{"self":[{"href":"https:\/\/www.zunoticia.com\/noticias-de-hidalgo\/wp-json\/wp\/v2\/posts\/497387","targetHints":{"allow":["GET"]}}],"collection":[{"href":"https:\/\/www.zunoticia.com\/noticias-de-hidalgo\/wp-json\/wp\/v2\/posts"}],"about":[{"href":"https:\/\/www.zunoticia.com\/noticias-de-hidalgo\/wp-json\/wp\/v2\/types\/post"}],"author":[{"embeddable":true,"href":"https:\/\/www.zunoticia.com\/noticias-de-hidalgo\/wp-json\/wp\/v2\/users\/12"}],"replies":[{"embeddable":true,"href":"https:\/\/www.zunoticia.com\/noticias-de-hidalgo\/wp-json\/wp\/v2\/comments?post=497387"}],"version-history":[{"count":1,"href":"https:\/\/www.zunoticia.com\/noticias-de-hidalgo\/wp-json\/wp\/v2\/posts\/497387\/revisions"}],"predecessor-version":[{"id":497388,"href":"https:\/\/www.zunoticia.com\/noticias-de-hidalgo\/wp-json\/wp\/v2\/posts\/497387\/revisions\/497388"}],"wp:featuredmedia":[{"embeddable":true,"href":"https:\/\/www.zunoticia.com\/noticias-de-hidalgo\/wp-json\/wp\/v2\/media\/497381"}],"wp:attachment":[{"href":"https:\/\/www.zunoticia.com\/noticias-de-hidalgo\/wp-json\/wp\/v2\/media?parent=497387"}],"wp:term":[{"taxonomy":"category","embeddable":true,"href":"https:\/\/www.zunoticia.com\/noticias-de-hidalgo\/wp-json\/wp\/v2\/categories?post=497387"},{"taxonomy":"post_tag","embeddable":true,"href":"https:\/\/www.zunoticia.com\/noticias-de-hidalgo\/wp-json\/wp\/v2\/tags?post=497387"}],"curies":[{"name":"wp","href":"https:\/\/api.w.org\/{rel}","templated":true}]}}