{"id":497396,"date":"2023-08-06T23:05:34","date_gmt":"2023-08-07T05:05:34","guid":{"rendered":"https:\/\/www.zunoticia.com\/noticias-de-hidalgo\/?p=497396"},"modified":"2023-08-06T23:05:39","modified_gmt":"2023-08-07T05:05:39","slug":"muerte-cerebral-de-el-mariachi-tras-accidentarse-en-su-motoneta","status":"publish","type":"post","link":"https:\/\/www.zunoticia.com\/noticias-de-hidalgo\/2023\/08\/06\/muerte-cerebral-de-el-mariachi-tras-accidentarse-en-su-motoneta\/","title":{"rendered":"Muerte cerebral de &#8220;El Mariachi&#8221; tras accidentarse en su motoneta"},"content":{"rendered":"<aside class=\"mashsb-container mashsb-main mashsb-stretched\"><div class=\"mashsb-box\"><div class=\"mashsb-count mash-large\" style=\"float:left\"><div class=\"counts mashsbcount\">38<\/div><span class=\"mashsb-sharetext\">SHARES<\/span><\/div><div class=\"mashsb-buttons\"><a class=\"mashicon-facebook mash-large mash-center mashsb-noshadow\" href=\"https:\/\/www.facebook.com\/sharer.php?u=https%3A%2F%2Fwww.zunoticia.com%2Fnoticias-de-hidalgo%2F2023%2F08%2F06%2Fmuerte-cerebral-de-el-mariachi-tras-accidentarse-en-su-motoneta%2F\" target=\"_top\" rel=\"nofollow\"><span class=\"icon\"><\/span><span class=\"text\">Share<\/span><\/a><a class=\"mashicon-twitter mash-large mash-center mashsb-noshadow\" href=\"https:\/\/twitter.com\/intent\/tweet?text=&amp;url=https:\/\/www.zunoticia.com\/noticias-de-hidalgo\/2023\/08\/06\/muerte-cerebral-de-el-mariachi-tras-accidentarse-en-su-motoneta\/\" target=\"_top\" rel=\"nofollow\"><span class=\"icon\"><\/span><span class=\"text\">Tweet<\/span><\/a><div class=\"onoffswitch2 mash-large mashsb-noshadow\" style=\"display:none\"><\/div><\/div>\n            <\/div>\n                <div style=\"clear:both\"><\/div><div class=\"mashsb-toggle-container\"><\/div><\/aside>\n            <!-- Share buttons by mashshare.net - Version: 4.0.47-->\n<p>Por Roberto Meza\/Zunoticia<\/p>\n\n\n\n<p>Huejutla, Hgo.- Tras agonizar por varias horas en el hospital regional de la Huasteca, esta noche se ha declarado muerte cerebral al motociclista que se accident\u00f3 sobre la v\u00eda federal M\u00e9xico-Tampico a la altura de Coxhuaco, mismo que present\u00f3 diversas lesiones y fracturas en su humanidad.<\/p>\n\n\n\n<figure class=\"wp-block-image size-large\"><img fetchpriority=\"high\" decoding=\"async\" width=\"1024\" height=\"472\" src=\"https:\/\/www.zunoticia.com\/noticias-de-hidalgo\/wp-content\/uploads\/2023\/08\/Muere-2-1024x472.jpeg\" alt=\"\" class=\"wp-image-497398\" srcset=\"https:\/\/www.zunoticia.com\/noticias-de-hidalgo\/wp-content\/uploads\/2023\/08\/Muere-2-1024x472.jpeg 1024w, https:\/\/www.zunoticia.com\/noticias-de-hidalgo\/wp-content\/uploads\/2023\/08\/Muere-2-300x138.jpeg 300w, https:\/\/www.zunoticia.com\/noticias-de-hidalgo\/wp-content\/uploads\/2023\/08\/Muere-2-768x354.jpeg 768w, https:\/\/www.zunoticia.com\/noticias-de-hidalgo\/wp-content\/uploads\/2023\/08\/Muere-2.jpeg 1280w\" sizes=\"(max-width: 1024px) 100vw, 1024px\" \/><\/figure>\n\n\n\n<p>Se trata de Oswaldo N.V. &#8220;El Mariachi&#8221; quien casi la media noche del pasado s\u00e1bado derrap\u00f3 en unos topes de esa v\u00eda de comunicaci\u00f3n y sali\u00f3 disparado m\u00e1s de 5 metros, al ser auxiliado por bomberos, detectaron a la persona con traumatismo craneoencef\u00e1lico y traumatismo tor\u00e1cico.<\/p>\n\n\n\n<figure class=\"wp-block-image size-large\"><img decoding=\"async\" width=\"1024\" height=\"472\" src=\"https:\/\/www.zunoticia.com\/noticias-de-hidalgo\/wp-content\/uploads\/2023\/08\/Muere-3-1024x472.jpeg\" alt=\"\" class=\"wp-image-497399\" srcset=\"https:\/\/www.zunoticia.com\/noticias-de-hidalgo\/wp-content\/uploads\/2023\/08\/Muere-3-1024x472.jpeg 1024w, https:\/\/www.zunoticia.com\/noticias-de-hidalgo\/wp-content\/uploads\/2023\/08\/Muere-3-300x138.jpeg 300w, https:\/\/www.zunoticia.com\/noticias-de-hidalgo\/wp-content\/uploads\/2023\/08\/Muere-3-768x354.jpeg 768w, https:\/\/www.zunoticia.com\/noticias-de-hidalgo\/wp-content\/uploads\/2023\/08\/Muere-3.jpeg 1280w\" sizes=\"(max-width: 1024px) 100vw, 1024px\" \/><\/figure>\n\n\n\n<p>Por lo anterior su estado de salud se reportaba como muy grave y a pesar de los esfuerzos de los m\u00e9dicos, esta noche se le declar\u00f3 muerte cerebral a \u201cel Mariachi.<\/p>\n","protected":false},"excerpt":{"rendered":"<p>Por Roberto Meza\/Zunoticia Huejutla, Hgo.- Tras agonizar por varias horas en el hospital regional de la Huasteca, esta noche se ha declarado muerte cerebral al motociclista que se accident\u00f3 sobre la v\u00eda federal M\u00e9xico-Tampico a la altura de Coxhuaco, mismo que present\u00f3 diversas lesiones y fracturas en su humanidad. Se trata de Oswaldo N.V. &#8220;El&hellip; <a class=\"more-link\" href=\"https:\/\/www.zunoticia.com\/noticias-de-hidalgo\/2023\/08\/06\/muerte-cerebral-de-el-mariachi-tras-accidentarse-en-su-motoneta\/\">Seguir leyendo <span class=\"screen-reader-text\">Muerte cerebral de &#8220;El Mariachi&#8221; tras accidentarse en su motoneta<\/span><\/a><\/p>\n","protected":false},"author":12,"featured_media":497397,"comment_status":"closed","ping_status":"open","sticky":false,"template":"","format":"standard","meta":{"rop_custom_images_group":[],"rop_custom_messages_group":[],"rop_publish_now":"initial","rop_publish_now_accounts":{"facebook_10159540855086992_322828327761733":""},"rop_publish_now_history":[],"rop_publish_now_status":"pending","footnotes":""},"categories":[181],"tags":[121],"class_list":["post-497396","post","type-post","status-publish","format-standard","has-post-thumbnail","hentry","category-huejutla","tag-huejutla","entry"],"_links":{"self":[{"href":"https:\/\/www.zunoticia.com\/noticias-de-hidalgo\/wp-json\/wp\/v2\/posts\/497396","targetHints":{"allow":["GET"]}}],"collection":[{"href":"https:\/\/www.zunoticia.com\/noticias-de-hidalgo\/wp-json\/wp\/v2\/posts"}],"about":[{"href":"https:\/\/www.zunoticia.com\/noticias-de-hidalgo\/wp-json\/wp\/v2\/types\/post"}],"author":[{"embeddable":true,"href":"https:\/\/www.zunoticia.com\/noticias-de-hidalgo\/wp-json\/wp\/v2\/users\/12"}],"replies":[{"embeddable":true,"href":"https:\/\/www.zunoticia.com\/noticias-de-hidalgo\/wp-json\/wp\/v2\/comments?post=497396"}],"version-history":[{"count":1,"href":"https:\/\/www.zunoticia.com\/noticias-de-hidalgo\/wp-json\/wp\/v2\/posts\/497396\/revisions"}],"predecessor-version":[{"id":497400,"href":"https:\/\/www.zunoticia.com\/noticias-de-hidalgo\/wp-json\/wp\/v2\/posts\/497396\/revisions\/497400"}],"wp:featuredmedia":[{"embeddable":true,"href":"https:\/\/www.zunoticia.com\/noticias-de-hidalgo\/wp-json\/wp\/v2\/media\/497397"}],"wp:attachment":[{"href":"https:\/\/www.zunoticia.com\/noticias-de-hidalgo\/wp-json\/wp\/v2\/media?parent=497396"}],"wp:term":[{"taxonomy":"category","embeddable":true,"href":"https:\/\/www.zunoticia.com\/noticias-de-hidalgo\/wp-json\/wp\/v2\/categories?post=497396"},{"taxonomy":"post_tag","embeddable":true,"href":"https:\/\/www.zunoticia.com\/noticias-de-hidalgo\/wp-json\/wp\/v2\/tags?post=497396"}],"curies":[{"name":"wp","href":"https:\/\/api.w.org\/{rel}","templated":true}]}}