{"id":497401,"date":"2023-08-06T23:12:05","date_gmt":"2023-08-07T05:12:05","guid":{"rendered":"https:\/\/www.zunoticia.com\/noticias-de-hidalgo\/?p=497401"},"modified":"2023-08-06T23:12:06","modified_gmt":"2023-08-07T05:12:06","slug":"presidente-del-pri-deja-mensaje-de-unidad-en-mineral-de-la-reforma-2","status":"publish","type":"post","link":"https:\/\/www.zunoticia.com\/noticias-de-hidalgo\/2023\/08\/06\/presidente-del-pri-deja-mensaje-de-unidad-en-mineral-de-la-reforma-2\/","title":{"rendered":"Presidente del PRI deja mensaje de unidad en Mineral de la Reforma"},"content":{"rendered":"<aside class=\"mashsb-container mashsb-main mashsb-stretched\"><div class=\"mashsb-box\"><div class=\"mashsb-count mash-large\" style=\"float:left\"><div class=\"counts mashsbcount\">6<\/div><span class=\"mashsb-sharetext\">SHARES<\/span><\/div><div class=\"mashsb-buttons\"><a class=\"mashicon-facebook mash-large mash-center mashsb-noshadow\" href=\"https:\/\/www.facebook.com\/sharer.php?u=https%3A%2F%2Fwww.zunoticia.com%2Fnoticias-de-hidalgo%2F2023%2F08%2F06%2Fpresidente-del-pri-deja-mensaje-de-unidad-en-mineral-de-la-reforma-2%2F\" target=\"_top\" rel=\"nofollow\"><span class=\"icon\"><\/span><span class=\"text\">Share<\/span><\/a><a class=\"mashicon-twitter mash-large mash-center mashsb-noshadow\" href=\"https:\/\/twitter.com\/intent\/tweet?text=&amp;url=https:\/\/www.zunoticia.com\/noticias-de-hidalgo\/2023\/08\/06\/presidente-del-pri-deja-mensaje-de-unidad-en-mineral-de-la-reforma-2\/\" target=\"_top\" rel=\"nofollow\"><span class=\"icon\"><\/span><span class=\"text\">Tweet<\/span><\/a><div class=\"onoffswitch2 mash-large mashsb-noshadow\" style=\"display:none\"><\/div><\/div>\n            <\/div>\n                <div style=\"clear:both\"><\/div><div class=\"mashsb-toggle-container\"><\/div><\/aside>\n            <!-- Share buttons by mashshare.net - Version: 4.0.47-->\n<ul class=\"wp-block-list\">\n<li>Rub\u00e9n Moreira estuvo presente en la gira de trabajo en el municipio mineralense.<\/li>\n<\/ul>\n\n\n\n<p><em>Por Redacci\u00f3n\/Zunoticia<\/em><\/p>\n\n\n\n<p><strong>Pachuca, Hgo.- <\/strong>En su visita al Comit\u00e9 Municipal del PRI en Mineral de la Reforma, como parte de la \u201cgira de la Unidad\u201d, Marco Antonio Mendoza Bustamante, presidente del PRI en Hidalgo expres\u00f3: \u201camamos al partido; hoy debemos sentir orgullo de ser priistas, le hemos dado mucho a este pa\u00eds y al estado y lo vamos a seguir haciendo\u201d.<\/p>\n\n\n\n<p>Acompa\u00f1ado por el diputado federal Rub\u00e9n Moreira, secretarias, secretarios y las y los titulares de sectores y organizaciones, Mendoza Bustamante se reuni\u00f3 con la militancia de ese municipio, a quienes calific\u00f3 como\u201d priistas leales y de convicci\u00f3n revolucionaria\u201d, con quienes se comprometi\u00f3 a trabajar de la mano en favor de las y los hidalguenses.<\/p>\n\n\n\n\n\n<p>El presidente del CDE PRI Hidalgo explic\u00f3 que esta gira tiene como prop\u00f3sito visitar a todo el priismo hidalguense, brindar su respaldo y llevar un mensaje de unidad, fortaleza y de \u00e1nimo a la militancia.<\/p>\n\n\n\n<p>En su intervenci\u00f3n, Moreira Valdez destac\u00f3 la unidad y el \u00e1nimo de la militancia de Mineral de la Reforma, a quienes les dijo que, en \u00e9l, tienen un aliado para seguir trabajando, con miras a los retos del 2024.<\/p>\n\n\n\n<p>Finalmente, Jenny M\u00e1rquez, secretaria general, afirm\u00f3 \u201ces importante mantenernos unidos, es momento de sumarnos y ponernos a trabajar por Hidalgo\u201d.<\/p>\n","protected":false},"excerpt":{"rendered":"<p>Por Redacci\u00f3n\/Zunoticia Pachuca, Hgo.- En su visita al Comit\u00e9 Municipal del PRI en Mineral de la Reforma, como parte de la \u201cgira de la Unidad\u201d, Marco Antonio Mendoza Bustamante, presidente del PRI en Hidalgo expres\u00f3: \u201camamos al partido; hoy debemos sentir orgullo de ser priistas, le hemos dado mucho a este pa\u00eds y al estado&hellip; <a class=\"more-link\" href=\"https:\/\/www.zunoticia.com\/noticias-de-hidalgo\/2023\/08\/06\/presidente-del-pri-deja-mensaje-de-unidad-en-mineral-de-la-reforma-2\/\">Seguir leyendo <span class=\"screen-reader-text\">Presidente del PRI deja mensaje de unidad en Mineral de la Reforma<\/span><\/a><\/p>\n","protected":false},"author":12,"featured_media":497407,"comment_status":"closed","ping_status":"open","sticky":false,"template":"","format":"standard","meta":{"rop_custom_images_group":[],"rop_custom_messages_group":[],"rop_publish_now":"initial","rop_publish_now_accounts":{"facebook_10159540855086992_322828327761733":""},"rop_publish_now_history":[],"rop_publish_now_status":"pending","footnotes":""},"categories":[208],"tags":[214],"class_list":["post-497401","post","type-post","status-publish","format-standard","has-post-thumbnail","hentry","category-estado","tag-estado","entry"],"_links":{"self":[{"href":"https:\/\/www.zunoticia.com\/noticias-de-hidalgo\/wp-json\/wp\/v2\/posts\/497401","targetHints":{"allow":["GET"]}}],"collection":[{"href":"https:\/\/www.zunoticia.com\/noticias-de-hidalgo\/wp-json\/wp\/v2\/posts"}],"about":[{"href":"https:\/\/www.zunoticia.com\/noticias-de-hidalgo\/wp-json\/wp\/v2\/types\/post"}],"author":[{"embeddable":true,"href":"https:\/\/www.zunoticia.com\/noticias-de-hidalgo\/wp-json\/wp\/v2\/users\/12"}],"replies":[{"embeddable":true,"href":"https:\/\/www.zunoticia.com\/noticias-de-hidalgo\/wp-json\/wp\/v2\/comments?post=497401"}],"version-history":[{"count":1,"href":"https:\/\/www.zunoticia.com\/noticias-de-hidalgo\/wp-json\/wp\/v2\/posts\/497401\/revisions"}],"predecessor-version":[{"id":497408,"href":"https:\/\/www.zunoticia.com\/noticias-de-hidalgo\/wp-json\/wp\/v2\/posts\/497401\/revisions\/497408"}],"wp:featuredmedia":[{"embeddable":true,"href":"https:\/\/www.zunoticia.com\/noticias-de-hidalgo\/wp-json\/wp\/v2\/media\/497407"}],"wp:attachment":[{"href":"https:\/\/www.zunoticia.com\/noticias-de-hidalgo\/wp-json\/wp\/v2\/media?parent=497401"}],"wp:term":[{"taxonomy":"category","embeddable":true,"href":"https:\/\/www.zunoticia.com\/noticias-de-hidalgo\/wp-json\/wp\/v2\/categories?post=497401"},{"taxonomy":"post_tag","embeddable":true,"href":"https:\/\/www.zunoticia.com\/noticias-de-hidalgo\/wp-json\/wp\/v2\/tags?post=497401"}],"curies":[{"name":"wp","href":"https:\/\/api.w.org\/{rel}","templated":true}]}}