{"id":497402,"date":"2023-08-06T23:16:54","date_gmt":"2023-08-07T05:16:54","guid":{"rendered":"https:\/\/www.zunoticia.com\/noticias-de-hidalgo\/?p=497402"},"modified":"2023-08-06T23:16:55","modified_gmt":"2023-08-07T05:16:55","slug":"da-inicio-la-4ta-jornada-de-capacitacion-para-la-transformacion","status":"publish","type":"post","link":"https:\/\/www.zunoticia.com\/noticias-de-hidalgo\/2023\/08\/06\/da-inicio-la-4ta-jornada-de-capacitacion-para-la-transformacion\/","title":{"rendered":"Da inicio la 4ta Jornada de Capacitaci\u00f3n para la Transformaci\u00f3n"},"content":{"rendered":"<aside class=\"mashsb-container mashsb-main mashsb-stretched\"><div class=\"mashsb-box\"><div class=\"mashsb-count mash-large\" style=\"float:left\"><div class=\"counts mashsbcount\">1<\/div><span class=\"mashsb-sharetext\">SHARES<\/span><\/div><div class=\"mashsb-buttons\"><a class=\"mashicon-facebook mash-large mash-center mashsb-noshadow\" href=\"https:\/\/www.facebook.com\/sharer.php?u=https%3A%2F%2Fwww.zunoticia.com%2Fnoticias-de-hidalgo%2F2023%2F08%2F06%2Fda-inicio-la-4ta-jornada-de-capacitacion-para-la-transformacion%2F\" target=\"_top\" rel=\"nofollow\"><span class=\"icon\"><\/span><span class=\"text\">Share<\/span><\/a><a class=\"mashicon-twitter mash-large mash-center mashsb-noshadow\" href=\"https:\/\/twitter.com\/intent\/tweet?text=&amp;url=https:\/\/www.zunoticia.com\/noticias-de-hidalgo\/2023\/08\/06\/da-inicio-la-4ta-jornada-de-capacitacion-para-la-transformacion\/\" target=\"_top\" rel=\"nofollow\"><span class=\"icon\"><\/span><span class=\"text\">Tweet<\/span><\/a><div class=\"onoffswitch2 mash-large mashsb-noshadow\" style=\"display:none\"><\/div><\/div>\n            <\/div>\n                <div style=\"clear:both\"><\/div><div class=\"mashsb-toggle-container\"><\/div><\/aside>\n            <!-- Share buttons by mashshare.net - Version: 4.0.47-->\n<ul class=\"wp-block-list\">\n<li>Adem\u00e1s, ser\u00e1n premiados los participantes de la \u201cXV Edici\u00f3n del Premio Nacional de Contralor\u00eda Social- Etapa Estatal\u201d.<\/li>\n<\/ul>\n\n\n\n<p><em>Por Redacci\u00f3n\/Zunoticia<\/em><\/p>\n\n\n\n<p><strong>Pachuca de Soto, Hgo.- <\/strong>Del 7 al 11 de agosto, la Secretar\u00eda de Contralor\u00eda, a cargo de \u00c1lvaro Bardales Ram\u00edrez, fomentar\u00e1 la transparencia y la rendici\u00f3n de cuentas a trav\u00e9s de la 4ta. Jornada de Capacitaci\u00f3n para la Transformaci\u00f3n de Hidalgo.<\/p>\n\n\n\n<p>En ese sentido, la Comisi\u00f3n Permanente de Contralores Estado-Municipios, los Colegios Profesionales de Contadur\u00eda P\u00fablica, la Sociedad Civil con la finalidad de combatir la corrupci\u00f3n, participar\u00e1n de las diversas actividades que est\u00e1n programadas.<\/p>\n\n\n\n<p>Bajo el nombre \u201cSentido de Pertenencia de las personas servidoras p\u00fablicas\u201d, durante cinco d\u00edas se realizar\u00e1n una serie de conferencias impartidas por diversos ponentes, en modalidad presencial en la Universidad Tecnol\u00f3gica de Tulancingo (UTec), con al menos cien registros y de forma virtual a trav\u00e9s de Sat\u00e9lite Televisi\u00f3n.<\/p>\n\n\n\n<figure class=\"wp-block-image size-large\"><img fetchpriority=\"high\" decoding=\"async\" width=\"1024\" height=\"538\" src=\"https:\/\/www.zunoticia.com\/noticias-de-hidalgo\/wp-content\/uploads\/2023\/08\/Zu-Noticia-Global-03-2-2-1024x538.jpg\" alt=\"\" class=\"wp-image-497414\" srcset=\"https:\/\/www.zunoticia.com\/noticias-de-hidalgo\/wp-content\/uploads\/2023\/08\/Zu-Noticia-Global-03-2-2-1024x538.jpg 1024w, https:\/\/www.zunoticia.com\/noticias-de-hidalgo\/wp-content\/uploads\/2023\/08\/Zu-Noticia-Global-03-2-2-300x158.jpg 300w, https:\/\/www.zunoticia.com\/noticias-de-hidalgo\/wp-content\/uploads\/2023\/08\/Zu-Noticia-Global-03-2-2-768x403.jpg 768w, https:\/\/www.zunoticia.com\/noticias-de-hidalgo\/wp-content\/uploads\/2023\/08\/Zu-Noticia-Global-03-2-2.jpg 1200w\" sizes=\"(max-width: 1024px) 100vw, 1024px\" \/><\/figure>\n\n\n\n<p>Durante&nbsp; el primer d\u00eda capacitaci\u00f3n se contar\u00e1 con temas como \u2018Norma Mexicana NMX R 025 en Igualdad Laboral y No Discriminaci\u00f3n\u2019, \u2018Cumplimiento del C\u00f3digo de \u00e9tica y conducta desde las perspectiva de un estado de bienestar emocional\u2019, \u2018Protocolo Cero\u2019, as\u00ed como \u2018Perspectiva de G\u00e9nero&nbsp; y Masculinidad\u2019.<\/p>\n\n\n\n<p>De igual manera, se llevar\u00e1&nbsp; a cabo la premiaci\u00f3n de la \u201cXV Edici\u00f3n del Premio Nacional de Contralor\u00eda Social &#8211; Etapa Estatal\u201d, por parte de la Direcci\u00f3n General de Vinculaci\u00f3n.<\/p>\n\n\n\n<p>Esta distinci\u00f3n, tiene como finalidad incentivar y reconocer las mejores pr\u00e1cticas realizadas por los Comit\u00e9s de Contralor\u00eda Social constituidos durante el ejercicio fiscal 2022\u20132023.<\/p>\n\n\n\n<p>De esa forma, organizaciones y sociedad en general, presentan sus experiencias y\/o propuestas de mejora relacionadas con acciones de vigilancia ciudadana en la gesti\u00f3n p\u00fablica que fomenten la transparencia, la rendici\u00f3n de cuentas e inciden en el combate a la corrupci\u00f3n.<\/p>\n\n\n\n<p>La premiaci\u00f3n se llevar\u00e1 a cabo en dos categor\u00edas:<\/p>\n\n\n\n<ul class=\"wp-block-list\">\n<li>\u201cAcciones de los Comit\u00e9s\u201d: para quienes hayan realizado propuestas de mejora a las actividades de organizaci\u00f3n, de seguimiento y vigilancia de los programas de apoyo, obra o servicios que se ejecutan con recursos p\u00fablicos federales, estatales o municipales.<\/li>\n<\/ul>\n\n\n\n<ul class=\"wp-block-list\">\n<li>\u25cf&nbsp;&nbsp;&nbsp;&nbsp;&nbsp;&nbsp;&nbsp;&nbsp; \u201cAcciones de vigilancia ciudadana en la gesti\u00f3n p\u00fablica\u201d, para organizaciones de la sociedad civil y la sociedad en general que presentaron experiencias y\/o propuestas de mejora relacionadas con acciones de vigilancia ciudadana en la gesti\u00f3n p\u00fablica que fomentan la transparencia, la rendici\u00f3n de cuentas e inciden en el combate a la corrupci\u00f3n.<\/li>\n<\/ul>\n\n\n\n<p>Cabe resaltar que los trabajos de capacitaci\u00f3n tendr\u00e1n un horario de las&nbsp; 16:00 a 20:00&nbsp; con acceso de 15:30 a 16:00 horas; por lo que el programa de ponencias podr\u00e1 ser consultado mediante las redes oficiales de la Contralor\u00eda.<\/p>\n","protected":false},"excerpt":{"rendered":"<p>Por Redacci\u00f3n\/Zunoticia Pachuca de Soto, Hgo.- Del 7 al 11 de agosto, la Secretar\u00eda de Contralor\u00eda, a cargo de \u00c1lvaro Bardales Ram\u00edrez, fomentar\u00e1 la transparencia y la rendici\u00f3n de cuentas a trav\u00e9s de la 4ta. Jornada de Capacitaci\u00f3n para la Transformaci\u00f3n de Hidalgo. En ese sentido, la Comisi\u00f3n Permanente de Contralores Estado-Municipios, los Colegios Profesionales&hellip; <a class=\"more-link\" href=\"https:\/\/www.zunoticia.com\/noticias-de-hidalgo\/2023\/08\/06\/da-inicio-la-4ta-jornada-de-capacitacion-para-la-transformacion\/\">Seguir leyendo <span class=\"screen-reader-text\">Da inicio la 4ta Jornada de Capacitaci\u00f3n para la Transformaci\u00f3n<\/span><\/a><\/p>\n","protected":false},"author":12,"featured_media":497413,"comment_status":"closed","ping_status":"open","sticky":false,"template":"","format":"standard","meta":{"rop_custom_images_group":[],"rop_custom_messages_group":[],"rop_publish_now":"initial","rop_publish_now_accounts":{"facebook_10159540855086992_322828327761733":""},"rop_publish_now_history":[],"rop_publish_now_status":"pending","footnotes":""},"categories":[208],"tags":[214],"class_list":["post-497402","post","type-post","status-publish","format-standard","has-post-thumbnail","hentry","category-estado","tag-estado","entry"],"_links":{"self":[{"href":"https:\/\/www.zunoticia.com\/noticias-de-hidalgo\/wp-json\/wp\/v2\/posts\/497402","targetHints":{"allow":["GET"]}}],"collection":[{"href":"https:\/\/www.zunoticia.com\/noticias-de-hidalgo\/wp-json\/wp\/v2\/posts"}],"about":[{"href":"https:\/\/www.zunoticia.com\/noticias-de-hidalgo\/wp-json\/wp\/v2\/types\/post"}],"author":[{"embeddable":true,"href":"https:\/\/www.zunoticia.com\/noticias-de-hidalgo\/wp-json\/wp\/v2\/users\/12"}],"replies":[{"embeddable":true,"href":"https:\/\/www.zunoticia.com\/noticias-de-hidalgo\/wp-json\/wp\/v2\/comments?post=497402"}],"version-history":[{"count":1,"href":"https:\/\/www.zunoticia.com\/noticias-de-hidalgo\/wp-json\/wp\/v2\/posts\/497402\/revisions"}],"predecessor-version":[{"id":497415,"href":"https:\/\/www.zunoticia.com\/noticias-de-hidalgo\/wp-json\/wp\/v2\/posts\/497402\/revisions\/497415"}],"wp:featuredmedia":[{"embeddable":true,"href":"https:\/\/www.zunoticia.com\/noticias-de-hidalgo\/wp-json\/wp\/v2\/media\/497413"}],"wp:attachment":[{"href":"https:\/\/www.zunoticia.com\/noticias-de-hidalgo\/wp-json\/wp\/v2\/media?parent=497402"}],"wp:term":[{"taxonomy":"category","embeddable":true,"href":"https:\/\/www.zunoticia.com\/noticias-de-hidalgo\/wp-json\/wp\/v2\/categories?post=497402"},{"taxonomy":"post_tag","embeddable":true,"href":"https:\/\/www.zunoticia.com\/noticias-de-hidalgo\/wp-json\/wp\/v2\/tags?post=497402"}],"curies":[{"name":"wp","href":"https:\/\/api.w.org\/{rel}","templated":true}]}}