{"id":497403,"date":"2023-08-06T23:19:13","date_gmt":"2023-08-07T05:19:13","guid":{"rendered":"https:\/\/www.zunoticia.com\/noticias-de-hidalgo\/?p=497403"},"modified":"2023-08-06T23:19:20","modified_gmt":"2023-08-07T05:19:20","slug":"programa-cultural-alas-y-raices-reconoce-a-ninas-y-ninos-como-titulares-de-derechos","status":"publish","type":"post","link":"https:\/\/www.zunoticia.com\/noticias-de-hidalgo\/2023\/08\/06\/programa-cultural-alas-y-raices-reconoce-a-ninas-y-ninos-como-titulares-de-derechos\/","title":{"rendered":"Programa cultural \u201cAlas y ra\u00edces\u201d reconoce a ni\u00f1as y ni\u00f1os como titulares de derechos"},"content":{"rendered":"<aside class=\"mashsb-container mashsb-main mashsb-stretched\"><div class=\"mashsb-box\"><div class=\"mashsb-count mash-large\" style=\"float:left\"><div class=\"counts mashsbcount\">0<\/div><span class=\"mashsb-sharetext\">SHARES<\/span><\/div><div class=\"mashsb-buttons\"><a class=\"mashicon-facebook mash-large mash-center mashsb-noshadow\" href=\"https:\/\/www.facebook.com\/sharer.php?u=https%3A%2F%2Fwww.zunoticia.com%2Fnoticias-de-hidalgo%2F2023%2F08%2F06%2Fprograma-cultural-alas-y-raices-reconoce-a-ninas-y-ninos-como-titulares-de-derechos%2F\" target=\"_top\" rel=\"nofollow\"><span class=\"icon\"><\/span><span class=\"text\">Share<\/span><\/a><a class=\"mashicon-twitter mash-large mash-center mashsb-noshadow\" href=\"https:\/\/twitter.com\/intent\/tweet?text=&amp;url=https:\/\/www.zunoticia.com\/noticias-de-hidalgo\/2023\/08\/06\/programa-cultural-alas-y-raices-reconoce-a-ninas-y-ninos-como-titulares-de-derechos\/\" target=\"_top\" rel=\"nofollow\"><span class=\"icon\"><\/span><span class=\"text\">Tweet<\/span><\/a><div class=\"onoffswitch2 mash-large mashsb-noshadow\" style=\"display:none\"><\/div><\/div>\n            <\/div>\n                <div style=\"clear:both\"><\/div><div class=\"mashsb-toggle-container\"><\/div><\/aside>\n            <!-- Share buttons by mashshare.net - Version: 4.0.47-->\n<ul class=\"wp-block-list\">\n<li>Tras varios a\u00f1os de no operar en la entidad, vuelve con 58 actividades art\u00edsticas y culturales que se llevar\u00e1n a cabo en agosto.<\/li>\n\n\n\n<li>La Secretar\u00eda de Cultura trabaja en el reconocimiento de ni\u00f1as, ni\u00f1os y adolescentes como agentes de cambio y transformaci\u00f3n.<\/li>\n<\/ul>\n\n\n\n<p><em>Por Redacci\u00f3n\/Zunoticia<\/em><\/p>\n\n\n\n<p><strong>Pachuca de Soto, Hgo.- <\/strong>La Secretar\u00eda de Cultura, a cargo de Tania Meza Escorza, a trav\u00e9s del Consejo Estatal para la Cultura y las Artes de Hidalgo (Cecultah), conform\u00f3 una oferta cultural de 58 actividades art\u00edsticas y culturales para ni\u00f1as, ni\u00f1os y adolescentes mediante el programa \u201cAlas y ra\u00edces\u201d, el cual reconoce a estos sectores de la poblaci\u00f3n como titulares de sus derechos.<\/p>\n\n\n\n<p>Tania Meza mencion\u00f3 que, tras varios a\u00f1os de no operar en la entidad, el programa \u201cAlas y ra\u00edces\u201d vuelve con 58 actividades art\u00edsticas y culturales, que se llevar\u00e1n a cabo en agosto de manera descentralizada para que la oferta est\u00e9 al alcance de todas y todos, en espacios como la Biblioteca Central Ricardo Garibay, bibliotecas p\u00fablicas municipales y regionales, as\u00ed como salas de lectura, Centros Culturales Regionales y Casas de la Cultura con el objetivo de ampliar las posibilidades de participaci\u00f3n y expresi\u00f3n para infancias y adolescencias.<\/p>\n\n\n\n<p>\u201cSe trata de un programa federal que opera a trav\u00e9s de la Coordinaci\u00f3n Nacional de Desarrollo Cultural Infantil y, en colaboraci\u00f3n con las entidades federativas, reconoce a ni\u00f1as, ni\u00f1os y j\u00f3venes como titulares de derechos, fortalece los procesos de construcci\u00f3n de sus identidades con una gama de recursos, experiencias, conocimientos, ideas, tradiciones, expresiones y costumbres de sus comunidades\u201d, destac\u00f3 Meza Escorza.<\/p>\n\n\n\n<p>De esta manera, \u201cAlas y ra\u00edces\u201d contar\u00e1 con diferentes tipos de actividades art\u00edsticas y culturales: 20 talleres de teatro, m\u00fasica, literatura, artes visuales y bordado de Pepenado en Trencilla (Tlaxinepali) de la Huasteca hidalguense, que ser\u00e1n impartidos en Atlapexco, Emiliano Zapata, Huejutla de Reyes, Ixmiquilpan, Pachuca de soto, Tepeapulco y Yahualica.<\/p>\n\n\n\n<figure class=\"wp-block-image size-large\"><img fetchpriority=\"high\" decoding=\"async\" width=\"1024\" height=\"538\" src=\"https:\/\/www.zunoticia.com\/noticias-de-hidalgo\/wp-content\/uploads\/2023\/08\/Zu-Noticia-Global-04-2-2-1024x538.jpg\" alt=\"\" class=\"wp-image-497417\" srcset=\"https:\/\/www.zunoticia.com\/noticias-de-hidalgo\/wp-content\/uploads\/2023\/08\/Zu-Noticia-Global-04-2-2-1024x538.jpg 1024w, https:\/\/www.zunoticia.com\/noticias-de-hidalgo\/wp-content\/uploads\/2023\/08\/Zu-Noticia-Global-04-2-2-300x158.jpg 300w, https:\/\/www.zunoticia.com\/noticias-de-hidalgo\/wp-content\/uploads\/2023\/08\/Zu-Noticia-Global-04-2-2-768x403.jpg 768w, https:\/\/www.zunoticia.com\/noticias-de-hidalgo\/wp-content\/uploads\/2023\/08\/Zu-Noticia-Global-04-2-2.jpg 1200w\" sizes=\"(max-width: 1024px) 100vw, 1024px\" \/><\/figure>\n\n\n\n<p>Asimismo, 21 presentaciones de narraci\u00f3n oral en Emiliano Zapata, Huichapan, Ixmiquilpan, Mineral del Monte, Pachuca de Soto, Tepeapulco y Zimap\u00e1n; 12 funciones de obras de teatro para infancias en Huichapan, Ixmiquilpan, Mineral del Monte, Pachuca, Tepeapulco y Zimap\u00e1n. Finalmente, cinco presentaciones musicales con repertorio dirigido a infancias y adolescencias en Mineral del Monte, Pachuca y Tepeapulco.<\/p>\n\n\n\n<p>Con este programa, la Secretar\u00eda de Cultura asume que el derecho de ni\u00f1as, ni\u00f1os y adolescentes a participar y disfrutar plenamente de la vida cultural y art\u00edstica tiene cinco dimensiones interrelacionadas, que se refuerzan mutuamente con acciones que favorecen y fortalecen el acceso, disfrute, participaci\u00f3n, contribuci\u00f3n y formaci\u00f3n.<\/p>\n\n\n\n<p>Con el programa \u201cAlas y ra\u00edces\u201d en Hidalgo, la dependencia estatal trabaja en el reconocimiento de las ni\u00f1as, ni\u00f1os y adolescentes como agentes de cambio y transformaci\u00f3n sociocultural para dar cumplimiento a lo establecido por el gobernador Julio Menchaca Salazar, de entregar resultados que mejoran vidas.<\/p>\n","protected":false},"excerpt":{"rendered":"<p>Por Redacci\u00f3n\/Zunoticia Pachuca de Soto, Hgo.- La Secretar\u00eda de Cultura, a cargo de Tania Meza Escorza, a trav\u00e9s del Consejo Estatal para la Cultura y las Artes de Hidalgo (Cecultah), conform\u00f3 una oferta cultural de 58 actividades art\u00edsticas y culturales para ni\u00f1as, ni\u00f1os y adolescentes mediante el programa \u201cAlas y ra\u00edces\u201d, el cual reconoce a&hellip; <a class=\"more-link\" href=\"https:\/\/www.zunoticia.com\/noticias-de-hidalgo\/2023\/08\/06\/programa-cultural-alas-y-raices-reconoce-a-ninas-y-ninos-como-titulares-de-derechos\/\">Seguir leyendo <span class=\"screen-reader-text\">Programa cultural \u201cAlas y ra\u00edces\u201d reconoce a ni\u00f1as y ni\u00f1os como titulares de derechos<\/span><\/a><\/p>\n","protected":false},"author":12,"featured_media":497416,"comment_status":"closed","ping_status":"open","sticky":false,"template":"","format":"standard","meta":{"rop_custom_images_group":[],"rop_custom_messages_group":[],"rop_publish_now":"initial","rop_publish_now_accounts":{"facebook_10159540855086992_322828327761733":""},"rop_publish_now_history":[],"rop_publish_now_status":"pending","footnotes":""},"categories":[208],"tags":[214],"class_list":["post-497403","post","type-post","status-publish","format-standard","has-post-thumbnail","hentry","category-estado","tag-estado","entry"],"_links":{"self":[{"href":"https:\/\/www.zunoticia.com\/noticias-de-hidalgo\/wp-json\/wp\/v2\/posts\/497403","targetHints":{"allow":["GET"]}}],"collection":[{"href":"https:\/\/www.zunoticia.com\/noticias-de-hidalgo\/wp-json\/wp\/v2\/posts"}],"about":[{"href":"https:\/\/www.zunoticia.com\/noticias-de-hidalgo\/wp-json\/wp\/v2\/types\/post"}],"author":[{"embeddable":true,"href":"https:\/\/www.zunoticia.com\/noticias-de-hidalgo\/wp-json\/wp\/v2\/users\/12"}],"replies":[{"embeddable":true,"href":"https:\/\/www.zunoticia.com\/noticias-de-hidalgo\/wp-json\/wp\/v2\/comments?post=497403"}],"version-history":[{"count":2,"href":"https:\/\/www.zunoticia.com\/noticias-de-hidalgo\/wp-json\/wp\/v2\/posts\/497403\/revisions"}],"predecessor-version":[{"id":497419,"href":"https:\/\/www.zunoticia.com\/noticias-de-hidalgo\/wp-json\/wp\/v2\/posts\/497403\/revisions\/497419"}],"wp:featuredmedia":[{"embeddable":true,"href":"https:\/\/www.zunoticia.com\/noticias-de-hidalgo\/wp-json\/wp\/v2\/media\/497416"}],"wp:attachment":[{"href":"https:\/\/www.zunoticia.com\/noticias-de-hidalgo\/wp-json\/wp\/v2\/media?parent=497403"}],"wp:term":[{"taxonomy":"category","embeddable":true,"href":"https:\/\/www.zunoticia.com\/noticias-de-hidalgo\/wp-json\/wp\/v2\/categories?post=497403"},{"taxonomy":"post_tag","embeddable":true,"href":"https:\/\/www.zunoticia.com\/noticias-de-hidalgo\/wp-json\/wp\/v2\/tags?post=497403"}],"curies":[{"name":"wp","href":"https:\/\/api.w.org\/{rel}","templated":true}]}}