{"id":497404,"date":"2023-08-06T23:14:05","date_gmt":"2023-08-07T05:14:05","guid":{"rendered":"https:\/\/www.zunoticia.com\/noticias-de-hidalgo\/?p=497404"},"modified":"2023-08-06T23:14:15","modified_gmt":"2023-08-07T05:14:15","slug":"concluyeron-actividades-de-la-segunda-edicion-expo-cafe-2023","status":"publish","type":"post","link":"https:\/\/www.zunoticia.com\/noticias-de-hidalgo\/2023\/08\/06\/concluyeron-actividades-de-la-segunda-edicion-expo-cafe-2023\/","title":{"rendered":"Concluyeron actividades de la Segunda Edici\u00f3n Expo Caf\u00e9 2023"},"content":{"rendered":"<aside class=\"mashsb-container mashsb-main mashsb-stretched\"><div class=\"mashsb-box\"><div class=\"mashsb-count mash-large\" style=\"float:left\"><div class=\"counts mashsbcount\">22<\/div><span class=\"mashsb-sharetext\">SHARES<\/span><\/div><div class=\"mashsb-buttons\"><a class=\"mashicon-facebook mash-large mash-center mashsb-noshadow\" href=\"https:\/\/www.facebook.com\/sharer.php?u=https%3A%2F%2Fwww.zunoticia.com%2Fnoticias-de-hidalgo%2F2023%2F08%2F06%2Fconcluyeron-actividades-de-la-segunda-edicion-expo-cafe-2023%2F\" target=\"_top\" rel=\"nofollow\"><span class=\"icon\"><\/span><span class=\"text\">Share<\/span><\/a><a class=\"mashicon-twitter mash-large mash-center mashsb-noshadow\" href=\"https:\/\/twitter.com\/intent\/tweet?text=&amp;url=https:\/\/www.zunoticia.com\/noticias-de-hidalgo\/2023\/08\/06\/concluyeron-actividades-de-la-segunda-edicion-expo-cafe-2023\/\" target=\"_top\" rel=\"nofollow\"><span class=\"icon\"><\/span><span class=\"text\">Tweet<\/span><\/a><div class=\"onoffswitch2 mash-large mashsb-noshadow\" style=\"display:none\"><\/div><\/div>\n            <\/div>\n                <div style=\"clear:both\"><\/div><div class=\"mashsb-toggle-container\"><\/div><\/aside>\n            <!-- Share buttons by mashshare.net - Version: 4.0.47-->\n<ul class=\"wp-block-list\">\n<li>Con buena aceptaci\u00f3n y participaci\u00f3n del sector y la ciudadan\u00eda.<\/li>\n<\/ul>\n\n\n\n<p><em>Por Redacci\u00f3n\/Zunoticia<\/em><\/p>\n\n\n\n<p><strong>Pachuca de Soto, Hgo.- <\/strong>El titular de la Secretar\u00eda de Agricultura y Desarrollo Rural de Hidalgo (Saderh), Napole\u00f3n Gonz\u00e1lez P\u00e9rez, realiz\u00f3 la clausura formal de la Segunda Edici\u00f3n de la Expo Caf\u00e9 2023, donde recorri\u00f3 todos y cada uno de los stands donde integrantes de este sector participaron con la exhibici\u00f3n de sus productos.<\/p>\n\n\n\n<p>En su mensaje, el secretario manifest\u00f3: \u201cSi algo ha afectado al campo hidalguense es la falta de oportunidades, la falta de espacios fijos, para que la gente trabajadora del campo pueda comercializar y vender sus productos&nbsp; de manera directa; que sean ellos, la gente que trabaja, la gente que est\u00e1&nbsp; ocho horas a todo rayo de sol, que buscan una oportunidad d\u00f3nde vender su producci\u00f3n, producci\u00f3n con calidad, hoy en espec\u00edfico de caf\u00e9, un caf\u00e9 de buen sabor, caf\u00e9 de las distintas regiones, de la huasteca, de la sierra alta, de la sierra gorda, de la Otom\u00ed-Tepehua, caf\u00e9&nbsp; de buena calidad\u201d.<\/p>\n\n\n\n<figure class=\"wp-block-image size-large\"><img fetchpriority=\"high\" decoding=\"async\" width=\"1024\" height=\"538\" src=\"https:\/\/www.zunoticia.com\/noticias-de-hidalgo\/wp-content\/uploads\/2023\/08\/Zu-Noticia-Global-02-2-2-1-1024x538.jpg\" alt=\"\" class=\"wp-image-497410\" srcset=\"https:\/\/www.zunoticia.com\/noticias-de-hidalgo\/wp-content\/uploads\/2023\/08\/Zu-Noticia-Global-02-2-2-1-1024x538.jpg 1024w, https:\/\/www.zunoticia.com\/noticias-de-hidalgo\/wp-content\/uploads\/2023\/08\/Zu-Noticia-Global-02-2-2-1-300x158.jpg 300w, https:\/\/www.zunoticia.com\/noticias-de-hidalgo\/wp-content\/uploads\/2023\/08\/Zu-Noticia-Global-02-2-2-1-768x403.jpg 768w, https:\/\/www.zunoticia.com\/noticias-de-hidalgo\/wp-content\/uploads\/2023\/08\/Zu-Noticia-Global-02-2-2-1.jpg 1200w\" sizes=\"(max-width: 1024px) 100vw, 1024px\" \/><\/figure>\n\n\n\n<p>De ah\u00ed que se resaltara que el gobierno que encabeza Julio Menchaca Salazar apoya e impulsa oportunidades para las y los productores de caf\u00e9 en el estado, y de esta manera se fortalezca el autoempleo y ocupen espacios para dar a conocer sus productos.<\/p>\n\n\n\n<p>Napole\u00f3n Gonz\u00e1lez tambi\u00e9n destac\u00f3 el trabajo coordinado entre el Gobierno de Hidalgo y los empresarios, y agradeci\u00f3 a Canaco Servytur y a las secretar\u00edas que colaboraron de cerca en esta segunda edici\u00f3n de la Expo Caf\u00e9 2023; gracias a todos aquellos que tenemos todo el inter\u00e9s de fomentar la comercializaci\u00f3n y el trato directo con las y los productores del campo, manifest\u00f3.<\/p>\n\n\n\n<p>En este importante evento estuvieron presentes expositores de Hidalgo, Puebla, Veracruz, Chiapas y Oaxaca, quienes participaron, junto con la ciudadan\u00eda asistente, en talleres, foros y diferentes actividades relacionadas con el exquisito grano.<\/p>\n\n\n\n<p>Asimismo, se fomentaron y consolidaron negocios y tratos entre productores y empresarios que buscaron proveedores e insumos para sus restaurantes y cafeter\u00edas.<\/p>\n\n\n\n<p>Los datos espec\u00edficos de aforo, derrama econ\u00f3mica, beneficios, entre otros, est\u00e1n siendo recopilados por las \u00e1reas organizadoras y se dar\u00e1n a conocer en los pr\u00f3ximos d\u00edas.<\/p>\n\n\n\n<p>Finalmente, cabe mencionar que las dos primeras ediciones de esta Expo Caf\u00e9 han sido bien aceptadas, por lo que se contempla su realizaci\u00f3n a\u00f1o con a\u00f1o, con el objetivo de continuar impulsando la comercializaci\u00f3n de los productos cafetaleros.<\/p>\n","protected":false},"excerpt":{"rendered":"<p>Por Redacci\u00f3n\/Zunoticia Pachuca de Soto, Hgo.- El titular de la Secretar\u00eda de Agricultura y Desarrollo Rural de Hidalgo (Saderh), Napole\u00f3n Gonz\u00e1lez P\u00e9rez, realiz\u00f3 la clausura formal de la Segunda Edici\u00f3n de la Expo Caf\u00e9 2023, donde recorri\u00f3 todos y cada uno de los stands donde integrantes de este sector participaron con la exhibici\u00f3n de sus&hellip; <a class=\"more-link\" href=\"https:\/\/www.zunoticia.com\/noticias-de-hidalgo\/2023\/08\/06\/concluyeron-actividades-de-la-segunda-edicion-expo-cafe-2023\/\">Seguir leyendo <span class=\"screen-reader-text\">Concluyeron actividades de la Segunda Edici\u00f3n Expo Caf\u00e9 2023<\/span><\/a><\/p>\n","protected":false},"author":12,"featured_media":497409,"comment_status":"closed","ping_status":"open","sticky":false,"template":"","format":"standard","meta":{"rop_custom_images_group":[],"rop_custom_messages_group":[],"rop_publish_now":"initial","rop_publish_now_accounts":{"facebook_10159540855086992_322828327761733":""},"rop_publish_now_history":[],"rop_publish_now_status":"pending","footnotes":""},"categories":[208],"tags":[214],"class_list":["post-497404","post","type-post","status-publish","format-standard","has-post-thumbnail","hentry","category-estado","tag-estado","entry"],"_links":{"self":[{"href":"https:\/\/www.zunoticia.com\/noticias-de-hidalgo\/wp-json\/wp\/v2\/posts\/497404","targetHints":{"allow":["GET"]}}],"collection":[{"href":"https:\/\/www.zunoticia.com\/noticias-de-hidalgo\/wp-json\/wp\/v2\/posts"}],"about":[{"href":"https:\/\/www.zunoticia.com\/noticias-de-hidalgo\/wp-json\/wp\/v2\/types\/post"}],"author":[{"embeddable":true,"href":"https:\/\/www.zunoticia.com\/noticias-de-hidalgo\/wp-json\/wp\/v2\/users\/12"}],"replies":[{"embeddable":true,"href":"https:\/\/www.zunoticia.com\/noticias-de-hidalgo\/wp-json\/wp\/v2\/comments?post=497404"}],"version-history":[{"count":2,"href":"https:\/\/www.zunoticia.com\/noticias-de-hidalgo\/wp-json\/wp\/v2\/posts\/497404\/revisions"}],"predecessor-version":[{"id":497412,"href":"https:\/\/www.zunoticia.com\/noticias-de-hidalgo\/wp-json\/wp\/v2\/posts\/497404\/revisions\/497412"}],"wp:featuredmedia":[{"embeddable":true,"href":"https:\/\/www.zunoticia.com\/noticias-de-hidalgo\/wp-json\/wp\/v2\/media\/497409"}],"wp:attachment":[{"href":"https:\/\/www.zunoticia.com\/noticias-de-hidalgo\/wp-json\/wp\/v2\/media?parent=497404"}],"wp:term":[{"taxonomy":"category","embeddable":true,"href":"https:\/\/www.zunoticia.com\/noticias-de-hidalgo\/wp-json\/wp\/v2\/categories?post=497404"},{"taxonomy":"post_tag","embeddable":true,"href":"https:\/\/www.zunoticia.com\/noticias-de-hidalgo\/wp-json\/wp\/v2\/tags?post=497404"}],"curies":[{"name":"wp","href":"https:\/\/api.w.org\/{rel}","templated":true}]}}