{"id":497461,"date":"2023-08-07T11:36:15","date_gmt":"2023-08-07T17:36:15","guid":{"rendered":"https:\/\/www.zunoticia.com\/noticias-de-hidalgo\/?p=497461"},"modified":"2023-08-07T11:36:16","modified_gmt":"2023-08-07T17:36:16","slug":"celebrara-diocesis-de-huejutla-el-dia-de-los-pueblos-originarios","status":"publish","type":"post","link":"https:\/\/www.zunoticia.com\/noticias-de-hidalgo\/2023\/08\/07\/celebrara-diocesis-de-huejutla-el-dia-de-los-pueblos-originarios\/","title":{"rendered":"Celebrar\u00e1 Di\u00f3cesis de Huejutla el D\u00eda de los Pueblos Originarios"},"content":{"rendered":"<aside class=\"mashsb-container mashsb-main mashsb-stretched\"><div class=\"mashsb-box\"><div class=\"mashsb-count mash-large\" style=\"float:left\"><div class=\"counts mashsbcount\">1<\/div><span class=\"mashsb-sharetext\">SHARES<\/span><\/div><div class=\"mashsb-buttons\"><a class=\"mashicon-facebook mash-large mash-center mashsb-noshadow\" href=\"https:\/\/www.facebook.com\/sharer.php?u=https%3A%2F%2Fwww.zunoticia.com%2Fnoticias-de-hidalgo%2F2023%2F08%2F07%2Fcelebrara-diocesis-de-huejutla-el-dia-de-los-pueblos-originarios%2F\" target=\"_top\" rel=\"nofollow\"><span class=\"icon\"><\/span><span class=\"text\">Share<\/span><\/a><a class=\"mashicon-twitter mash-large mash-center mashsb-noshadow\" href=\"https:\/\/twitter.com\/intent\/tweet?text=&amp;url=https:\/\/www.zunoticia.com\/noticias-de-hidalgo\/2023\/08\/07\/celebrara-diocesis-de-huejutla-el-dia-de-los-pueblos-originarios\/\" target=\"_top\" rel=\"nofollow\"><span class=\"icon\"><\/span><span class=\"text\">Tweet<\/span><\/a><div class=\"onoffswitch2 mash-large mashsb-noshadow\" style=\"display:none\"><\/div><\/div>\n            <\/div>\n                <div style=\"clear:both\"><\/div><div class=\"mashsb-toggle-container\"><\/div><\/aside>\n            <!-- Share buttons by mashshare.net - Version: 4.0.47-->\n<p><em>Por Enedino Hern\u00e1ndez\/Zunoticia<\/em><\/p>\n\n\n\n<p><strong>Huejutla, Hgo<\/strong>.- En el marco de la celebraci\u00f3n del D\u00eda de los Pueblos Originarios, la Di\u00f3cesis de Huejutla de Reyes ha programado una serie de actividades para el d\u00eda mi\u00e9rcoles 9 de agosto, confirm\u00f3 el se\u00f1or Obispo, Jos\u00e9 Hir\u00e1is Acosta Beltr\u00e1n.<\/p>\n\n\n\n<p>Dijo que, las actividades se llevar\u00e1n a cabo en el cerro de Tzintepetl de Santo Tom\u00e1s, en el municipio de Atlapexco e iniciar\u00e1n a las 10:00 horas, con un rito de purificaci\u00f3n y a las 11:00 horas una misa a cargo del propio Obispo de Huejutla.<\/p>\n\n\n\n<p>Reconoci\u00f3 que, la regi\u00f3n de la huasteca se caracteriza por estar mayormente integrada de pueblos originarios y es por ello, que la Di\u00f3cesis de Huejutla se une a las actividades para celebrar este d\u00eda.<\/p>\n\n\n\n<p>Confirm\u00f3 que, esta actividad es promovida por la Di\u00f3cesis de Huejutla de Reyes, a trav\u00e9s del Padre Arturo Zavala, quien es el encargado de la Pastoral de los Pueblos Originarios junto con su equipo de trabajo.<\/p>\n\n\n\n<p>Detall\u00f3 que, celebrar a los Pueblos Originarios significa acompa\u00f1ar de manera permanente y no solo un d\u00eda, en las necesidades, proyectos e inquietudes que tienen, \u201cal momento ellos siguen siendo marginados en diversas formas, incluso por la migraci\u00f3n sufren tambi\u00e9n de una esclavitud moderna\u201d.<\/p>\n\n\n\n<p><\/p>\n","protected":false},"excerpt":{"rendered":"<p>Por Enedino Hern\u00e1ndez\/Zunoticia Huejutla, Hgo.- En el marco de la celebraci\u00f3n del D\u00eda de los Pueblos Originarios, la Di\u00f3cesis de Huejutla de Reyes ha programado una serie de actividades para el d\u00eda mi\u00e9rcoles 9 de agosto, confirm\u00f3 el se\u00f1or Obispo, Jos\u00e9 Hir\u00e1is Acosta Beltr\u00e1n. Dijo que, las actividades se llevar\u00e1n a cabo en el cerro&hellip; <a class=\"more-link\" href=\"https:\/\/www.zunoticia.com\/noticias-de-hidalgo\/2023\/08\/07\/celebrara-diocesis-de-huejutla-el-dia-de-los-pueblos-originarios\/\">Seguir leyendo <span class=\"screen-reader-text\">Celebrar\u00e1 Di\u00f3cesis de Huejutla el D\u00eda de los Pueblos Originarios<\/span><\/a><\/p>\n","protected":false},"author":20,"featured_media":497462,"comment_status":"closed","ping_status":"open","sticky":false,"template":"","format":"standard","meta":{"rop_custom_images_group":[],"rop_custom_messages_group":[],"rop_publish_now":"initial","rop_publish_now_accounts":{"facebook_10159540855086992_322828327761733":""},"rop_publish_now_history":[],"rop_publish_now_status":"pending","footnotes":""},"categories":[181],"tags":[121],"class_list":["post-497461","post","type-post","status-publish","format-standard","has-post-thumbnail","hentry","category-huejutla","tag-huejutla","entry"],"_links":{"self":[{"href":"https:\/\/www.zunoticia.com\/noticias-de-hidalgo\/wp-json\/wp\/v2\/posts\/497461","targetHints":{"allow":["GET"]}}],"collection":[{"href":"https:\/\/www.zunoticia.com\/noticias-de-hidalgo\/wp-json\/wp\/v2\/posts"}],"about":[{"href":"https:\/\/www.zunoticia.com\/noticias-de-hidalgo\/wp-json\/wp\/v2\/types\/post"}],"author":[{"embeddable":true,"href":"https:\/\/www.zunoticia.com\/noticias-de-hidalgo\/wp-json\/wp\/v2\/users\/20"}],"replies":[{"embeddable":true,"href":"https:\/\/www.zunoticia.com\/noticias-de-hidalgo\/wp-json\/wp\/v2\/comments?post=497461"}],"version-history":[{"count":1,"href":"https:\/\/www.zunoticia.com\/noticias-de-hidalgo\/wp-json\/wp\/v2\/posts\/497461\/revisions"}],"predecessor-version":[{"id":497463,"href":"https:\/\/www.zunoticia.com\/noticias-de-hidalgo\/wp-json\/wp\/v2\/posts\/497461\/revisions\/497463"}],"wp:featuredmedia":[{"embeddable":true,"href":"https:\/\/www.zunoticia.com\/noticias-de-hidalgo\/wp-json\/wp\/v2\/media\/497462"}],"wp:attachment":[{"href":"https:\/\/www.zunoticia.com\/noticias-de-hidalgo\/wp-json\/wp\/v2\/media?parent=497461"}],"wp:term":[{"taxonomy":"category","embeddable":true,"href":"https:\/\/www.zunoticia.com\/noticias-de-hidalgo\/wp-json\/wp\/v2\/categories?post=497461"},{"taxonomy":"post_tag","embeddable":true,"href":"https:\/\/www.zunoticia.com\/noticias-de-hidalgo\/wp-json\/wp\/v2\/tags?post=497461"}],"curies":[{"name":"wp","href":"https:\/\/api.w.org\/{rel}","templated":true}]}}