{"id":497522,"date":"2023-08-07T16:39:39","date_gmt":"2023-08-07T22:39:39","guid":{"rendered":"https:\/\/www.zunoticia.com\/noticias-de-hidalgo\/?p=497522"},"modified":"2023-08-07T16:39:40","modified_gmt":"2023-08-07T22:39:40","slug":"primerforo-de-consulta-para-la-ley-de-personas-con-autismo-de-hidalgo","status":"publish","type":"post","link":"https:\/\/www.zunoticia.com\/noticias-de-hidalgo\/2023\/08\/07\/primerforo-de-consulta-para-la-ley-de-personas-con-autismo-de-hidalgo\/","title":{"rendered":"PrimerForo de Consulta para la Ley de Personas con Autismo de Hidalgo"},"content":{"rendered":"<aside class=\"mashsb-container mashsb-main mashsb-stretched\"><div class=\"mashsb-box\"><div class=\"mashsb-count mash-large\" style=\"float:left\"><div class=\"counts mashsbcount\">28<\/div><span class=\"mashsb-sharetext\">SHARES<\/span><\/div><div class=\"mashsb-buttons\"><a class=\"mashicon-facebook mash-large mash-center mashsb-noshadow\" href=\"https:\/\/www.facebook.com\/sharer.php?u=https%3A%2F%2Fwww.zunoticia.com%2Fnoticias-de-hidalgo%2F2023%2F08%2F07%2Fprimerforo-de-consulta-para-la-ley-de-personas-con-autismo-de-hidalgo%2F\" target=\"_top\" rel=\"nofollow\"><span class=\"icon\"><\/span><span class=\"text\">Share<\/span><\/a><a class=\"mashicon-twitter mash-large mash-center mashsb-noshadow\" href=\"https:\/\/twitter.com\/intent\/tweet?text=&amp;url=https:\/\/www.zunoticia.com\/noticias-de-hidalgo\/2023\/08\/07\/primerforo-de-consulta-para-la-ley-de-personas-con-autismo-de-hidalgo\/\" target=\"_top\" rel=\"nofollow\"><span class=\"icon\"><\/span><span class=\"text\">Tweet<\/span><\/a><div class=\"onoffswitch2 mash-large mashsb-noshadow\" style=\"display:none\"><\/div><\/div>\n            <\/div>\n                <div style=\"clear:both\"><\/div><div class=\"mashsb-toggle-container\"><\/div><\/aside>\n            <!-- Share buttons by mashshare.net - Version: 4.0.47-->\n<p><em>Por Redacci\u00f3n\/Zunoticia<\/em><\/p>\n\n\n\n<p><strong>Pachuca de Soto, Hgo<\/strong>.- La Primera Comisi\u00f3n Permanente de Derechos Humanos y Atenci\u00f3n a Personas con Discapacidad del Congreso del Estado de Hidalgo, realiz\u00f3 el primer Foro de Consulta para la Ley de Personas con Autismo de Hidalgo en Atitalaquia.&nbsp;<\/p>\n\n\n\n<p>Dentro del Centro de Estudios Tecnol\u00f3gicos Industrial y de Servicios n\u00famero 26 se dieron cita personas con autismo, por s\u00ed mismas, sus familiares, cuidadoras y cuidadores y organizaciones, quienes expresaron su opini\u00f3n para conformar la Ley de Personas con Autismo de Hidalgo.&nbsp;<\/p>\n\n\n\n<p>Estuvieron presentes el presidente de la Junta de Gobierno, Julio Valera Piedras, las diputadas, Michelle Calder\u00f3n Ram\u00edrez y Sharon Macotela Cisneros, as\u00ed como el presidente municipal de Atitalaquia, Lorenzo Hern\u00e1ndez Olgu\u00edn.<\/p>\n\n\n\n<figure class=\"wp-block-image size-full\"><img fetchpriority=\"high\" decoding=\"async\" width=\"940\" height=\"788\" src=\"https:\/\/www.zunoticia.com\/noticias-de-hidalgo\/wp-content\/uploads\/2023\/08\/Diseno-sin-titulo-1-66.png\" alt=\"\" class=\"wp-image-497531\" srcset=\"https:\/\/www.zunoticia.com\/noticias-de-hidalgo\/wp-content\/uploads\/2023\/08\/Diseno-sin-titulo-1-66.png 940w, https:\/\/www.zunoticia.com\/noticias-de-hidalgo\/wp-content\/uploads\/2023\/08\/Diseno-sin-titulo-1-66-300x251.png 300w, https:\/\/www.zunoticia.com\/noticias-de-hidalgo\/wp-content\/uploads\/2023\/08\/Diseno-sin-titulo-1-66-768x644.png 768w\" sizes=\"(max-width: 940px) 100vw, 940px\" \/><\/figure>\n","protected":false},"excerpt":{"rendered":"<p>Por Redacci\u00f3n\/Zunoticia Pachuca de Soto, Hgo.- La Primera Comisi\u00f3n Permanente de Derechos Humanos y Atenci\u00f3n a Personas con Discapacidad del Congreso del Estado de Hidalgo, realiz\u00f3 el primer Foro de Consulta para la Ley de Personas con Autismo de Hidalgo en Atitalaquia.&nbsp; Dentro del Centro de Estudios Tecnol\u00f3gicos Industrial y de Servicios n\u00famero 26 se&hellip; <a class=\"more-link\" href=\"https:\/\/www.zunoticia.com\/noticias-de-hidalgo\/2023\/08\/07\/primerforo-de-consulta-para-la-ley-de-personas-con-autismo-de-hidalgo\/\">Seguir leyendo <span class=\"screen-reader-text\">PrimerForo de Consulta para la Ley de Personas con Autismo de Hidalgo<\/span><\/a><\/p>\n","protected":false},"author":20,"featured_media":497527,"comment_status":"closed","ping_status":"open","sticky":false,"template":"","format":"standard","meta":{"rop_custom_images_group":[],"rop_custom_messages_group":[],"rop_publish_now":"initial","rop_publish_now_accounts":{"facebook_10159540855086992_322828327761733":""},"rop_publish_now_history":[],"rop_publish_now_status":"pending","footnotes":""},"categories":[208],"tags":[214],"class_list":["post-497522","post","type-post","status-publish","format-standard","has-post-thumbnail","hentry","category-estado","tag-estado","entry"],"_links":{"self":[{"href":"https:\/\/www.zunoticia.com\/noticias-de-hidalgo\/wp-json\/wp\/v2\/posts\/497522","targetHints":{"allow":["GET"]}}],"collection":[{"href":"https:\/\/www.zunoticia.com\/noticias-de-hidalgo\/wp-json\/wp\/v2\/posts"}],"about":[{"href":"https:\/\/www.zunoticia.com\/noticias-de-hidalgo\/wp-json\/wp\/v2\/types\/post"}],"author":[{"embeddable":true,"href":"https:\/\/www.zunoticia.com\/noticias-de-hidalgo\/wp-json\/wp\/v2\/users\/20"}],"replies":[{"embeddable":true,"href":"https:\/\/www.zunoticia.com\/noticias-de-hidalgo\/wp-json\/wp\/v2\/comments?post=497522"}],"version-history":[{"count":1,"href":"https:\/\/www.zunoticia.com\/noticias-de-hidalgo\/wp-json\/wp\/v2\/posts\/497522\/revisions"}],"predecessor-version":[{"id":497532,"href":"https:\/\/www.zunoticia.com\/noticias-de-hidalgo\/wp-json\/wp\/v2\/posts\/497522\/revisions\/497532"}],"wp:featuredmedia":[{"embeddable":true,"href":"https:\/\/www.zunoticia.com\/noticias-de-hidalgo\/wp-json\/wp\/v2\/media\/497527"}],"wp:attachment":[{"href":"https:\/\/www.zunoticia.com\/noticias-de-hidalgo\/wp-json\/wp\/v2\/media?parent=497522"}],"wp:term":[{"taxonomy":"category","embeddable":true,"href":"https:\/\/www.zunoticia.com\/noticias-de-hidalgo\/wp-json\/wp\/v2\/categories?post=497522"},{"taxonomy":"post_tag","embeddable":true,"href":"https:\/\/www.zunoticia.com\/noticias-de-hidalgo\/wp-json\/wp\/v2\/tags?post=497522"}],"curies":[{"name":"wp","href":"https:\/\/api.w.org\/{rel}","templated":true}]}}