{"id":497551,"date":"2023-08-07T17:09:19","date_gmt":"2023-08-07T23:09:19","guid":{"rendered":"https:\/\/www.zunoticia.com\/noticias-de-hidalgo\/?p=497551"},"modified":"2023-08-07T17:09:20","modified_gmt":"2023-08-07T23:09:20","slug":"encabezo-sebiso-ceremonia-de-lunes-civico","status":"publish","type":"post","link":"https:\/\/www.zunoticia.com\/noticias-de-hidalgo\/2023\/08\/07\/encabezo-sebiso-ceremonia-de-lunes-civico\/","title":{"rendered":"Encabez\u00f3 Sebiso ceremonia de lunes c\u00edvico"},"content":{"rendered":"<aside class=\"mashsb-container mashsb-main mashsb-stretched\"><div class=\"mashsb-box\"><div class=\"mashsb-count mash-large\" style=\"float:left\"><div class=\"counts mashsbcount\">31<\/div><span class=\"mashsb-sharetext\">SHARES<\/span><\/div><div class=\"mashsb-buttons\"><a class=\"mashicon-facebook mash-large mash-center mashsb-noshadow\" href=\"https:\/\/www.facebook.com\/sharer.php?u=https%3A%2F%2Fwww.zunoticia.com%2Fnoticias-de-hidalgo%2F2023%2F08%2F07%2Fencabezo-sebiso-ceremonia-de-lunes-civico%2F\" target=\"_top\" rel=\"nofollow\"><span class=\"icon\"><\/span><span class=\"text\">Share<\/span><\/a><a class=\"mashicon-twitter mash-large mash-center mashsb-noshadow\" href=\"https:\/\/twitter.com\/intent\/tweet?text=&amp;url=https:\/\/www.zunoticia.com\/noticias-de-hidalgo\/2023\/08\/07\/encabezo-sebiso-ceremonia-de-lunes-civico\/\" target=\"_top\" rel=\"nofollow\"><span class=\"icon\"><\/span><span class=\"text\">Tweet<\/span><\/a><div class=\"onoffswitch2 mash-large mashsb-noshadow\" style=\"display:none\"><\/div><\/div>\n            <\/div>\n                <div style=\"clear:both\"><\/div><div class=\"mashsb-toggle-container\"><\/div><\/aside>\n            <!-- Share buttons by mashshare.net - Version: 4.0.47-->\n<p><br>*Simey Olvera destac\u00f3 la importancia de fortalecer los valores\u00a0y compromiso con la patria.<\/p>\n\n\n\n<p><em>Por Redacci\u00f3n\/Zunoticia<\/em><\/p>\n\n\n\n<p><strong>Pachuca de Soto, Hgo<\/strong>.- Como parte de las actividades que en Hidalgo se realizan para reforzar los valores y pertenencia en la sociedad, y con la participaci\u00f3n de las y los servidores p\u00fablicos del estado, la titular de la Secretar\u00eda de Bienestar e Inclusi\u00f3n Social (Sebiso), Simey Olvera Bautista, encabez\u00f3 la ceremonia, izamiento y honores a la bandera en el \u201cLunes C\u00edvico\u201d, en la Plaza Ju\u00e1rez de Pachuca.<\/p>\n\n\n\n<p>Con la presencia de m\u00e1s de 300 personas se llev\u00f3 a cabo este evento, donde la titular de la Sebiso destac\u00f3 la importancia de fortalecer los lazos con la patria, de saber por qui\u00e9n y para qui\u00e9n trabaja este gobierno de la transformaci\u00f3n, y que cada acto, esfuerzo y sacrificio, es para mejorar la vida de las familias hidalguenses.<\/p>\n\n\n\n<p>\u201cAqu\u00ed en esta plaza hist\u00f3rica y c\u00edvica donde inici\u00f3 una transformaci\u00f3n para el pueblo de Hidalgo, es en donde se establecen las libertades, se elimina la corrupci\u00f3n y se recupera la esencia del estado para atender a las personas que han sido vulneradas, aquellos que fueron injustamente olvidados. As\u00ed, nuestro gobernador Julio Menchaca trabaja todos los d\u00edas para redignificar el oficio pol\u00edtico y dar garant\u00eda a nuestros derechos como mexicanos, mexicanas y sobre todo como hidalguenses\u201d, subray\u00f3.&nbsp;<\/p>\n\n\n\n<p>Coment\u00f3 que es un honor y privilegio haber encabezado el primer lunes c\u00edvico del mes de agosto y rendir honores al l\u00e1baro patrio mexicano, el cual dota a la ciudadan\u00eda con identidad, una insignia que representa los principales valores de la naci\u00f3n y primordialmente la libertad y la justicia\u201d, concluy\u00f3.&nbsp;<\/p>\n\n\n\n<p>Estuvieron presentes elementos de la 18ava. Zona Militar, la Guardia Nacional y el Heroico Cuerpo de Bomberos, ciudadan\u00eda en general, as\u00ed como servidoras y servidores p\u00fablicos de la Secretar\u00eda de Bienestar e Inclusi\u00f3n Social.<\/p>\n\n\n\n<figure class=\"wp-block-image size-full\"><img fetchpriority=\"high\" decoding=\"async\" width=\"940\" height=\"788\" src=\"https:\/\/www.zunoticia.com\/noticias-de-hidalgo\/wp-content\/uploads\/2023\/08\/Diseno-sin-titulo-2-15.png\" alt=\"\" class=\"wp-image-497559\" srcset=\"https:\/\/www.zunoticia.com\/noticias-de-hidalgo\/wp-content\/uploads\/2023\/08\/Diseno-sin-titulo-2-15.png 940w, https:\/\/www.zunoticia.com\/noticias-de-hidalgo\/wp-content\/uploads\/2023\/08\/Diseno-sin-titulo-2-15-300x251.png 300w, https:\/\/www.zunoticia.com\/noticias-de-hidalgo\/wp-content\/uploads\/2023\/08\/Diseno-sin-titulo-2-15-768x644.png 768w\" sizes=\"(max-width: 940px) 100vw, 940px\" \/><\/figure>\n","protected":false},"excerpt":{"rendered":"<p>*Simey Olvera destac\u00f3 la importancia de fortalecer los valores\u00a0y compromiso con la patria. Por Redacci\u00f3n\/Zunoticia Pachuca de Soto, Hgo.- Como parte de las actividades que en Hidalgo se realizan para reforzar los valores y pertenencia en la sociedad, y con la participaci\u00f3n de las y los servidores p\u00fablicos del estado, la titular de la Secretar\u00eda&hellip; <a class=\"more-link\" href=\"https:\/\/www.zunoticia.com\/noticias-de-hidalgo\/2023\/08\/07\/encabezo-sebiso-ceremonia-de-lunes-civico\/\">Seguir leyendo <span class=\"screen-reader-text\">Encabez\u00f3 Sebiso ceremonia de lunes c\u00edvico<\/span><\/a><\/p>\n","protected":false},"author":20,"featured_media":497555,"comment_status":"closed","ping_status":"open","sticky":false,"template":"","format":"standard","meta":{"rop_custom_images_group":[],"rop_custom_messages_group":[],"rop_publish_now":"initial","rop_publish_now_accounts":{"facebook_10159540855086992_322828327761733":""},"rop_publish_now_history":[],"rop_publish_now_status":"pending","footnotes":""},"categories":[208],"tags":[214],"class_list":["post-497551","post","type-post","status-publish","format-standard","has-post-thumbnail","hentry","category-estado","tag-estado","entry"],"_links":{"self":[{"href":"https:\/\/www.zunoticia.com\/noticias-de-hidalgo\/wp-json\/wp\/v2\/posts\/497551","targetHints":{"allow":["GET"]}}],"collection":[{"href":"https:\/\/www.zunoticia.com\/noticias-de-hidalgo\/wp-json\/wp\/v2\/posts"}],"about":[{"href":"https:\/\/www.zunoticia.com\/noticias-de-hidalgo\/wp-json\/wp\/v2\/types\/post"}],"author":[{"embeddable":true,"href":"https:\/\/www.zunoticia.com\/noticias-de-hidalgo\/wp-json\/wp\/v2\/users\/20"}],"replies":[{"embeddable":true,"href":"https:\/\/www.zunoticia.com\/noticias-de-hidalgo\/wp-json\/wp\/v2\/comments?post=497551"}],"version-history":[{"count":1,"href":"https:\/\/www.zunoticia.com\/noticias-de-hidalgo\/wp-json\/wp\/v2\/posts\/497551\/revisions"}],"predecessor-version":[{"id":497560,"href":"https:\/\/www.zunoticia.com\/noticias-de-hidalgo\/wp-json\/wp\/v2\/posts\/497551\/revisions\/497560"}],"wp:featuredmedia":[{"embeddable":true,"href":"https:\/\/www.zunoticia.com\/noticias-de-hidalgo\/wp-json\/wp\/v2\/media\/497555"}],"wp:attachment":[{"href":"https:\/\/www.zunoticia.com\/noticias-de-hidalgo\/wp-json\/wp\/v2\/media?parent=497551"}],"wp:term":[{"taxonomy":"category","embeddable":true,"href":"https:\/\/www.zunoticia.com\/noticias-de-hidalgo\/wp-json\/wp\/v2\/categories?post=497551"},{"taxonomy":"post_tag","embeddable":true,"href":"https:\/\/www.zunoticia.com\/noticias-de-hidalgo\/wp-json\/wp\/v2\/tags?post=497551"}],"curies":[{"name":"wp","href":"https:\/\/api.w.org\/{rel}","templated":true}]}}