{"id":497580,"date":"2023-08-07T17:52:18","date_gmt":"2023-08-07T23:52:18","guid":{"rendered":"https:\/\/www.zunoticia.com\/noticias-de-hidalgo\/?p=497580"},"modified":"2023-08-07T17:52:19","modified_gmt":"2023-08-07T23:52:19","slug":"realizaran-en-tasquillo-la-octava-edicion-del-festival-cultural-estatal-de-la-granada","status":"publish","type":"post","link":"https:\/\/www.zunoticia.com\/noticias-de-hidalgo\/2023\/08\/07\/realizaran-en-tasquillo-la-octava-edicion-del-festival-cultural-estatal-de-la-granada\/","title":{"rendered":"Realizar\u00e1n en Tasquillo la octava edici\u00f3n&nbsp;del Festival Cultural Estatal de la Granada"},"content":{"rendered":"<aside class=\"mashsb-container mashsb-main mashsb-stretched\"><div class=\"mashsb-box\"><div class=\"mashsb-count mash-large\" style=\"float:left\"><div class=\"counts mashsbcount\">1<\/div><span class=\"mashsb-sharetext\">SHARES<\/span><\/div><div class=\"mashsb-buttons\"><a class=\"mashicon-facebook mash-large mash-center mashsb-noshadow\" href=\"https:\/\/www.facebook.com\/sharer.php?u=https%3A%2F%2Fwww.zunoticia.com%2Fnoticias-de-hidalgo%2F2023%2F08%2F07%2Frealizaran-en-tasquillo-la-octava-edicion-del-festival-cultural-estatal-de-la-granada%2F\" target=\"_top\" rel=\"nofollow\"><span class=\"icon\"><\/span><span class=\"text\">Share<\/span><\/a><a class=\"mashicon-twitter mash-large mash-center mashsb-noshadow\" href=\"https:\/\/twitter.com\/intent\/tweet?text=&amp;url=https:\/\/www.zunoticia.com\/noticias-de-hidalgo\/2023\/08\/07\/realizaran-en-tasquillo-la-octava-edicion-del-festival-cultural-estatal-de-la-granada\/\" target=\"_top\" rel=\"nofollow\"><span class=\"icon\"><\/span><span class=\"text\">Tweet<\/span><\/a><div class=\"onoffswitch2 mash-large mashsb-noshadow\" style=\"display:none\"><\/div><\/div>\n            <\/div>\n                <div style=\"clear:both\"><\/div><div class=\"mashsb-toggle-container\"><\/div><\/aside>\n            <!-- Share buttons by mashshare.net - Version: 4.0.47-->\n<ul class=\"wp-block-list\">\n<li>Organizadores prev\u00e9n una derrama econ\u00f3mica&nbsp;de casi dos millones de pesos.<\/li>\n<\/ul>\n\n\n\n<p><em>Por Redacci\u00f3n\/Zunoticia<\/em><\/p>\n\n\n\n<p><strong>Pachuca de Soto, Hgo.-<\/strong> Con la finalidad de rescatar y promover el legado de Tasquillo, se llevar\u00e1 a cabo el Festival Cultural Estatal de la Granada el pr\u00f3ximo s\u00e1bado 12 de agosto, donde los asistentes podr\u00e1n disfrutar de la dulzura y la calidad de la producci\u00f3n de este fruto en Hidalgo.<\/p>\n\n\n\n<p>Durante la presentaci\u00f3n de este evento, organizado desde 2014 por la direcci\u00f3n de Desarrollo Econ\u00f3mico, en coordinaci\u00f3n con la sociedad de Productores Oasis, se inform\u00f3 que habr\u00e1 representaci\u00f3n de Paraguay, Per\u00fa y Venezuela, por lo que el festival, adem\u00e1s de impactar social y econ\u00f3micamente, permitir\u00e1 el intercambio cultural.<\/p>\n\n\n\n<p>Asimismo, se contar\u00e1 con la participaci\u00f3n de los municipios vecinos como: Ixmiquilpan, Chilcuautla, Zimap\u00e1n, Tecozautla y Nicol\u00e1s Flores, as\u00ed como productores del estado de Guanajuato.&nbsp;<\/p>\n\n\n\n<p>El festival, que fue presentado la ma\u00f1ana de este lunes en las instalaciones de la Secretar\u00eda de Turismo del Estado de Hidalgo (Secturh); los organizadores dieron a conocer que se producen anualmente de 700 a 1000 toneladas de granada en el municipio.&nbsp;<\/p>\n\n\n\n<p>Ulises Alfaro Trejo, director de Desarrollo Econ\u00f3mico y Proyectos Tur\u00edsticos, recalc\u00f3 que el objetivo principal del evento es dar a conocer los productos derivados de la granada, adem\u00e1s de las artesan\u00edas que se elaboran en el municipio.&nbsp;<\/p>\n\n\n\n<p><br>De igual manera, se\u00f1al\u00f3 que se busca promocionar los espacios tur\u00edsticos, con lo cual se impulsa la econom\u00eda y, en ese sentido, agreg\u00f3 que se espera contar con una derrama econ\u00f3mica de m\u00e1s de un mill\u00f3n 800 mil pesos.<\/p>\n\n\n\n<p>\u201cContaremos con la participaci\u00f3n de m\u00e1s de 40 productores y 35 expositores, quienes dar\u00e1n muestra del trabajo que vienen realizando en torno a la granada. Las y los visitantes podr\u00e1n tambi\u00e9n disfrutar de la amplia gastronom\u00eda regional como lo es el Mole Tzumi, platillo con el que fuimos acreedores del distintivo pueblo con sabor\u201d, agreg\u00f3 Lucero Llamas Gonz\u00e1lez, directora de Turismo municipal.&nbsp;&nbsp;&nbsp;<\/p>\n\n\n\n<p>Los organizadores han preparado un amplio programa de actividades que incluyen la presentaci\u00f3n de grupos de danza folcl\u00f3rica de los pa\u00edses invitados, conferencias, concurso de desgranado, muestra charra, m\u00fasica en vivo, certamen gastron\u00f3mico, as\u00ed como <em>stands<\/em> de productores, artesanos y apicultores.<\/p>\n\n\n\n<figure class=\"wp-block-gallery has-nested-images columns-default is-cropped wp-block-gallery-1 is-layout-flex wp-block-gallery-is-layout-flex\">\n<figure class=\"wp-block-image size-large\"><img fetchpriority=\"high\" decoding=\"async\" width=\"940\" height=\"788\" data-id=\"497583\" src=\"https:\/\/www.zunoticia.com\/noticias-de-hidalgo\/wp-content\/uploads\/2023\/08\/Diseno-sin-titulo-2-16.png\" alt=\"\" class=\"wp-image-497583\" srcset=\"https:\/\/www.zunoticia.com\/noticias-de-hidalgo\/wp-content\/uploads\/2023\/08\/Diseno-sin-titulo-2-16.png 940w, https:\/\/www.zunoticia.com\/noticias-de-hidalgo\/wp-content\/uploads\/2023\/08\/Diseno-sin-titulo-2-16-300x251.png 300w, https:\/\/www.zunoticia.com\/noticias-de-hidalgo\/wp-content\/uploads\/2023\/08\/Diseno-sin-titulo-2-16-768x644.png 768w\" sizes=\"(max-width: 940px) 100vw, 940px\" \/><\/figure>\n\n\n\n<figure class=\"wp-block-image size-large\"><img decoding=\"async\" width=\"940\" height=\"788\" data-id=\"497582\" src=\"https:\/\/www.zunoticia.com\/noticias-de-hidalgo\/wp-content\/uploads\/2023\/08\/Diseno-sin-titulo-1-70.png\" alt=\"\" class=\"wp-image-497582\" srcset=\"https:\/\/www.zunoticia.com\/noticias-de-hidalgo\/wp-content\/uploads\/2023\/08\/Diseno-sin-titulo-1-70.png 940w, https:\/\/www.zunoticia.com\/noticias-de-hidalgo\/wp-content\/uploads\/2023\/08\/Diseno-sin-titulo-1-70-300x251.png 300w, https:\/\/www.zunoticia.com\/noticias-de-hidalgo\/wp-content\/uploads\/2023\/08\/Diseno-sin-titulo-1-70-768x644.png 768w\" sizes=\"(max-width: 940px) 100vw, 940px\" \/><\/figure>\n<\/figure>\n","protected":false},"excerpt":{"rendered":"<p>Por Redacci\u00f3n\/Zunoticia Pachuca de Soto, Hgo.- Con la finalidad de rescatar y promover el legado de Tasquillo, se llevar\u00e1 a cabo el Festival Cultural Estatal de la Granada el pr\u00f3ximo s\u00e1bado 12 de agosto, donde los asistentes podr\u00e1n disfrutar de la dulzura y la calidad de la producci\u00f3n de este fruto en Hidalgo. Durante la&hellip; <a class=\"more-link\" href=\"https:\/\/www.zunoticia.com\/noticias-de-hidalgo\/2023\/08\/07\/realizaran-en-tasquillo-la-octava-edicion-del-festival-cultural-estatal-de-la-granada\/\">Seguir leyendo <span class=\"screen-reader-text\">Realizar\u00e1n en Tasquillo la octava edici\u00f3n&nbsp;del Festival Cultural Estatal de la Granada<\/span><\/a><\/p>\n","protected":false},"author":20,"featured_media":497581,"comment_status":"closed","ping_status":"open","sticky":false,"template":"","format":"standard","meta":{"rop_custom_images_group":[],"rop_custom_messages_group":[],"rop_publish_now":"initial","rop_publish_now_accounts":{"facebook_10159540855086992_322828327761733":""},"rop_publish_now_history":[],"rop_publish_now_status":"pending","footnotes":""},"categories":[208],"tags":[214],"class_list":["post-497580","post","type-post","status-publish","format-standard","has-post-thumbnail","hentry","category-estado","tag-estado","entry"],"_links":{"self":[{"href":"https:\/\/www.zunoticia.com\/noticias-de-hidalgo\/wp-json\/wp\/v2\/posts\/497580","targetHints":{"allow":["GET"]}}],"collection":[{"href":"https:\/\/www.zunoticia.com\/noticias-de-hidalgo\/wp-json\/wp\/v2\/posts"}],"about":[{"href":"https:\/\/www.zunoticia.com\/noticias-de-hidalgo\/wp-json\/wp\/v2\/types\/post"}],"author":[{"embeddable":true,"href":"https:\/\/www.zunoticia.com\/noticias-de-hidalgo\/wp-json\/wp\/v2\/users\/20"}],"replies":[{"embeddable":true,"href":"https:\/\/www.zunoticia.com\/noticias-de-hidalgo\/wp-json\/wp\/v2\/comments?post=497580"}],"version-history":[{"count":1,"href":"https:\/\/www.zunoticia.com\/noticias-de-hidalgo\/wp-json\/wp\/v2\/posts\/497580\/revisions"}],"predecessor-version":[{"id":497584,"href":"https:\/\/www.zunoticia.com\/noticias-de-hidalgo\/wp-json\/wp\/v2\/posts\/497580\/revisions\/497584"}],"wp:featuredmedia":[{"embeddable":true,"href":"https:\/\/www.zunoticia.com\/noticias-de-hidalgo\/wp-json\/wp\/v2\/media\/497581"}],"wp:attachment":[{"href":"https:\/\/www.zunoticia.com\/noticias-de-hidalgo\/wp-json\/wp\/v2\/media?parent=497580"}],"wp:term":[{"taxonomy":"category","embeddable":true,"href":"https:\/\/www.zunoticia.com\/noticias-de-hidalgo\/wp-json\/wp\/v2\/categories?post=497580"},{"taxonomy":"post_tag","embeddable":true,"href":"https:\/\/www.zunoticia.com\/noticias-de-hidalgo\/wp-json\/wp\/v2\/tags?post=497580"}],"curies":[{"name":"wp","href":"https:\/\/api.w.org\/{rel}","templated":true}]}}