{"id":497605,"date":"2023-08-07T18:36:59","date_gmt":"2023-08-08T00:36:59","guid":{"rendered":"https:\/\/www.zunoticia.com\/noticias-de-hidalgo\/?p=497605"},"modified":"2023-08-07T18:37:00","modified_gmt":"2023-08-08T00:37:00","slug":"gestiona-delegado-lamparas-para-zonas-oscuras-de-la-colonia-centro","status":"publish","type":"post","link":"https:\/\/www.zunoticia.com\/noticias-de-hidalgo\/2023\/08\/07\/gestiona-delegado-lamparas-para-zonas-oscuras-de-la-colonia-centro\/","title":{"rendered":"Gestiona delegado l\u00e1mparas para zonas \u201coscuras\u201d de la colonia Centro"},"content":{"rendered":"<aside class=\"mashsb-container mashsb-main mashsb-stretched\"><div class=\"mashsb-box\"><div class=\"mashsb-count mash-large\" style=\"float:left\"><div class=\"counts mashsbcount\">24<\/div><span class=\"mashsb-sharetext\">SHARES<\/span><\/div><div class=\"mashsb-buttons\"><a class=\"mashicon-facebook mash-large mash-center mashsb-noshadow\" href=\"https:\/\/www.facebook.com\/sharer.php?u=https%3A%2F%2Fwww.zunoticia.com%2Fnoticias-de-hidalgo%2F2023%2F08%2F07%2Fgestiona-delegado-lamparas-para-zonas-oscuras-de-la-colonia-centro%2F\" target=\"_top\" rel=\"nofollow\"><span class=\"icon\"><\/span><span class=\"text\">Share<\/span><\/a><a class=\"mashicon-twitter mash-large mash-center mashsb-noshadow\" href=\"https:\/\/twitter.com\/intent\/tweet?text=&amp;url=https:\/\/www.zunoticia.com\/noticias-de-hidalgo\/2023\/08\/07\/gestiona-delegado-lamparas-para-zonas-oscuras-de-la-colonia-centro\/\" target=\"_top\" rel=\"nofollow\"><span class=\"icon\"><\/span><span class=\"text\">Tweet<\/span><\/a><div class=\"onoffswitch2 mash-large mashsb-noshadow\" style=\"display:none\"><\/div><\/div>\n            <\/div>\n                <div style=\"clear:both\"><\/div><div class=\"mashsb-toggle-container\"><\/div><\/aside>\n            <!-- Share buttons by mashshare.net - Version: 4.0.47-->\n<p><em>Por Enedino Hern\u00e1ndez\/Zunoticia<\/em><\/p>\n\n\n\n<p><strong>Huejutla, Hgo<\/strong>.- Tras recibir las quejas correspondientes por parte de los vecinos de varios sectores de la colonia Centro, en el sentido de que sus calles se encuentran a \u201coscuras\u201d, el delegado municipal de ese sector, Felipe Rodr\u00edguez Vera, confirm\u00f3 que al momento se gestionan las l\u00e1mparas necesarias ante la presidencia municipal de Huejutla.<\/p>\n\n\n\n<p>Pidi\u00f3 a los vecinos de las diversas arterias de la colonia Centro que tengan un poco de paciencia, citando que como delegado municipal se mantiene en gesti\u00f3n de las principales necesidades que se tienen en este sector poblacional.<\/p>\n\n\n\n<p>Dijo que, se mantienen a la espera de que lleguen las l\u00e1mparas a la presidencia municipal y una vez que sean canalizadas ante el \u00e1rea de Alumbrado p\u00fablico, se dar\u00e1 respuesta a las peticiones que previamente se han realizado.<\/p>\n\n\n\n<p>A\u00f1adi\u00f3 que, hasta el momento se requiere de l\u00e1mparas para el alumbrado p\u00fablico en el acceso al antiguo rastro, en el Rinc\u00f3n del \u00c1ngel, Vel\u00e1squez Ibarra, Generales Azuara, as\u00ed como en la calle Nicandro Castillo, \u201cen promedio se requieren de diez l\u00e1mparas para iluminar estas arterias\u201d.&nbsp;<\/p>\n\n\n\n<p>Insisti\u00f3 en su llamado a los vecinos de la colonia Centro para que tengan un poco de paciencia en estas necesidades, \u201cya se tiene la petici\u00f3n y una vez que lleguen las l\u00e1mparas se proceder\u00e1 a hacer las maniobras correspondientes en el Alumbrado p\u00fablico\u201d.<\/p>\n\n\n\n<p>Confirm\u00f3 que, como delegado de la colonia, todas las veces que los vecinos lo requieran se proceder\u00e1 a hacer las gestiones necesarias para dar prioridad a lo que se necesita, \u201chay varias necesidades, entre ellas se tiene lo de la fuga de aguas negras y drenaje en el antiguo rastro\u201d.<\/p>\n\n\n\n<p><\/p>\n","protected":false},"excerpt":{"rendered":"<p>Por Enedino Hern\u00e1ndez\/Zunoticia Huejutla, Hgo.- Tras recibir las quejas correspondientes por parte de los vecinos de varios sectores de la colonia Centro, en el sentido de que sus calles se encuentran a \u201coscuras\u201d, el delegado municipal de ese sector, Felipe Rodr\u00edguez Vera, confirm\u00f3 que al momento se gestionan las l\u00e1mparas necesarias ante la presidencia municipal&hellip; <a class=\"more-link\" href=\"https:\/\/www.zunoticia.com\/noticias-de-hidalgo\/2023\/08\/07\/gestiona-delegado-lamparas-para-zonas-oscuras-de-la-colonia-centro\/\">Seguir leyendo <span class=\"screen-reader-text\">Gestiona delegado l\u00e1mparas para zonas \u201coscuras\u201d de la colonia Centro<\/span><\/a><\/p>\n","protected":false},"author":20,"featured_media":497606,"comment_status":"closed","ping_status":"open","sticky":false,"template":"","format":"standard","meta":{"rop_custom_images_group":[],"rop_custom_messages_group":[],"rop_publish_now":"initial","rop_publish_now_accounts":{"facebook_10159540855086992_322828327761733":""},"rop_publish_now_history":[],"rop_publish_now_status":"pending","footnotes":""},"categories":[181],"tags":[121],"class_list":["post-497605","post","type-post","status-publish","format-standard","has-post-thumbnail","hentry","category-huejutla","tag-huejutla","entry"],"_links":{"self":[{"href":"https:\/\/www.zunoticia.com\/noticias-de-hidalgo\/wp-json\/wp\/v2\/posts\/497605","targetHints":{"allow":["GET"]}}],"collection":[{"href":"https:\/\/www.zunoticia.com\/noticias-de-hidalgo\/wp-json\/wp\/v2\/posts"}],"about":[{"href":"https:\/\/www.zunoticia.com\/noticias-de-hidalgo\/wp-json\/wp\/v2\/types\/post"}],"author":[{"embeddable":true,"href":"https:\/\/www.zunoticia.com\/noticias-de-hidalgo\/wp-json\/wp\/v2\/users\/20"}],"replies":[{"embeddable":true,"href":"https:\/\/www.zunoticia.com\/noticias-de-hidalgo\/wp-json\/wp\/v2\/comments?post=497605"}],"version-history":[{"count":1,"href":"https:\/\/www.zunoticia.com\/noticias-de-hidalgo\/wp-json\/wp\/v2\/posts\/497605\/revisions"}],"predecessor-version":[{"id":497607,"href":"https:\/\/www.zunoticia.com\/noticias-de-hidalgo\/wp-json\/wp\/v2\/posts\/497605\/revisions\/497607"}],"wp:featuredmedia":[{"embeddable":true,"href":"https:\/\/www.zunoticia.com\/noticias-de-hidalgo\/wp-json\/wp\/v2\/media\/497606"}],"wp:attachment":[{"href":"https:\/\/www.zunoticia.com\/noticias-de-hidalgo\/wp-json\/wp\/v2\/media?parent=497605"}],"wp:term":[{"taxonomy":"category","embeddable":true,"href":"https:\/\/www.zunoticia.com\/noticias-de-hidalgo\/wp-json\/wp\/v2\/categories?post=497605"},{"taxonomy":"post_tag","embeddable":true,"href":"https:\/\/www.zunoticia.com\/noticias-de-hidalgo\/wp-json\/wp\/v2\/tags?post=497605"}],"curies":[{"name":"wp","href":"https:\/\/api.w.org\/{rel}","templated":true}]}}