{"id":497608,"date":"2023-08-07T18:43:21","date_gmt":"2023-08-08T00:43:21","guid":{"rendered":"https:\/\/www.zunoticia.com\/noticias-de-hidalgo\/?p=497608"},"modified":"2023-08-07T18:43:22","modified_gmt":"2023-08-08T00:43:22","slug":"ucla-emitira-oportunamente-la-convocatoria-para-elegir-a-secretario-general-jlg","status":"publish","type":"post","link":"https:\/\/www.zunoticia.com\/noticias-de-hidalgo\/2023\/08\/07\/ucla-emitira-oportunamente-la-convocatoria-para-elegir-a-secretario-general-jlg\/","title":{"rendered":"UCLA emitir\u00e1 oportunamente la convocatoria para elegir a secretario general: JLG"},"content":{"rendered":"<aside class=\"mashsb-container mashsb-main mashsb-stretched\"><div class=\"mashsb-box\"><div class=\"mashsb-count mash-large\" style=\"float:left\"><div class=\"counts mashsbcount\">0<\/div><span class=\"mashsb-sharetext\">SHARES<\/span><\/div><div class=\"mashsb-buttons\"><a class=\"mashicon-facebook mash-large mash-center mashsb-noshadow\" href=\"https:\/\/www.facebook.com\/sharer.php?u=https%3A%2F%2Fwww.zunoticia.com%2Fnoticias-de-hidalgo%2F2023%2F08%2F07%2Fucla-emitira-oportunamente-la-convocatoria-para-elegir-a-secretario-general-jlg%2F\" target=\"_top\" rel=\"nofollow\"><span class=\"icon\"><\/span><span class=\"text\">Share<\/span><\/a><a class=\"mashicon-twitter mash-large mash-center mashsb-noshadow\" href=\"https:\/\/twitter.com\/intent\/tweet?text=&amp;url=https:\/\/www.zunoticia.com\/noticias-de-hidalgo\/2023\/08\/07\/ucla-emitira-oportunamente-la-convocatoria-para-elegir-a-secretario-general-jlg\/\" target=\"_top\" rel=\"nofollow\"><span class=\"icon\"><\/span><span class=\"text\">Tweet<\/span><\/a><div class=\"onoffswitch2 mash-large mashsb-noshadow\" style=\"display:none\"><\/div><\/div>\n            <\/div>\n                <div style=\"clear:both\"><\/div><div class=\"mashsb-toggle-container\"><\/div><\/aside>\n            <!-- Share buttons by mashshare.net - Version: 4.0.47-->\n<p><em>Por Enedino Hern\u00e1ndez\/Zunoticia<\/em><\/p>\n\n\n\n<p><strong>Huejutla, Hgo<\/strong>.- Con toda anticipaci\u00f3n la actual directiva de la Uni\u00f3n de Comerciantes Locatarios y Ambulantes (UCLA) del mercado municipal de Huejutla de Reyes lleva a cabo los preparativos correspondientes para emitir oportunamente la convocatoria correspondiente, para elegir al secretario general del citado gremio.<\/p>\n\n\n\n<p>El secretario general de la UCLA, Jorge Lara Garc\u00eda, dijo que, tal y como se hab\u00eda prometido, se mandaron a hacer las credenciales de los socios de la UCLA, las cuales ya se est\u00e1n entregando; adem\u00e1s que se depura y actualiza el padr\u00f3n de socios comerciantes, pues muchas personas ya vendieron o en su momento, donaron sus espacios o locales.<\/p>\n\n\n\n<p>Dijo que, se busca participar en las elecciones con un padr\u00f3n debidamente depurado y de esta manera, se proceder\u00e1 a llevar a cabo el proceso de elecci\u00f3n del nuevo secretario general de la Uni\u00f3n de Comerciantes Locatarios y Ambulantes del Mercado Municipal de Huejutla de Reyes.<\/p>\n\n\n\n<p>Reconoci\u00f3 que, al momento a\u00fan no se tiene fecha para la elecci\u00f3n del secretario, pero pidi\u00f3 la confianza correspondiente, destacando que en tiempo y en forma se dar\u00e1n a conocer las bases de la convocatoria, la cual ya est\u00e1 siendo elaborada, en breve se dar\u00e1 el toque final y en su momento darla a conocer para el proceso respectivo.<\/p>\n\n\n\n<p><\/p>\n","protected":false},"excerpt":{"rendered":"<p>Por Enedino Hern\u00e1ndez\/Zunoticia Huejutla, Hgo.- Con toda anticipaci\u00f3n la actual directiva de la Uni\u00f3n de Comerciantes Locatarios y Ambulantes (UCLA) del mercado municipal de Huejutla de Reyes lleva a cabo los preparativos correspondientes para emitir oportunamente la convocatoria correspondiente, para elegir al secretario general del citado gremio. El secretario general de la UCLA, Jorge Lara&hellip; <a class=\"more-link\" href=\"https:\/\/www.zunoticia.com\/noticias-de-hidalgo\/2023\/08\/07\/ucla-emitira-oportunamente-la-convocatoria-para-elegir-a-secretario-general-jlg\/\">Seguir leyendo <span class=\"screen-reader-text\">UCLA emitir\u00e1 oportunamente la convocatoria para elegir a secretario general: JLG<\/span><\/a><\/p>\n","protected":false},"author":20,"featured_media":497609,"comment_status":"closed","ping_status":"open","sticky":false,"template":"","format":"standard","meta":{"rop_custom_images_group":[],"rop_custom_messages_group":[],"rop_publish_now":"initial","rop_publish_now_accounts":{"facebook_10159540855086992_322828327761733":""},"rop_publish_now_history":[],"rop_publish_now_status":"pending","footnotes":""},"categories":[181],"tags":[121],"class_list":["post-497608","post","type-post","status-publish","format-standard","has-post-thumbnail","hentry","category-huejutla","tag-huejutla","entry"],"_links":{"self":[{"href":"https:\/\/www.zunoticia.com\/noticias-de-hidalgo\/wp-json\/wp\/v2\/posts\/497608","targetHints":{"allow":["GET"]}}],"collection":[{"href":"https:\/\/www.zunoticia.com\/noticias-de-hidalgo\/wp-json\/wp\/v2\/posts"}],"about":[{"href":"https:\/\/www.zunoticia.com\/noticias-de-hidalgo\/wp-json\/wp\/v2\/types\/post"}],"author":[{"embeddable":true,"href":"https:\/\/www.zunoticia.com\/noticias-de-hidalgo\/wp-json\/wp\/v2\/users\/20"}],"replies":[{"embeddable":true,"href":"https:\/\/www.zunoticia.com\/noticias-de-hidalgo\/wp-json\/wp\/v2\/comments?post=497608"}],"version-history":[{"count":1,"href":"https:\/\/www.zunoticia.com\/noticias-de-hidalgo\/wp-json\/wp\/v2\/posts\/497608\/revisions"}],"predecessor-version":[{"id":497610,"href":"https:\/\/www.zunoticia.com\/noticias-de-hidalgo\/wp-json\/wp\/v2\/posts\/497608\/revisions\/497610"}],"wp:featuredmedia":[{"embeddable":true,"href":"https:\/\/www.zunoticia.com\/noticias-de-hidalgo\/wp-json\/wp\/v2\/media\/497609"}],"wp:attachment":[{"href":"https:\/\/www.zunoticia.com\/noticias-de-hidalgo\/wp-json\/wp\/v2\/media?parent=497608"}],"wp:term":[{"taxonomy":"category","embeddable":true,"href":"https:\/\/www.zunoticia.com\/noticias-de-hidalgo\/wp-json\/wp\/v2\/categories?post=497608"},{"taxonomy":"post_tag","embeddable":true,"href":"https:\/\/www.zunoticia.com\/noticias-de-hidalgo\/wp-json\/wp\/v2\/tags?post=497608"}],"curies":[{"name":"wp","href":"https:\/\/api.w.org\/{rel}","templated":true}]}}