{"id":497970,"date":"2023-08-10T02:33:27","date_gmt":"2023-08-10T08:33:27","guid":{"rendered":"https:\/\/www.zunoticia.com\/noticias-de-hidalgo\/?p=497970"},"modified":"2023-08-10T02:33:29","modified_gmt":"2023-08-10T08:33:29","slug":"daniel-andrade-llama-a-la-unidad-a-autoridades-de-pueblos-originarios","status":"publish","type":"post","link":"https:\/\/www.zunoticia.com\/noticias-de-hidalgo\/2023\/08\/10\/daniel-andrade-llama-a-la-unidad-a-autoridades-de-pueblos-originarios\/","title":{"rendered":"Daniel Andrade llama a la unidad a autoridades de pueblos originarios"},"content":{"rendered":"<aside class=\"mashsb-container mashsb-main mashsb-stretched\"><div class=\"mashsb-box\"><div class=\"mashsb-count mash-large\" style=\"float:left\"><div class=\"counts mashsbcount\">0<\/div><span class=\"mashsb-sharetext\">SHARES<\/span><\/div><div class=\"mashsb-buttons\"><a class=\"mashicon-facebook mash-large mash-center mashsb-noshadow\" href=\"https:\/\/www.facebook.com\/sharer.php?u=https%3A%2F%2Fwww.zunoticia.com%2Fnoticias-de-hidalgo%2F2023%2F08%2F10%2Fdaniel-andrade-llama-a-la-unidad-a-autoridades-de-pueblos-originarios%2F\" target=\"_top\" rel=\"nofollow\"><span class=\"icon\"><\/span><span class=\"text\">Share<\/span><\/a><a class=\"mashicon-twitter mash-large mash-center mashsb-noshadow\" href=\"https:\/\/twitter.com\/intent\/tweet?text=&amp;url=https:\/\/www.zunoticia.com\/noticias-de-hidalgo\/2023\/08\/10\/daniel-andrade-llama-a-la-unidad-a-autoridades-de-pueblos-originarios\/\" target=\"_top\" rel=\"nofollow\"><span class=\"icon\"><\/span><span class=\"text\">Tweet<\/span><\/a><div class=\"onoffswitch2 mash-large mashsb-noshadow\" style=\"display:none\"><\/div><\/div>\n            <\/div>\n                <div style=\"clear:both\"><\/div><div class=\"mashsb-toggle-container\"><\/div><\/aside>\n            <!-- Share buttons by mashshare.net - Version: 4.0.47-->\n<ul class=\"wp-block-list\">\n<li>Gobierno de Hidalgo conmemora en Huejutla, D\u00eda Internacional de los Pueblos Ind\u00edgenas.<\/li>\n<\/ul>\n\n\n\n<p><strong>Huejutla, Hgo.- <\/strong>Teniendo como escenario el magno evento en el que el Gobierno del Estado de Hidalgo conmemor\u00f3 el D\u00eda Internacional de los Pueblos Ind\u00edgenas, Daniel Andrade Zurutuza, Presidente Municipal de Huejutla, hizo un llamado a los habitantes y autoridades de las comunidades del municipio a trabajar en Unidad con la administraci\u00f3n que encabeza, a fin de que mediante el di\u00e1logo y el trabajo en equipo se avance en la atenci\u00f3n de las necesidades que se tienen en sus pueblos.<\/p>\n\n\n\n<p>\u201c\u2026le decimos a todo el pueblo de Huejutla que estamos trabajando, a nuestros amigos delegados y delegadas que entendemos las exigencias que hay detr\u00e1s de ustedes pero que esta administraci\u00f3n (municipal), junto con el gobierno (estatal), est\u00e1 demostrando que sabemos hacer las cosas bien, siempre que se mantengan la estabilidad, la paz y la comunicaci\u00f3n\u201d, expres\u00f3.<\/p>\n\n\n\n<p>Al hacer uso de la palabra para dar la bienvenida al Gobernador Julio Menchaca Salazar y a Prisco Manuel Guti\u00e9rrez, Comisionado Estatal para el Desarrollo Sostenible de los Pueblos Ind\u00edgenas, el alcalde tambi\u00e9n agradeci\u00f3 a los integrantes del gabinete estatal y dem\u00e1s autoridades ah\u00ed presentes, por distinguir a Huejutla para celebrar tan importante fecha y por su inter\u00e9s para mejorar las condiciones de vida de los hombres y mujeres que aqu\u00ed habitan.<\/p>\n\n\n\n<p>De igual manera, se dirigi\u00f3 a las y los integrantes de los Consejos de Ancianos que acompa\u00f1aron al mandatario estatal en el presidium, para pedirles de manera respetuosa, que exhorten a las nuevas generaciones a que se sumen al trabajo en equipo y en un ambiente de paz y armon\u00eda, se logren mayores avances en el municipio.<\/p>\n\n\n\n\n\n<p>&nbsp;\u201c\u2026les pedimos que nos ayuden, estamos en tiempos de exigencia, de necesidades, hoy este gobierno ha dado muestra que tenemos en nuestras manos todas las herramientas para poder trabajar, por conducto de ustedes, a sus delegados y delegadas que tienen deseos de que sus comunidades salgan adelante, que el di\u00e1logo siempre ser\u00e1 la \u00fanica y mejor herramienta\u201d, puntualiz\u00f3.<\/p>\n\n\n\n<p>Finalmente, y al tener como sede de este emotivo evento al CBTa No. 5 \u201cHermanos Flores Mag\u00f3n\u201d, centro educativo en donde hay registro de vestigios prehisp\u00e1nicos, Daniel Andrade mostr\u00f3 su confianza en que con el apoyo del Gobierno estatal, el aporte del INAH y el de la Direcci\u00f3n General de Educaci\u00f3n Tecnol\u00f3gica Agropecuaria, muy pronto se tengan buenas noticias en relaci\u00f3n al rescate de esa zona arqueol\u00f3gica que es parte de un pasado que nos brinda identidad.<\/p>\n","protected":false},"excerpt":{"rendered":"<p>Huejutla, Hgo.- Teniendo como escenario el magno evento en el que el Gobierno del Estado de Hidalgo conmemor\u00f3 el D\u00eda Internacional de los Pueblos Ind\u00edgenas, Daniel Andrade Zurutuza, Presidente Municipal de Huejutla, hizo un llamado a los habitantes y autoridades de las comunidades del municipio a trabajar en Unidad con la administraci\u00f3n que encabeza, a&hellip; <a class=\"more-link\" href=\"https:\/\/www.zunoticia.com\/noticias-de-hidalgo\/2023\/08\/10\/daniel-andrade-llama-a-la-unidad-a-autoridades-de-pueblos-originarios\/\">Seguir leyendo <span class=\"screen-reader-text\">Daniel Andrade llama a la unidad a autoridades de pueblos originarios<\/span><\/a><\/p>\n","protected":false},"author":12,"featured_media":497995,"comment_status":"closed","ping_status":"open","sticky":false,"template":"","format":"standard","meta":{"rop_custom_images_group":[],"rop_custom_messages_group":[],"rop_publish_now":"initial","rop_publish_now_accounts":{"facebook_10159540855086992_322828327761733":""},"rop_publish_now_history":[],"rop_publish_now_status":"pending","footnotes":""},"categories":[181],"tags":[121],"class_list":["post-497970","post","type-post","status-publish","format-standard","has-post-thumbnail","hentry","category-huejutla","tag-huejutla","entry"],"_links":{"self":[{"href":"https:\/\/www.zunoticia.com\/noticias-de-hidalgo\/wp-json\/wp\/v2\/posts\/497970","targetHints":{"allow":["GET"]}}],"collection":[{"href":"https:\/\/www.zunoticia.com\/noticias-de-hidalgo\/wp-json\/wp\/v2\/posts"}],"about":[{"href":"https:\/\/www.zunoticia.com\/noticias-de-hidalgo\/wp-json\/wp\/v2\/types\/post"}],"author":[{"embeddable":true,"href":"https:\/\/www.zunoticia.com\/noticias-de-hidalgo\/wp-json\/wp\/v2\/users\/12"}],"replies":[{"embeddable":true,"href":"https:\/\/www.zunoticia.com\/noticias-de-hidalgo\/wp-json\/wp\/v2\/comments?post=497970"}],"version-history":[{"count":1,"href":"https:\/\/www.zunoticia.com\/noticias-de-hidalgo\/wp-json\/wp\/v2\/posts\/497970\/revisions"}],"predecessor-version":[{"id":497997,"href":"https:\/\/www.zunoticia.com\/noticias-de-hidalgo\/wp-json\/wp\/v2\/posts\/497970\/revisions\/497997"}],"wp:featuredmedia":[{"embeddable":true,"href":"https:\/\/www.zunoticia.com\/noticias-de-hidalgo\/wp-json\/wp\/v2\/media\/497995"}],"wp:attachment":[{"href":"https:\/\/www.zunoticia.com\/noticias-de-hidalgo\/wp-json\/wp\/v2\/media?parent=497970"}],"wp:term":[{"taxonomy":"category","embeddable":true,"href":"https:\/\/www.zunoticia.com\/noticias-de-hidalgo\/wp-json\/wp\/v2\/categories?post=497970"},{"taxonomy":"post_tag","embeddable":true,"href":"https:\/\/www.zunoticia.com\/noticias-de-hidalgo\/wp-json\/wp\/v2\/tags?post=497970"}],"curies":[{"name":"wp","href":"https:\/\/api.w.org\/{rel}","templated":true}]}}