{"id":498002,"date":"2023-08-10T02:50:51","date_gmt":"2023-08-10T08:50:51","guid":{"rendered":"https:\/\/www.zunoticia.com\/noticias-de-hidalgo\/?p=498002"},"modified":"2023-08-10T02:50:52","modified_gmt":"2023-08-10T08:50:52","slug":"vamos-ayudar-a-regularizar-las-radios-comunitarias-menchaca","status":"publish","type":"post","link":"https:\/\/www.zunoticia.com\/noticias-de-hidalgo\/2023\/08\/10\/vamos-ayudar-a-regularizar-las-radios-comunitarias-menchaca\/","title":{"rendered":"&#8220;Vamos ayudar a regularizar las radios comunitarias&#8221;: Menchaca"},"content":{"rendered":"<aside class=\"mashsb-container mashsb-main mashsb-stretched\"><div class=\"mashsb-box\"><div class=\"mashsb-count mash-large\" style=\"float:left\"><div class=\"counts mashsbcount\">28<\/div><span class=\"mashsb-sharetext\">SHARES<\/span><\/div><div class=\"mashsb-buttons\"><a class=\"mashicon-facebook mash-large mash-center mashsb-noshadow\" href=\"https:\/\/www.facebook.com\/sharer.php?u=https%3A%2F%2Fwww.zunoticia.com%2Fnoticias-de-hidalgo%2F2023%2F08%2F10%2Fvamos-ayudar-a-regularizar-las-radios-comunitarias-menchaca%2F\" target=\"_top\" rel=\"nofollow\"><span class=\"icon\"><\/span><span class=\"text\">Share<\/span><\/a><a class=\"mashicon-twitter mash-large mash-center mashsb-noshadow\" href=\"https:\/\/twitter.com\/intent\/tweet?text=&amp;url=https:\/\/www.zunoticia.com\/noticias-de-hidalgo\/2023\/08\/10\/vamos-ayudar-a-regularizar-las-radios-comunitarias-menchaca\/\" target=\"_top\" rel=\"nofollow\"><span class=\"icon\"><\/span><span class=\"text\">Tweet<\/span><\/a><div class=\"onoffswitch2 mash-large mashsb-noshadow\" style=\"display:none\"><\/div><\/div>\n            <\/div>\n                <div style=\"clear:both\"><\/div><div class=\"mashsb-toggle-container\"><\/div><\/aside>\n            <!-- Share buttons by mashshare.net - Version: 4.0.47-->\n<p><em>Por Redacci\u00f3n\/Zunoticia<\/em><\/p>\n\n\n\n<p><strong>Huejutla Hgo.- <\/strong>El gobernador de Hidalgo Julio Menchaca Salazar lejos de tomar una posici\u00f3n contraria contra las radios Comunitarias en Hidalgo, destac\u00f3 la posibilidad de coadyuvar para regularizar las radios irregulares que operan en la entidad siempre y cuando sirvan para lograr un v\u00ednculo con sectores alejadas.<\/p>\n\n\n\n<p>Luego de la inauguraci\u00f3n de las nuevas siglas del Vocero Huasteco que entra al aire y cumple con un servicio a la poblaci\u00f3n el mandatario hidalguense refut\u00f3 a la reportera sobre su posici\u00f3n contra lo que llam\u00f3 en su pregunta despectiva &#8220;radios piratas&#8221;. La respuesta fue muy contundente, pues si bien se trata de un tema federal, el gobierno de Hidalgo buscar\u00e1 coadyuvar con la posible legalizaci\u00f3n de quienes se vinculen con objetivos de servicio a la poblaci\u00f3n.<\/p>\n","protected":false},"excerpt":{"rendered":"<p>Por Redacci\u00f3n\/Zunoticia Huejutla Hgo.- El gobernador de Hidalgo Julio Menchaca Salazar lejos de tomar una posici\u00f3n contraria contra las radios Comunitarias en Hidalgo, destac\u00f3 la posibilidad de coadyuvar para regularizar las radios irregulares que operan en la entidad siempre y cuando sirvan para lograr un v\u00ednculo con sectores alejadas. Luego de la inauguraci\u00f3n de las&hellip; <a class=\"more-link\" href=\"https:\/\/www.zunoticia.com\/noticias-de-hidalgo\/2023\/08\/10\/vamos-ayudar-a-regularizar-las-radios-comunitarias-menchaca\/\">Seguir leyendo <span class=\"screen-reader-text\">&#8220;Vamos ayudar a regularizar las radios comunitarias&#8221;: Menchaca<\/span><\/a><\/p>\n","protected":false},"author":12,"featured_media":498014,"comment_status":"closed","ping_status":"open","sticky":false,"template":"","format":"standard","meta":{"rop_custom_images_group":[],"rop_custom_messages_group":[],"rop_publish_now":"initial","rop_publish_now_accounts":{"facebook_10159540855086992_322828327761733":""},"rop_publish_now_history":[],"rop_publish_now_status":"pending","footnotes":""},"categories":[181],"tags":[121],"class_list":["post-498002","post","type-post","status-publish","format-standard","has-post-thumbnail","hentry","category-huejutla","tag-huejutla","entry"],"_links":{"self":[{"href":"https:\/\/www.zunoticia.com\/noticias-de-hidalgo\/wp-json\/wp\/v2\/posts\/498002","targetHints":{"allow":["GET"]}}],"collection":[{"href":"https:\/\/www.zunoticia.com\/noticias-de-hidalgo\/wp-json\/wp\/v2\/posts"}],"about":[{"href":"https:\/\/www.zunoticia.com\/noticias-de-hidalgo\/wp-json\/wp\/v2\/types\/post"}],"author":[{"embeddable":true,"href":"https:\/\/www.zunoticia.com\/noticias-de-hidalgo\/wp-json\/wp\/v2\/users\/12"}],"replies":[{"embeddable":true,"href":"https:\/\/www.zunoticia.com\/noticias-de-hidalgo\/wp-json\/wp\/v2\/comments?post=498002"}],"version-history":[{"count":1,"href":"https:\/\/www.zunoticia.com\/noticias-de-hidalgo\/wp-json\/wp\/v2\/posts\/498002\/revisions"}],"predecessor-version":[{"id":498015,"href":"https:\/\/www.zunoticia.com\/noticias-de-hidalgo\/wp-json\/wp\/v2\/posts\/498002\/revisions\/498015"}],"wp:featuredmedia":[{"embeddable":true,"href":"https:\/\/www.zunoticia.com\/noticias-de-hidalgo\/wp-json\/wp\/v2\/media\/498014"}],"wp:attachment":[{"href":"https:\/\/www.zunoticia.com\/noticias-de-hidalgo\/wp-json\/wp\/v2\/media?parent=498002"}],"wp:term":[{"taxonomy":"category","embeddable":true,"href":"https:\/\/www.zunoticia.com\/noticias-de-hidalgo\/wp-json\/wp\/v2\/categories?post=498002"},{"taxonomy":"post_tag","embeddable":true,"href":"https:\/\/www.zunoticia.com\/noticias-de-hidalgo\/wp-json\/wp\/v2\/tags?post=498002"}],"curies":[{"name":"wp","href":"https:\/\/api.w.org\/{rel}","templated":true}]}}