{"id":498003,"date":"2023-08-10T02:49:35","date_gmt":"2023-08-10T08:49:35","guid":{"rendered":"https:\/\/www.zunoticia.com\/noticias-de-hidalgo\/?p=498003"},"modified":"2023-08-10T02:49:36","modified_gmt":"2023-08-10T08:49:36","slug":"que-no-se-quede-en-un-discurso-ni-dia-festivo-julio-menchaca","status":"publish","type":"post","link":"https:\/\/www.zunoticia.com\/noticias-de-hidalgo\/2023\/08\/10\/que-no-se-quede-en-un-discurso-ni-dia-festivo-julio-menchaca\/","title":{"rendered":"&#8220;Que no se quede en un discurso ni d\u00eda festivo&#8221;: Julio Menchaca"},"content":{"rendered":"<aside class=\"mashsb-container mashsb-main mashsb-stretched\"><div class=\"mashsb-box\"><div class=\"mashsb-count mash-large\" style=\"float:left\"><div class=\"counts mashsbcount\">18<\/div><span class=\"mashsb-sharetext\">SHARES<\/span><\/div><div class=\"mashsb-buttons\"><a class=\"mashicon-facebook mash-large mash-center mashsb-noshadow\" href=\"https:\/\/www.facebook.com\/sharer.php?u=https%3A%2F%2Fwww.zunoticia.com%2Fnoticias-de-hidalgo%2F2023%2F08%2F10%2Fque-no-se-quede-en-un-discurso-ni-dia-festivo-julio-menchaca%2F\" target=\"_top\" rel=\"nofollow\"><span class=\"icon\"><\/span><span class=\"text\">Share<\/span><\/a><a class=\"mashicon-twitter mash-large mash-center mashsb-noshadow\" href=\"https:\/\/twitter.com\/intent\/tweet?text=&amp;url=https:\/\/www.zunoticia.com\/noticias-de-hidalgo\/2023\/08\/10\/que-no-se-quede-en-un-discurso-ni-dia-festivo-julio-menchaca\/\" target=\"_top\" rel=\"nofollow\"><span class=\"icon\"><\/span><span class=\"text\">Tweet<\/span><\/a><div class=\"onoffswitch2 mash-large mashsb-noshadow\" style=\"display:none\"><\/div><\/div>\n            <\/div>\n                <div style=\"clear:both\"><\/div><div class=\"mashsb-toggle-container\"><\/div><\/aside>\n            <!-- Share buttons by mashshare.net - Version: 4.0.47-->\n<p><em>Por Mois\u00e9s Medrano<\/em><\/p>\n\n\n\n<p><strong>Huejutla, Hgo.- <\/strong>El mandatario de Hidalgo Julio Menchaca Salazar precis\u00f3 tras el evento de celebraci\u00f3n del D\u00eda Internacional de los Pueblos Ind\u00edgenas &#8220;Que no se quede en un discurso ni d\u00eda festivo, sino en la transformaci\u00f3n de la sociedad en una revoluci\u00f3n de conciencias&#8221;.<\/p>\n\n\n\n<p>En entrevista colectiva, asegur\u00f3 que se tiene el empe\u00f1o de la administraci\u00f3n con acciones concretas y presupuesto dirigido a sectores vulnerables, record\u00f3 la inauguraci\u00f3n del Vocero Huasteco y evidenci\u00f3 la desidia, el desinter\u00e9s ante la p\u00e9rdida de estaciones de radio dejando en estado vulnerable a comunidades alejadas pues dijo por mucho tiempo fue el medio de comunicaci\u00f3n.<\/p>\n\n\n\n<p>Explic\u00f3, el esfuerzo que realiza el sistema de radio y televisi\u00f3n y comunicaci\u00f3n social para la recuperaci\u00f3n muy r\u00e1pida de las estaciones de radio.<\/p>\n\n\n\n<p>Destac\u00f3 se trata de una atenci\u00f3n como lo habr\u00eda planteado Tania Meza incrementando los recursos de que no solo sea una cuesti\u00f3n folcl\u00f3rica sino una cuesti\u00f3n productiva e integraci\u00f3n econ\u00f3mica y social de los pueblos originarios.<\/p>\n\n\n\n<p>Por otro, lado sobre el chantaje social que utilizan algunos record\u00f3 que el gobierno est\u00e1 abierto al di\u00e1logo, que hay estado de derecho, firmeza en la administraci\u00f3n y todos los casos compar\u00f3 Fuente Obejuna que al frente de la masa &#8220;Se piensa que no hay responsabilidad, en todos los casos en el estado ha habido acci\u00f3n de la Procuradur\u00eda de Justicia y del poder judicial y no hay impunidad&#8221;.<\/p>\n\n\n\n<p>Explic\u00f3, no se puede sobre una causa social justa, alegrando el orden p\u00fablico, afectados a terceros y lastimando a las personas, as\u00ed no es para esta administraci\u00f3n, en todos los casos ha habido gente que aprovechando las circunstancias ha habido quien ha generado caos, destroz\u00f3 y est\u00e1n respondiendo ante las autoridades&#8221;.<\/p>\n","protected":false},"excerpt":{"rendered":"<p>Por Mois\u00e9s Medrano Huejutla, Hgo.- El mandatario de Hidalgo Julio Menchaca Salazar precis\u00f3 tras el evento de celebraci\u00f3n del D\u00eda Internacional de los Pueblos Ind\u00edgenas &#8220;Que no se quede en un discurso ni d\u00eda festivo, sino en la transformaci\u00f3n de la sociedad en una revoluci\u00f3n de conciencias&#8221;. En entrevista colectiva, asegur\u00f3 que se tiene el&hellip; <a class=\"more-link\" href=\"https:\/\/www.zunoticia.com\/noticias-de-hidalgo\/2023\/08\/10\/que-no-se-quede-en-un-discurso-ni-dia-festivo-julio-menchaca\/\">Seguir leyendo <span class=\"screen-reader-text\">&#8220;Que no se quede en un discurso ni d\u00eda festivo&#8221;: Julio Menchaca<\/span><\/a><\/p>\n","protected":false},"author":12,"featured_media":498012,"comment_status":"closed","ping_status":"open","sticky":false,"template":"","format":"standard","meta":{"rop_custom_images_group":[],"rop_custom_messages_group":[],"rop_publish_now":"initial","rop_publish_now_accounts":{"facebook_10159540855086992_322828327761733":""},"rop_publish_now_history":[],"rop_publish_now_status":"pending","footnotes":""},"categories":[181],"tags":[121],"class_list":["post-498003","post","type-post","status-publish","format-standard","has-post-thumbnail","hentry","category-huejutla","tag-huejutla","entry"],"_links":{"self":[{"href":"https:\/\/www.zunoticia.com\/noticias-de-hidalgo\/wp-json\/wp\/v2\/posts\/498003","targetHints":{"allow":["GET"]}}],"collection":[{"href":"https:\/\/www.zunoticia.com\/noticias-de-hidalgo\/wp-json\/wp\/v2\/posts"}],"about":[{"href":"https:\/\/www.zunoticia.com\/noticias-de-hidalgo\/wp-json\/wp\/v2\/types\/post"}],"author":[{"embeddable":true,"href":"https:\/\/www.zunoticia.com\/noticias-de-hidalgo\/wp-json\/wp\/v2\/users\/12"}],"replies":[{"embeddable":true,"href":"https:\/\/www.zunoticia.com\/noticias-de-hidalgo\/wp-json\/wp\/v2\/comments?post=498003"}],"version-history":[{"count":1,"href":"https:\/\/www.zunoticia.com\/noticias-de-hidalgo\/wp-json\/wp\/v2\/posts\/498003\/revisions"}],"predecessor-version":[{"id":498013,"href":"https:\/\/www.zunoticia.com\/noticias-de-hidalgo\/wp-json\/wp\/v2\/posts\/498003\/revisions\/498013"}],"wp:featuredmedia":[{"embeddable":true,"href":"https:\/\/www.zunoticia.com\/noticias-de-hidalgo\/wp-json\/wp\/v2\/media\/498012"}],"wp:attachment":[{"href":"https:\/\/www.zunoticia.com\/noticias-de-hidalgo\/wp-json\/wp\/v2\/media?parent=498003"}],"wp:term":[{"taxonomy":"category","embeddable":true,"href":"https:\/\/www.zunoticia.com\/noticias-de-hidalgo\/wp-json\/wp\/v2\/categories?post=498003"},{"taxonomy":"post_tag","embeddable":true,"href":"https:\/\/www.zunoticia.com\/noticias-de-hidalgo\/wp-json\/wp\/v2\/tags?post=498003"}],"curies":[{"name":"wp","href":"https:\/\/api.w.org\/{rel}","templated":true}]}}