{"id":498024,"date":"2023-08-10T11:47:23","date_gmt":"2023-08-10T17:47:23","guid":{"rendered":"https:\/\/www.zunoticia.com\/noticias-de-hidalgo\/?p=498024"},"modified":"2023-08-10T11:47:24","modified_gmt":"2023-08-10T17:47:24","slug":"volco-autobus-que-venia-a-huejutla","status":"publish","type":"post","link":"https:\/\/www.zunoticia.com\/noticias-de-hidalgo\/2023\/08\/10\/volco-autobus-que-venia-a-huejutla\/","title":{"rendered":"Volc\u00f3 autob\u00fas que ven\u00eda a Huejutla"},"content":{"rendered":"<aside class=\"mashsb-container mashsb-main mashsb-stretched\"><div class=\"mashsb-box\"><div class=\"mashsb-count mash-large\" style=\"float:left\"><div class=\"counts mashsbcount\">0<\/div><span class=\"mashsb-sharetext\">SHARES<\/span><\/div><div class=\"mashsb-buttons\"><a class=\"mashicon-facebook mash-large mash-center mashsb-noshadow\" href=\"https:\/\/www.facebook.com\/sharer.php?u=https%3A%2F%2Fwww.zunoticia.com%2Fnoticias-de-hidalgo%2F2023%2F08%2F10%2Fvolco-autobus-que-venia-a-huejutla%2F\" target=\"_top\" rel=\"nofollow\"><span class=\"icon\"><\/span><span class=\"text\">Share<\/span><\/a><a class=\"mashicon-twitter mash-large mash-center mashsb-noshadow\" href=\"https:\/\/twitter.com\/intent\/tweet?text=&amp;url=https:\/\/www.zunoticia.com\/noticias-de-hidalgo\/2023\/08\/10\/volco-autobus-que-venia-a-huejutla\/\" target=\"_top\" rel=\"nofollow\"><span class=\"icon\"><\/span><span class=\"text\">Tweet<\/span><\/a><div class=\"onoffswitch2 mash-large mashsb-noshadow\" style=\"display:none\"><\/div><\/div>\n            <\/div>\n                <div style=\"clear:both\"><\/div><div class=\"mashsb-toggle-container\"><\/div><\/aside>\n            <!-- Share buttons by mashshare.net - Version: 4.0.47-->\n<p>*Reportan dos muertos y 30 lesionados.<\/p>\n\n\n\n<p><em>Por Francisco Rosas\/Zunoticia<\/em><\/p>\n\n\n\n<p><strong>Tepetzintla, Ver<\/strong>.- Dos personas fallecidas y 30 lesionadas, fue el saldo de la volcadura de un autob\u00fas Futura procedente de la Ciudad de M\u00e9xico con destino a Huejutla, Hidalgo.<\/p>\n\n\n\n<p>De acuerdo con el reporte de las autoridades polic\u00edacas y cuerpos de rescate, el accidente ocurri\u00f3 alrededor de las 04:00 de la ma\u00f1ana de este jueves 10 de agosto, en el tramo de la carretera Potrero del Llano &#8211; Tepetzintla.<\/p>\n\n\n\n<p>Como primer respondiente, al sitio acudieron Polic\u00edas Municipales de Tepetzintla para rescatar a los heridos, con el apoyo de ambulancias, trasladaron a los pacientes a hospitales de Naranjos, \u00c1lamo y Cerro Azul.<\/p>\n\n\n\n<p>Las autoridades confirmaron el deceso de dos personas, entre ellos el operador del autob\u00fas; se sabe que la mayor\u00eda de los pasajeros son del municipio de Huejutla, Hidalgo, sin embargo, hasta el momento no se han dado a conocer los nombres de los fallecidos y lesionados.<\/p>\n\n\n\n<figure class=\"wp-block-gallery has-nested-images columns-default is-cropped wp-block-gallery-1 is-layout-flex wp-block-gallery-is-layout-flex\">\n<figure class=\"wp-block-image size-large\"><img fetchpriority=\"high\" decoding=\"async\" width=\"720\" height=\"405\" data-id=\"498026\" src=\"https:\/\/www.zunoticia.com\/noticias-de-hidalgo\/wp-content\/uploads\/2023\/08\/WhatsApp-Image-2023-08-10-at-09.06.16.jpeg\" alt=\"\" class=\"wp-image-498026\" srcset=\"https:\/\/www.zunoticia.com\/noticias-de-hidalgo\/wp-content\/uploads\/2023\/08\/WhatsApp-Image-2023-08-10-at-09.06.16.jpeg 720w, https:\/\/www.zunoticia.com\/noticias-de-hidalgo\/wp-content\/uploads\/2023\/08\/WhatsApp-Image-2023-08-10-at-09.06.16-300x169.jpeg 300w\" sizes=\"(max-width: 720px) 100vw, 720px\" \/><\/figure>\n\n\n\n<figure class=\"wp-block-image size-large\"><img decoding=\"async\" width=\"720\" height=\"405\" data-id=\"498027\" src=\"https:\/\/www.zunoticia.com\/noticias-de-hidalgo\/wp-content\/uploads\/2023\/08\/WhatsApp-Image-2023-08-10-at-09.06.15-1.jpeg\" alt=\"\" class=\"wp-image-498027\" srcset=\"https:\/\/www.zunoticia.com\/noticias-de-hidalgo\/wp-content\/uploads\/2023\/08\/WhatsApp-Image-2023-08-10-at-09.06.15-1.jpeg 720w, https:\/\/www.zunoticia.com\/noticias-de-hidalgo\/wp-content\/uploads\/2023\/08\/WhatsApp-Image-2023-08-10-at-09.06.15-1-300x169.jpeg 300w\" sizes=\"(max-width: 720px) 100vw, 720px\" \/><\/figure>\n\n\n\n<figure class=\"wp-block-image size-large\"><img decoding=\"async\" width=\"720\" height=\"405\" data-id=\"498028\" src=\"https:\/\/www.zunoticia.com\/noticias-de-hidalgo\/wp-content\/uploads\/2023\/08\/WhatsApp-Image-2023-08-10-at-09.06.14.jpeg\" alt=\"\" class=\"wp-image-498028\" srcset=\"https:\/\/www.zunoticia.com\/noticias-de-hidalgo\/wp-content\/uploads\/2023\/08\/WhatsApp-Image-2023-08-10-at-09.06.14.jpeg 720w, https:\/\/www.zunoticia.com\/noticias-de-hidalgo\/wp-content\/uploads\/2023\/08\/WhatsApp-Image-2023-08-10-at-09.06.14-300x169.jpeg 300w\" sizes=\"(max-width: 720px) 100vw, 720px\" \/><\/figure>\n\n\n\n<figure class=\"wp-block-image size-large\"><img loading=\"lazy\" decoding=\"async\" width=\"720\" height=\"405\" data-id=\"498029\" src=\"https:\/\/www.zunoticia.com\/noticias-de-hidalgo\/wp-content\/uploads\/2023\/08\/WhatsApp-Image-2023-08-10-at-09.06.15.jpeg\" alt=\"\" class=\"wp-image-498029\" srcset=\"https:\/\/www.zunoticia.com\/noticias-de-hidalgo\/wp-content\/uploads\/2023\/08\/WhatsApp-Image-2023-08-10-at-09.06.15.jpeg 720w, https:\/\/www.zunoticia.com\/noticias-de-hidalgo\/wp-content\/uploads\/2023\/08\/WhatsApp-Image-2023-08-10-at-09.06.15-300x169.jpeg 300w\" sizes=\"(max-width: 720px) 100vw, 720px\" \/><\/figure>\n<\/figure>\n","protected":false},"excerpt":{"rendered":"<p>*Reportan dos muertos y 30 lesionados. Por Francisco Rosas\/Zunoticia Tepetzintla, Ver.- Dos personas fallecidas y 30 lesionadas, fue el saldo de la volcadura de un autob\u00fas Futura procedente de la Ciudad de M\u00e9xico con destino a Huejutla, Hidalgo. De acuerdo con el reporte de las autoridades polic\u00edacas y cuerpos de rescate, el accidente ocurri\u00f3 alrededor&hellip; <a class=\"more-link\" href=\"https:\/\/www.zunoticia.com\/noticias-de-hidalgo\/2023\/08\/10\/volco-autobus-que-venia-a-huejutla\/\">Seguir leyendo <span class=\"screen-reader-text\">Volc\u00f3 autob\u00fas que ven\u00eda a Huejutla<\/span><\/a><\/p>\n","protected":false},"author":20,"featured_media":498025,"comment_status":"closed","ping_status":"open","sticky":false,"template":"","format":"standard","meta":{"rop_custom_images_group":[],"rop_custom_messages_group":[],"rop_publish_now":"initial","rop_publish_now_accounts":{"facebook_10159540855086992_322828327761733":""},"rop_publish_now_history":[],"rop_publish_now_status":"pending","footnotes":""},"categories":[178,209],"tags":[259],"class_list":["post-498024","post","type-post","status-publish","format-standard","has-post-thumbnail","hentry","category-policiaca","category-relevante","tag-policiaca","entry"],"_links":{"self":[{"href":"https:\/\/www.zunoticia.com\/noticias-de-hidalgo\/wp-json\/wp\/v2\/posts\/498024","targetHints":{"allow":["GET"]}}],"collection":[{"href":"https:\/\/www.zunoticia.com\/noticias-de-hidalgo\/wp-json\/wp\/v2\/posts"}],"about":[{"href":"https:\/\/www.zunoticia.com\/noticias-de-hidalgo\/wp-json\/wp\/v2\/types\/post"}],"author":[{"embeddable":true,"href":"https:\/\/www.zunoticia.com\/noticias-de-hidalgo\/wp-json\/wp\/v2\/users\/20"}],"replies":[{"embeddable":true,"href":"https:\/\/www.zunoticia.com\/noticias-de-hidalgo\/wp-json\/wp\/v2\/comments?post=498024"}],"version-history":[{"count":1,"href":"https:\/\/www.zunoticia.com\/noticias-de-hidalgo\/wp-json\/wp\/v2\/posts\/498024\/revisions"}],"predecessor-version":[{"id":498030,"href":"https:\/\/www.zunoticia.com\/noticias-de-hidalgo\/wp-json\/wp\/v2\/posts\/498024\/revisions\/498030"}],"wp:featuredmedia":[{"embeddable":true,"href":"https:\/\/www.zunoticia.com\/noticias-de-hidalgo\/wp-json\/wp\/v2\/media\/498025"}],"wp:attachment":[{"href":"https:\/\/www.zunoticia.com\/noticias-de-hidalgo\/wp-json\/wp\/v2\/media?parent=498024"}],"wp:term":[{"taxonomy":"category","embeddable":true,"href":"https:\/\/www.zunoticia.com\/noticias-de-hidalgo\/wp-json\/wp\/v2\/categories?post=498024"},{"taxonomy":"post_tag","embeddable":true,"href":"https:\/\/www.zunoticia.com\/noticias-de-hidalgo\/wp-json\/wp\/v2\/tags?post=498024"}],"curies":[{"name":"wp","href":"https:\/\/api.w.org\/{rel}","templated":true}]}}