{"id":498041,"date":"2023-08-10T12:51:46","date_gmt":"2023-08-10T18:51:46","guid":{"rendered":"https:\/\/www.zunoticia.com\/noticias-de-hidalgo\/?p=498041"},"modified":"2023-08-10T12:51:47","modified_gmt":"2023-08-10T18:51:47","slug":"anuncia-marco-mendoza-primer-foro-dialogos-ciudadanos-del-frente-amplio-por-mexico","status":"publish","type":"post","link":"https:\/\/www.zunoticia.com\/noticias-de-hidalgo\/2023\/08\/10\/anuncia-marco-mendoza-primer-foro-dialogos-ciudadanos-del-frente-amplio-por-mexico\/","title":{"rendered":"Anuncia Marco Mendoza primer Foro Di\u00e1logos Ciudadanos del Frente Amplio por M\u00e9xico."},"content":{"rendered":"<aside class=\"mashsb-container mashsb-main mashsb-stretched\"><div class=\"mashsb-box\"><div class=\"mashsb-count mash-large\" style=\"float:left\"><div class=\"counts mashsbcount\">0<\/div><span class=\"mashsb-sharetext\">SHARES<\/span><\/div><div class=\"mashsb-buttons\"><a class=\"mashicon-facebook mash-large mash-center mashsb-noshadow\" href=\"https:\/\/www.facebook.com\/sharer.php?u=https%3A%2F%2Fwww.zunoticia.com%2Fnoticias-de-hidalgo%2F2023%2F08%2F10%2Fanuncia-marco-mendoza-primer-foro-dialogos-ciudadanos-del-frente-amplio-por-mexico%2F\" target=\"_top\" rel=\"nofollow\"><span class=\"icon\"><\/span><span class=\"text\">Share<\/span><\/a><a class=\"mashicon-twitter mash-large mash-center mashsb-noshadow\" href=\"https:\/\/twitter.com\/intent\/tweet?text=&amp;url=https:\/\/www.zunoticia.com\/noticias-de-hidalgo\/2023\/08\/10\/anuncia-marco-mendoza-primer-foro-dialogos-ciudadanos-del-frente-amplio-por-mexico\/\" target=\"_top\" rel=\"nofollow\"><span class=\"icon\"><\/span><span class=\"text\">Tweet<\/span><\/a><div class=\"onoffswitch2 mash-large mashsb-noshadow\" style=\"display:none\"><\/div><\/div>\n            <\/div>\n                <div style=\"clear:both\"><\/div><div class=\"mashsb-toggle-container\"><\/div><\/aside>\n            <!-- Share buttons by mashshare.net - Version: 4.0.47-->\n<p><em>Por Redacci\u00f3n\/Zunoticia<\/em><\/p>\n\n\n\n<p><strong>Pachuca de Soto, Hgo<\/strong>.- El Frente Amplio por M\u00e9xico organiza los foros ciudadanos como parte de los trabajos tendientes al 2024, as\u00ed lo dio a conocer el presidente del Comit\u00e9 Directivo Estatal del PRI, Marco Antonio Mendoza Bustamante.<\/p>\n\n\n\n<p>El tambi\u00e9n legislador se\u00f1al\u00f3 que el objetivo de este ejercicio es discutir los temas relevantes para el futuro de M\u00e9xico. &nbsp;Se llevar\u00e1 a cabo el pr\u00f3ximo 10 de agosto a las 19:00 horas a trav\u00e9s de las redes sociales del PRI Nacional: Facebook (PRI Oficial M\u00e9xico); Twitter (@PRI_Nacional); Instagram (@pri_nacional).<\/p>\n\n\n\n<p>Con las preguntas \u00bfQui\u00e9nes somos, \u00bfQu\u00e9 advertimos y Qu\u00e9 nos preocupa? se desarrollar\u00e1 la tem\u00e1tica del evento.<\/p>\n\n\n\n<p>Los siguientes foros programados ser\u00e1n en agosto, los d\u00edas: 17 en Durango, 19 en Monterrey, 22 en Le\u00f3n, 24 en Guadalajara y 26 en M\u00e9rida.<\/p>\n\n\n\n<p>Mendoza Bustamante destac\u00f3 que el Frente Amplio por M\u00e9xico sigue avanzando como una propuesta clara y articulada en favor de M\u00e9xico.<\/p>\n","protected":false},"excerpt":{"rendered":"<p>Por Redacci\u00f3n\/Zunoticia Pachuca de Soto, Hgo.- El Frente Amplio por M\u00e9xico organiza los foros ciudadanos como parte de los trabajos tendientes al 2024, as\u00ed lo dio a conocer el presidente del Comit\u00e9 Directivo Estatal del PRI, Marco Antonio Mendoza Bustamante. El tambi\u00e9n legislador se\u00f1al\u00f3 que el objetivo de este ejercicio es discutir los temas relevantes&hellip; <a class=\"more-link\" href=\"https:\/\/www.zunoticia.com\/noticias-de-hidalgo\/2023\/08\/10\/anuncia-marco-mendoza-primer-foro-dialogos-ciudadanos-del-frente-amplio-por-mexico\/\">Seguir leyendo <span class=\"screen-reader-text\">Anuncia Marco Mendoza primer Foro Di\u00e1logos Ciudadanos del Frente Amplio por M\u00e9xico.<\/span><\/a><\/p>\n","protected":false},"author":20,"featured_media":498042,"comment_status":"closed","ping_status":"open","sticky":false,"template":"","format":"standard","meta":{"rop_custom_images_group":[],"rop_custom_messages_group":[],"rop_publish_now":"initial","rop_publish_now_accounts":{"facebook_10159540855086992_322828327761733":""},"rop_publish_now_history":[],"rop_publish_now_status":"pending","footnotes":""},"categories":[208],"tags":[214],"class_list":["post-498041","post","type-post","status-publish","format-standard","has-post-thumbnail","hentry","category-estado","tag-estado","entry"],"_links":{"self":[{"href":"https:\/\/www.zunoticia.com\/noticias-de-hidalgo\/wp-json\/wp\/v2\/posts\/498041","targetHints":{"allow":["GET"]}}],"collection":[{"href":"https:\/\/www.zunoticia.com\/noticias-de-hidalgo\/wp-json\/wp\/v2\/posts"}],"about":[{"href":"https:\/\/www.zunoticia.com\/noticias-de-hidalgo\/wp-json\/wp\/v2\/types\/post"}],"author":[{"embeddable":true,"href":"https:\/\/www.zunoticia.com\/noticias-de-hidalgo\/wp-json\/wp\/v2\/users\/20"}],"replies":[{"embeddable":true,"href":"https:\/\/www.zunoticia.com\/noticias-de-hidalgo\/wp-json\/wp\/v2\/comments?post=498041"}],"version-history":[{"count":1,"href":"https:\/\/www.zunoticia.com\/noticias-de-hidalgo\/wp-json\/wp\/v2\/posts\/498041\/revisions"}],"predecessor-version":[{"id":498043,"href":"https:\/\/www.zunoticia.com\/noticias-de-hidalgo\/wp-json\/wp\/v2\/posts\/498041\/revisions\/498043"}],"wp:featuredmedia":[{"embeddable":true,"href":"https:\/\/www.zunoticia.com\/noticias-de-hidalgo\/wp-json\/wp\/v2\/media\/498042"}],"wp:attachment":[{"href":"https:\/\/www.zunoticia.com\/noticias-de-hidalgo\/wp-json\/wp\/v2\/media?parent=498041"}],"wp:term":[{"taxonomy":"category","embeddable":true,"href":"https:\/\/www.zunoticia.com\/noticias-de-hidalgo\/wp-json\/wp\/v2\/categories?post=498041"},{"taxonomy":"post_tag","embeddable":true,"href":"https:\/\/www.zunoticia.com\/noticias-de-hidalgo\/wp-json\/wp\/v2\/tags?post=498041"}],"curies":[{"name":"wp","href":"https:\/\/api.w.org\/{rel}","templated":true}]}}