{"id":498044,"date":"2023-08-10T13:11:09","date_gmt":"2023-08-10T19:11:09","guid":{"rendered":"https:\/\/www.zunoticia.com\/noticias-de-hidalgo\/?p=498044"},"modified":"2023-08-10T13:11:10","modified_gmt":"2023-08-10T19:11:10","slug":"libro-el-nino-de-la-tarola-protege-variantes-linguisticas-de-pueblos-originarios","status":"publish","type":"post","link":"https:\/\/www.zunoticia.com\/noticias-de-hidalgo\/2023\/08\/10\/libro-el-nino-de-la-tarola-protege-variantes-linguisticas-de-pueblos-originarios\/","title":{"rendered":"Libro <em>El ni\u00f1o de la tarola<\/em> protege variantes ling\u00fc\u00edsticas de pueblos originarios"},"content":{"rendered":"<aside class=\"mashsb-container mashsb-main mashsb-stretched\"><div class=\"mashsb-box\"><div class=\"mashsb-count mash-large\" style=\"float:left\"><div class=\"counts mashsbcount\">68<\/div><span class=\"mashsb-sharetext\">SHARES<\/span><\/div><div class=\"mashsb-buttons\"><a class=\"mashicon-facebook mash-large mash-center mashsb-noshadow\" href=\"https:\/\/www.facebook.com\/sharer.php?u=https%3A%2F%2Fwww.zunoticia.com%2Fnoticias-de-hidalgo%2F2023%2F08%2F10%2Flibro-el-nino-de-la-tarola-protege-variantes-linguisticas-de-pueblos-originarios%2F\" target=\"_top\" rel=\"nofollow\"><span class=\"icon\"><\/span><span class=\"text\">Share<\/span><\/a><a class=\"mashicon-twitter mash-large mash-center mashsb-noshadow\" href=\"https:\/\/twitter.com\/intent\/tweet?text=&amp;url=https:\/\/www.zunoticia.com\/noticias-de-hidalgo\/2023\/08\/10\/libro-el-nino-de-la-tarola-protege-variantes-linguisticas-de-pueblos-originarios\/\" target=\"_top\" rel=\"nofollow\"><span class=\"icon\"><\/span><span class=\"text\">Tweet<\/span><\/a><div class=\"onoffswitch2 mash-large mashsb-noshadow\" style=\"display:none\"><\/div><\/div>\n            <\/div>\n                <div style=\"clear:both\"><\/div><div class=\"mashsb-toggle-container\"><\/div><\/aside>\n            <!-- Share buttons by mashshare.net - Version: 4.0.47-->\n<p>Fue presentado en la librer\u00eda Margarita Michelena con motivo del D\u00eda Internacional de los Pueblos Ind\u00edgenas.<\/p>\n\n\n\n<p><em>Por Redacci\u00f3n\/Zunoticia<\/em><\/p>\n\n\n\n<p><strong>Pachuca de Soto, Hgo.- <\/strong>&nbsp;Con motivo del D\u00eda Internacional de los Pueblos Ind\u00edgenas, conmemorado cada 9 de agosto, la Secretar\u00eda de Cultura, a trav\u00e9s del Consejo Estatal para la Cultura y las Artes de Hidalgo y la Direcci\u00f3n General de Arte Popular e Ind\u00edgena, present\u00f3 en la librer\u00eda Margarita Michelena el libro <em>El ni\u00f1o de la tarola<\/em>, del escritor Herlindo Corona Reyes, el cual hace un llamado a la preservaci\u00f3n de las tradiciones de los pueblos originarios para el reconocimiento de la identidad.&nbsp;<\/p>\n\n\n\n<p>La dependencia estatal, a cargo de Tania Meza Escorza, inform\u00f3 que el libro es resultado de un grupo cultural comunitario que fue beneficiado con el Programa de Acciones Culturales Multiling\u00fces y Comunitarias (PACMyC) 2022, el cual tiene como objetivo preservar y difundir historias, as\u00ed como costumbres y relatos que los pueblos ind\u00edgenas custodian y transmiten sobre las pr\u00e1cticas culturales y formas \u00fanicas de relacionarse con su entorno, mediante el reconocimiento de sus identidades y la lucha por la preservaci\u00f3n de las tradiciones.<\/p>\n\n\n\n<p>Alma Daniela P\u00e9rez Mart\u00ednez, directora general de Arte Popular e Ind\u00edgena de la Secretar\u00eda de Cultura, mencion\u00f3 la importancia de esta publicaci\u00f3n ganadora del PACMyC 2022, ya que &#8220;involucra a infancias para hacerles parte del legado de los pueblos originarios de Hidalgo; a trav\u00e9s de breves cuentos y actividades l\u00fadicas lucha para que las variantes ling\u00fc\u00edsticas no dejen de existir&#8221;.<\/p>\n\n\n\n<p>Adem\u00e1s de <em>El ni\u00f1o de la tarola<\/em>, Herlindo Corona Reyes, originario de la comunidad de San Bernardo, perteneciente a Zacualtip\u00e1n de \u00c1ngeles, es autor del libro <em>Sierra Encantada<\/em>; en 1990 fund\u00f3 el bolet\u00edn \u201cResplandor Cultural\u201d, un \u00f3rgano Informativo y cultural de la Regi\u00f3n de la Sierra Alta. Colabor\u00f3 en la investigaci\u00f3n \u201cDiagn\u00f3stico sociocultural del estado de Hidalgo&#8221; (1991) y en la investigaci\u00f3n para la edici\u00f3n de los libros <em>Encuentro de los pueblos<\/em> y <em>Danzas del Estado de Hidalgo<\/em>.&nbsp;<\/p>\n\n\n\n<p>Asimismo, particip\u00f3 en las monograf\u00edas de los municipios de Eloxochitl\u00e1n, Lolotla, Tianguistengo, Tlahuiltepa, Xochicoatl\u00e1n y Zacualtip\u00e1n de \u00c1ngeles.&nbsp;<\/p>\n\n\n\n<p>El libro <em>El ni\u00f1o de la tarola<\/em>, de Herlindo Corona Reyes, puede consultarse de forma gratuita en la librer\u00eda Margarita Michelena, de lunes a viernes, de 9:00&nbsp;a&nbsp;17:00&nbsp;horas.<\/p>\n\n\n\n<figure class=\"wp-block-image size-full\"><img fetchpriority=\"high\" decoding=\"async\" width=\"940\" height=\"788\" src=\"https:\/\/www.zunoticia.com\/noticias-de-hidalgo\/wp-content\/uploads\/2023\/08\/Diseno-sin-titulo-3-18.png\" alt=\"\" class=\"wp-image-498046\" srcset=\"https:\/\/www.zunoticia.com\/noticias-de-hidalgo\/wp-content\/uploads\/2023\/08\/Diseno-sin-titulo-3-18.png 940w, https:\/\/www.zunoticia.com\/noticias-de-hidalgo\/wp-content\/uploads\/2023\/08\/Diseno-sin-titulo-3-18-300x251.png 300w, https:\/\/www.zunoticia.com\/noticias-de-hidalgo\/wp-content\/uploads\/2023\/08\/Diseno-sin-titulo-3-18-768x644.png 768w\" sizes=\"(max-width: 940px) 100vw, 940px\" \/><\/figure>\n","protected":false},"excerpt":{"rendered":"<p>Fue presentado en la librer\u00eda Margarita Michelena con motivo del D\u00eda Internacional de los Pueblos Ind\u00edgenas. Por Redacci\u00f3n\/Zunoticia Pachuca de Soto, Hgo.- &nbsp;Con motivo del D\u00eda Internacional de los Pueblos Ind\u00edgenas, conmemorado cada 9 de agosto, la Secretar\u00eda de Cultura, a trav\u00e9s del Consejo Estatal para la Cultura y las Artes de Hidalgo y la&hellip; <a class=\"more-link\" href=\"https:\/\/www.zunoticia.com\/noticias-de-hidalgo\/2023\/08\/10\/libro-el-nino-de-la-tarola-protege-variantes-linguisticas-de-pueblos-originarios\/\">Seguir leyendo <span class=\"screen-reader-text\">Libro <em>El ni\u00f1o de la tarola<\/em> protege variantes ling\u00fc\u00edsticas de pueblos originarios<\/span><\/a><\/p>\n","protected":false},"author":20,"featured_media":498045,"comment_status":"closed","ping_status":"open","sticky":false,"template":"","format":"standard","meta":{"rop_custom_images_group":[],"rop_custom_messages_group":[],"rop_publish_now":"initial","rop_publish_now_accounts":{"facebook_10159540855086992_322828327761733":""},"rop_publish_now_history":[],"rop_publish_now_status":"pending","footnotes":""},"categories":[208],"tags":[214],"class_list":["post-498044","post","type-post","status-publish","format-standard","has-post-thumbnail","hentry","category-estado","tag-estado","entry"],"_links":{"self":[{"href":"https:\/\/www.zunoticia.com\/noticias-de-hidalgo\/wp-json\/wp\/v2\/posts\/498044","targetHints":{"allow":["GET"]}}],"collection":[{"href":"https:\/\/www.zunoticia.com\/noticias-de-hidalgo\/wp-json\/wp\/v2\/posts"}],"about":[{"href":"https:\/\/www.zunoticia.com\/noticias-de-hidalgo\/wp-json\/wp\/v2\/types\/post"}],"author":[{"embeddable":true,"href":"https:\/\/www.zunoticia.com\/noticias-de-hidalgo\/wp-json\/wp\/v2\/users\/20"}],"replies":[{"embeddable":true,"href":"https:\/\/www.zunoticia.com\/noticias-de-hidalgo\/wp-json\/wp\/v2\/comments?post=498044"}],"version-history":[{"count":1,"href":"https:\/\/www.zunoticia.com\/noticias-de-hidalgo\/wp-json\/wp\/v2\/posts\/498044\/revisions"}],"predecessor-version":[{"id":498047,"href":"https:\/\/www.zunoticia.com\/noticias-de-hidalgo\/wp-json\/wp\/v2\/posts\/498044\/revisions\/498047"}],"wp:featuredmedia":[{"embeddable":true,"href":"https:\/\/www.zunoticia.com\/noticias-de-hidalgo\/wp-json\/wp\/v2\/media\/498045"}],"wp:attachment":[{"href":"https:\/\/www.zunoticia.com\/noticias-de-hidalgo\/wp-json\/wp\/v2\/media?parent=498044"}],"wp:term":[{"taxonomy":"category","embeddable":true,"href":"https:\/\/www.zunoticia.com\/noticias-de-hidalgo\/wp-json\/wp\/v2\/categories?post=498044"},{"taxonomy":"post_tag","embeddable":true,"href":"https:\/\/www.zunoticia.com\/noticias-de-hidalgo\/wp-json\/wp\/v2\/tags?post=498044"}],"curies":[{"name":"wp","href":"https:\/\/api.w.org\/{rel}","templated":true}]}}