{"id":498056,"date":"2023-08-10T14:20:10","date_gmt":"2023-08-10T20:20:10","guid":{"rendered":"https:\/\/www.zunoticia.com\/noticias-de-hidalgo\/?p=498056"},"modified":"2023-08-10T14:20:25","modified_gmt":"2023-08-10T20:20:25","slug":"andres-manuel-lopez-obrador-solicito-que-se-regresaran-las-voces-del-pueblo-a-hidalgo-alan-austria","status":"publish","type":"post","link":"https:\/\/www.zunoticia.com\/noticias-de-hidalgo\/2023\/08\/10\/andres-manuel-lopez-obrador-solicito-que-se-regresaran-las-voces-del-pueblo-a-hidalgo-alan-austria\/","title":{"rendered":"Andr\u00e9s Manuel L\u00f3pez Obrador solicit\u00f3 que se regresaran las voces del pueblo a Hidalgo: Alan Austria"},"content":{"rendered":"<aside class=\"mashsb-container mashsb-main mashsb-stretched\"><div class=\"mashsb-box\"><div class=\"mashsb-count mash-large\" style=\"float:left\"><div class=\"counts mashsbcount\">30<\/div><span class=\"mashsb-sharetext\">SHARES<\/span><\/div><div class=\"mashsb-buttons\"><a class=\"mashicon-facebook mash-large mash-center mashsb-noshadow\" href=\"https:\/\/www.facebook.com\/sharer.php?u=https%3A%2F%2Fwww.zunoticia.com%2Fnoticias-de-hidalgo%2F2023%2F08%2F10%2Fandres-manuel-lopez-obrador-solicito-que-se-regresaran-las-voces-del-pueblo-a-hidalgo-alan-austria%2F\" target=\"_top\" rel=\"nofollow\"><span class=\"icon\"><\/span><span class=\"text\">Share<\/span><\/a><a class=\"mashicon-twitter mash-large mash-center mashsb-noshadow\" href=\"https:\/\/twitter.com\/intent\/tweet?text=&amp;url=https:\/\/www.zunoticia.com\/noticias-de-hidalgo\/2023\/08\/10\/andres-manuel-lopez-obrador-solicito-que-se-regresaran-las-voces-del-pueblo-a-hidalgo-alan-austria\/\" target=\"_top\" rel=\"nofollow\"><span class=\"icon\"><\/span><span class=\"text\">Tweet<\/span><\/a><div class=\"onoffswitch2 mash-large mashsb-noshadow\" style=\"display:none\"><\/div><\/div>\n            <\/div>\n                <div style=\"clear:both\"><\/div><div class=\"mashsb-toggle-container\"><\/div><\/aside>\n            <!-- Share buttons by mashshare.net - Version: 4.0.47-->\n<p><em>Por Salvador Altamirano\/Zunoticia<\/em><\/p>\n\n\n\n<p><strong>Huejutla, Hgo<\/strong>.- \u2018Durante la administraci\u00f3n estatal pasada, 11 de 12 estaciones de radio cerraron sus emisiones, noticia que trascendi\u00f3 m\u00e1s all\u00e1 de las fronteras hidalguenses, por lo que el presidente de M\u00e9xico, Andr\u00e9s Manuel L\u00f3pez Obrador, desde el mes de diciembre solicit\u00f3 en una &#8220;Ma\u00f1anera&#8221; que se regresaran las voces del pueblo al Estado de Hidalgo\u2019<\/p>\n\n\n\n<p>Lo anterior, fue expresado por el director general de Radio y Televisi\u00f3n de Hidalgo, Alan Austria Anaya, quien agreg\u00f3 el pasado mi\u00e9rcoles que con la inauguraci\u00f3n del &#8220;Vocero Huasteco&#8221;, se logra abrir la primera bajo el gobierno de Julio Menchaca Salazar en un tiempo r\u00e9cord, en once meses, lo cual se buscaba desde el 2019 pero no se concluy\u00f3.<\/p>\n\n\n\n<p>Especific\u00f3 que, en ciertos per\u00edodos se tienen que renovar las vigencias del uso permitido gubernamental, y en el 2019 que era ya la cuarta de la quinta parte de la renovaci\u00f3n, no se llev\u00f3 a cabo, por lo que el &#8220;Vocero Huasteco&#8221; se cerr\u00f3 en el 2022.<\/p>\n\n\n\n<p>A pregunta formulada, subray\u00f3 que la radiodifusora tiene nuevas siglas, sin embargo, mantuvieron la personalidad del &#8220;Vocero Huasteco&#8221; porque la huasteca as\u00ed lo amerita por la identidad que tiene de la regi\u00f3n, pero con el apoyo de la &#8220;Radio del pueblo&#8221;, que es otro esquema que est\u00e1n implementando desde el medio de comunicaci\u00f3n p\u00fablica hidalguense, con el cual se busca estar cercano a la gente.<\/p>\n\n\n\n<p>Para finalizar, Austria Anaya invit\u00f3 a la ciudadan\u00eda a que se acerquen a la Radio del pueblo, \u2018vamos a estar escuchando sus comentarios y haciendo caso a sus opiniones, nada se ha realizado en ocurrencia, llevamos a cabo un estudio previo, sobre qu\u00e9 quieren escuchar en la regi\u00f3n\u2019.<\/p>\n\n\n\n<p><\/p>\n","protected":false},"excerpt":{"rendered":"<p>Por Salvador Altamirano\/Zunoticia Huejutla, Hgo.- \u2018Durante la administraci\u00f3n estatal pasada, 11 de 12 estaciones de radio cerraron sus emisiones, noticia que trascendi\u00f3 m\u00e1s all\u00e1 de las fronteras hidalguenses, por lo que el presidente de M\u00e9xico, Andr\u00e9s Manuel L\u00f3pez Obrador, desde el mes de diciembre solicit\u00f3 en una &#8220;Ma\u00f1anera&#8221; que se regresaran las voces del pueblo&hellip; <a class=\"more-link\" href=\"https:\/\/www.zunoticia.com\/noticias-de-hidalgo\/2023\/08\/10\/andres-manuel-lopez-obrador-solicito-que-se-regresaran-las-voces-del-pueblo-a-hidalgo-alan-austria\/\">Seguir leyendo <span class=\"screen-reader-text\">Andr\u00e9s Manuel L\u00f3pez Obrador solicit\u00f3 que se regresaran las voces del pueblo a Hidalgo: Alan Austria<\/span><\/a><\/p>\n","protected":false},"author":20,"featured_media":498057,"comment_status":"closed","ping_status":"open","sticky":false,"template":"","format":"standard","meta":{"rop_custom_images_group":[],"rop_custom_messages_group":[],"rop_publish_now":"initial","rop_publish_now_accounts":{"facebook_10159540855086992_322828327761733":""},"rop_publish_now_history":[],"rop_publish_now_status":"pending","footnotes":""},"categories":[181],"tags":[121],"class_list":["post-498056","post","type-post","status-publish","format-standard","has-post-thumbnail","hentry","category-huejutla","tag-huejutla","entry"],"_links":{"self":[{"href":"https:\/\/www.zunoticia.com\/noticias-de-hidalgo\/wp-json\/wp\/v2\/posts\/498056","targetHints":{"allow":["GET"]}}],"collection":[{"href":"https:\/\/www.zunoticia.com\/noticias-de-hidalgo\/wp-json\/wp\/v2\/posts"}],"about":[{"href":"https:\/\/www.zunoticia.com\/noticias-de-hidalgo\/wp-json\/wp\/v2\/types\/post"}],"author":[{"embeddable":true,"href":"https:\/\/www.zunoticia.com\/noticias-de-hidalgo\/wp-json\/wp\/v2\/users\/20"}],"replies":[{"embeddable":true,"href":"https:\/\/www.zunoticia.com\/noticias-de-hidalgo\/wp-json\/wp\/v2\/comments?post=498056"}],"version-history":[{"count":2,"href":"https:\/\/www.zunoticia.com\/noticias-de-hidalgo\/wp-json\/wp\/v2\/posts\/498056\/revisions"}],"predecessor-version":[{"id":498059,"href":"https:\/\/www.zunoticia.com\/noticias-de-hidalgo\/wp-json\/wp\/v2\/posts\/498056\/revisions\/498059"}],"wp:featuredmedia":[{"embeddable":true,"href":"https:\/\/www.zunoticia.com\/noticias-de-hidalgo\/wp-json\/wp\/v2\/media\/498057"}],"wp:attachment":[{"href":"https:\/\/www.zunoticia.com\/noticias-de-hidalgo\/wp-json\/wp\/v2\/media?parent=498056"}],"wp:term":[{"taxonomy":"category","embeddable":true,"href":"https:\/\/www.zunoticia.com\/noticias-de-hidalgo\/wp-json\/wp\/v2\/categories?post=498056"},{"taxonomy":"post_tag","embeddable":true,"href":"https:\/\/www.zunoticia.com\/noticias-de-hidalgo\/wp-json\/wp\/v2\/tags?post=498056"}],"curies":[{"name":"wp","href":"https:\/\/api.w.org\/{rel}","templated":true}]}}