{"id":498090,"date":"2023-08-10T17:23:25","date_gmt":"2023-08-10T23:23:25","guid":{"rendered":"https:\/\/www.zunoticia.com\/noticias-de-hidalgo\/?p=498090"},"modified":"2023-08-10T17:23:28","modified_gmt":"2023-08-10T23:23:28","slug":"presentan-autoridades-y-organizadores-festival-mezcal-queso-y-vino-de-huasca-de-ocampo","status":"publish","type":"post","link":"https:\/\/www.zunoticia.com\/noticias-de-hidalgo\/2023\/08\/10\/presentan-autoridades-y-organizadores-festival-mezcal-queso-y-vino-de-huasca-de-ocampo\/","title":{"rendered":"Presentan autoridades y organizadores,&nbsp;\u201cFestival Mezcal, Queso y Vino\u201d de Huasca de Ocampo"},"content":{"rendered":"<aside class=\"mashsb-container mashsb-main mashsb-stretched\"><div class=\"mashsb-box\"><div class=\"mashsb-count mash-large\" style=\"float:left\"><div class=\"counts mashsbcount\">0<\/div><span class=\"mashsb-sharetext\">SHARES<\/span><\/div><div class=\"mashsb-buttons\"><a class=\"mashicon-facebook mash-large mash-center mashsb-noshadow\" href=\"https:\/\/www.facebook.com\/sharer.php?u=https%3A%2F%2Fwww.zunoticia.com%2Fnoticias-de-hidalgo%2F2023%2F08%2F10%2Fpresentan-autoridades-y-organizadores-festival-mezcal-queso-y-vino-de-huasca-de-ocampo%2F\" target=\"_top\" rel=\"nofollow\"><span class=\"icon\"><\/span><span class=\"text\">Share<\/span><\/a><a class=\"mashicon-twitter mash-large mash-center mashsb-noshadow\" href=\"https:\/\/twitter.com\/intent\/tweet?text=&amp;url=https:\/\/www.zunoticia.com\/noticias-de-hidalgo\/2023\/08\/10\/presentan-autoridades-y-organizadores-festival-mezcal-queso-y-vino-de-huasca-de-ocampo\/\" target=\"_top\" rel=\"nofollow\"><span class=\"icon\"><\/span><span class=\"text\">Tweet<\/span><\/a><div class=\"onoffswitch2 mash-large mashsb-noshadow\" style=\"display:none\"><\/div><\/div>\n            <\/div>\n                <div style=\"clear:both\"><\/div><div class=\"mashsb-toggle-container\"><\/div><\/aside>\n            <!-- Share buttons by mashshare.net - Version: 4.0.47-->\n<p>*Se realizar\u00e1 el 2 y 3 de septiembre en el Pueblo M\u00e1gico<\/p>\n\n\n\n<p><em>Por Redacci\u00f3n\/Zunoticia<br><br><\/em><\/p>\n\n\n\n<p><strong>Pachuca de Soto, Hgo<\/strong>.- Una perfecta combinaci\u00f3n de sabores trae consigo el festival del Mezcal, Queso y Vino \u201cSaben a beso divino\u201d, con el que se busca ofrecer otro producto tur\u00edstico que atraiga a m\u00e1s visitantes a Huasca de Ocampo, el primer Pueblo M\u00e1gico de M\u00e9xico.<\/p>\n\n\n\n<p>Durante la presentaci\u00f3n de este evento se inform\u00f3 que se realizar\u00e1 en el parque del Marqu\u00e9s, en la comunidad La Mora, el pr\u00f3ximo dos y tres de septiembre, en un horario de las 12:00 a 21:00 horas.&nbsp;<\/p>\n\n\n\n<p>Ren\u00e9 Marti\u00f1\u00f3n, Jos\u00e9 Manuel Ayala y Hugo Romero, organizadores de este evento, explicaron que este festival se inici\u00f3 en 2015 en el municipio de Tepotzotl\u00e1n, Estado de M\u00e9xico, y se ha replicado en diferentes municipios y Pueblos M\u00e1gicos.<\/p>\n\n\n\n<p>Marti\u00f1\u00f3n explic\u00f3: \u201cOpera bajo tres ejes principales que son: fomentar el turismo; impulsar la actividad econ\u00f3mica de la regi\u00f3n, as\u00ed como de los productores y artesanos; adem\u00e1s de ofrecer eventos gastron\u00f3micos de calidad para toda la familia que visite y sea parte de este proyecto\u201d.<\/p>\n\n\n\n<p>En esta presentaci\u00f3n, en la que tambi\u00e9n particip\u00f3 el director de Turismo de Huasca, Gustavo Guzm\u00e1n, se explic\u00f3 que se podr\u00e1n encontrar expositores de los 3 elementos que le dan el nombre: mezcal, queso y vino. Adem\u00e1s, se ofrecer\u00e1n diferentes productos como charcuter\u00eda, gastronom\u00eda, comida ex\u00f3tica, artesan\u00edas, cerveza artesanal y m\u00e1s.<\/p>\n\n\n\n<p><br>Al preguntar por el n\u00famero de productores locales y for\u00e1neos, Anaya dijo: \u201cPor ser la primera edici\u00f3n estamos calculando aproximadamente el 30 o 35 por ciento de productores y artesanos de Hidalgo y los dem\u00e1s un grupo de expositores que ya se encuentran afiliados a nuestro producto (\u2026) para poder degustar etiquetas nacionales y etiquetas internacionales\u201d<\/p>\n\n\n\n<p>Los expositores que participar\u00e1n en este evento, son de Estado de M\u00e9xico, Puebla, Quer\u00e9taro, Baja California, Guanajuato, Oaxaca, Veracruz, Michoac\u00e1n, Tabasco, Guerrero y, por supuesto, de Hidalgo.<\/p>\n\n\n\n<p>\u201cOperamos bajo el concepto de festival y ofrecemos diferentes shows musicales en vivo que van desde solistas, grupos de Jazz, grupos de rock, orquestas de salsa y m\u00e1s\u201d, coment\u00f3 Manuel Ayala.<\/p>\n\n\n\n<p>Para finalizar, Hugo Romero agreg\u00f3 que las y los asistentes tendr\u00e1n la experiencia con catas de vino, mezcal, cerveza artesanal, as\u00ed como conferencias en relaci\u00f3n a la gastronom\u00eda y clases de cocina en vivo.<\/p>\n\n\n\n<p>El concepto es familiar e incluye un \u00e1rea infantil, una zona de picnic, adem\u00e1s de ser un evento cien por ciento Pet Friendly. \u201cEs un ambiente totalmente familiar en el cual podemos llegar a disfrutar con nuestros hijos, con nuestras familias, de la gastronom\u00eda del pa\u00eds\u201d, explic\u00f3 por su parte, Ren\u00e9 Marti\u00f1\u00f3n.<\/p>\n\n\n\n<p>Para mayor informaci\u00f3n sobre el evento, podr\u00e1n comunicarse a los n\u00fameros telef\u00f3nicos: 555 1381 238 y 553 6955 927.<\/p>\n\n\n\n<figure class=\"wp-block-image size-full\"><img fetchpriority=\"high\" decoding=\"async\" width=\"940\" height=\"788\" src=\"https:\/\/www.zunoticia.com\/noticias-de-hidalgo\/wp-content\/uploads\/2023\/08\/Diseno-sin-titulo-1-120.png\" alt=\"\" class=\"wp-image-498092\" srcset=\"https:\/\/www.zunoticia.com\/noticias-de-hidalgo\/wp-content\/uploads\/2023\/08\/Diseno-sin-titulo-1-120.png 940w, https:\/\/www.zunoticia.com\/noticias-de-hidalgo\/wp-content\/uploads\/2023\/08\/Diseno-sin-titulo-1-120-300x251.png 300w, https:\/\/www.zunoticia.com\/noticias-de-hidalgo\/wp-content\/uploads\/2023\/08\/Diseno-sin-titulo-1-120-768x644.png 768w\" sizes=\"(max-width: 940px) 100vw, 940px\" \/><\/figure>\n","protected":false},"excerpt":{"rendered":"<p>*Se realizar\u00e1 el 2 y 3 de septiembre en el Pueblo M\u00e1gico Por Redacci\u00f3n\/Zunoticia Pachuca de Soto, Hgo.- Una perfecta combinaci\u00f3n de sabores trae consigo el festival del Mezcal, Queso y Vino \u201cSaben a beso divino\u201d, con el que se busca ofrecer otro producto tur\u00edstico que atraiga a m\u00e1s visitantes a Huasca de Ocampo, el&hellip; <a class=\"more-link\" href=\"https:\/\/www.zunoticia.com\/noticias-de-hidalgo\/2023\/08\/10\/presentan-autoridades-y-organizadores-festival-mezcal-queso-y-vino-de-huasca-de-ocampo\/\">Seguir leyendo <span class=\"screen-reader-text\">Presentan autoridades y organizadores,&nbsp;\u201cFestival Mezcal, Queso y Vino\u201d de Huasca de Ocampo<\/span><\/a><\/p>\n","protected":false},"author":20,"featured_media":498091,"comment_status":"closed","ping_status":"open","sticky":false,"template":"","format":"standard","meta":{"rop_custom_images_group":[],"rop_custom_messages_group":[],"rop_publish_now":"initial","rop_publish_now_accounts":{"facebook_10159540855086992_322828327761733":""},"rop_publish_now_history":[],"rop_publish_now_status":"pending","footnotes":""},"categories":[208],"tags":[214],"class_list":["post-498090","post","type-post","status-publish","format-standard","has-post-thumbnail","hentry","category-estado","tag-estado","entry"],"_links":{"self":[{"href":"https:\/\/www.zunoticia.com\/noticias-de-hidalgo\/wp-json\/wp\/v2\/posts\/498090","targetHints":{"allow":["GET"]}}],"collection":[{"href":"https:\/\/www.zunoticia.com\/noticias-de-hidalgo\/wp-json\/wp\/v2\/posts"}],"about":[{"href":"https:\/\/www.zunoticia.com\/noticias-de-hidalgo\/wp-json\/wp\/v2\/types\/post"}],"author":[{"embeddable":true,"href":"https:\/\/www.zunoticia.com\/noticias-de-hidalgo\/wp-json\/wp\/v2\/users\/20"}],"replies":[{"embeddable":true,"href":"https:\/\/www.zunoticia.com\/noticias-de-hidalgo\/wp-json\/wp\/v2\/comments?post=498090"}],"version-history":[{"count":1,"href":"https:\/\/www.zunoticia.com\/noticias-de-hidalgo\/wp-json\/wp\/v2\/posts\/498090\/revisions"}],"predecessor-version":[{"id":498093,"href":"https:\/\/www.zunoticia.com\/noticias-de-hidalgo\/wp-json\/wp\/v2\/posts\/498090\/revisions\/498093"}],"wp:featuredmedia":[{"embeddable":true,"href":"https:\/\/www.zunoticia.com\/noticias-de-hidalgo\/wp-json\/wp\/v2\/media\/498091"}],"wp:attachment":[{"href":"https:\/\/www.zunoticia.com\/noticias-de-hidalgo\/wp-json\/wp\/v2\/media?parent=498090"}],"wp:term":[{"taxonomy":"category","embeddable":true,"href":"https:\/\/www.zunoticia.com\/noticias-de-hidalgo\/wp-json\/wp\/v2\/categories?post=498090"},{"taxonomy":"post_tag","embeddable":true,"href":"https:\/\/www.zunoticia.com\/noticias-de-hidalgo\/wp-json\/wp\/v2\/tags?post=498090"}],"curies":[{"name":"wp","href":"https:\/\/api.w.org\/{rel}","templated":true}]}}