{"id":498102,"date":"2023-08-10T18:04:32","date_gmt":"2023-08-11T00:04:32","guid":{"rendered":"https:\/\/www.zunoticia.com\/noticias-de-hidalgo\/?p=498102"},"modified":"2023-08-10T18:04:33","modified_gmt":"2023-08-11T00:04:33","slug":"dos-gallos-tapados-tiene-la-planilla-roja-para-la-eleccion-de-la-dirigencia-de-la-ucla","status":"publish","type":"post","link":"https:\/\/www.zunoticia.com\/noticias-de-hidalgo\/2023\/08\/10\/dos-gallos-tapados-tiene-la-planilla-roja-para-la-eleccion-de-la-dirigencia-de-la-ucla\/","title":{"rendered":"Dos &#8220;gallos tapados&#8221; tiene la Planilla Roja para la elecci\u00f3n de la dirigencia de la UCLA"},"content":{"rendered":"<aside class=\"mashsb-container mashsb-main mashsb-stretched\"><div class=\"mashsb-box\"><div class=\"mashsb-count mash-large\" style=\"float:left\"><div class=\"counts mashsbcount\">0<\/div><span class=\"mashsb-sharetext\">SHARES<\/span><\/div><div class=\"mashsb-buttons\"><a class=\"mashicon-facebook mash-large mash-center mashsb-noshadow\" href=\"https:\/\/www.facebook.com\/sharer.php?u=https%3A%2F%2Fwww.zunoticia.com%2Fnoticias-de-hidalgo%2F2023%2F08%2F10%2Fdos-gallos-tapados-tiene-la-planilla-roja-para-la-eleccion-de-la-dirigencia-de-la-ucla%2F\" target=\"_top\" rel=\"nofollow\"><span class=\"icon\"><\/span><span class=\"text\">Share<\/span><\/a><a class=\"mashicon-twitter mash-large mash-center mashsb-noshadow\" href=\"https:\/\/twitter.com\/intent\/tweet?text=&amp;url=https:\/\/www.zunoticia.com\/noticias-de-hidalgo\/2023\/08\/10\/dos-gallos-tapados-tiene-la-planilla-roja-para-la-eleccion-de-la-dirigencia-de-la-ucla\/\" target=\"_top\" rel=\"nofollow\"><span class=\"icon\"><\/span><span class=\"text\">Tweet<\/span><\/a><div class=\"onoffswitch2 mash-large mashsb-noshadow\" style=\"display:none\"><\/div><\/div>\n            <\/div>\n                <div style=\"clear:both\"><\/div><div class=\"mashsb-toggle-container\"><\/div><\/aside>\n            <!-- Share buttons by mashshare.net - Version: 4.0.47-->\n<p><em>Por Salvador Altamirano\/Zunoticia<\/em><\/p>\n\n\n\n<p><strong>Huejutla, Hgo<\/strong>.- Ante la proximidad, a m\u00e1s tardar este mes, de que se emita la convocatoria tendiente a renovar la dirigencia de la Uni\u00f3n de Comerciantes Locatarios y Ambulantes (UCLA), ya hay remarcado inter\u00e9s en los agremiados por contender unos y apoyar otros, a los aspirantes.<\/p>\n\n\n\n<p>Al respecto, Pr\u00f3spero Hern\u00e1ndez Hern\u00e1ndez, coment\u00f3 que la Planilla Roja, que integra, en esta ocasi\u00f3n tiene dos &#8220;gallos tapados&#8221;, con igualdad de capacidades, sin embargo, en reuni\u00f3n previa se decidir\u00e1 qui\u00e9n es el designado, al cual se sumar\u00e1 el otro, ya que el prop\u00f3sito es procurar el beneficio del mercado municipal.<\/p>\n\n\n\n<p>Asegur\u00f3 que, ambos son compa\u00f1eros comerciantes muy preparados intelectualmente, pero sobre todo, de una honestidad a toda prueba; quienes ya tienen elaborado un &#8220;plan de trabajo&#8221;, el cual, aunque los anteriores secretarios dicen que no tiene caso, que no sirve para nada, es sumamente importante para llevar a cabo un eficiente servicio.<\/p>\n\n\n\n<p>A pregunta expresa, explic\u00f3 que, en el plan de trabajo de la Planilla Roja se priorizan tres propuestas, la primera consiste en dar a conocer los ingresos y egresos cada semana, quince d\u00edas y al mes, relativamente, para que hayan &#8220;finanzas sanas&#8221; y que no se oculte ma\u00f1osamente el estado de las mismas.<\/p>\n\n\n\n<p>Para concluir, Hern\u00e1ndez Hern\u00e1ndez especific\u00f3 \u201clas otras dos propuestas restantes, son la rehabilitaci\u00f3n plena del cableado el\u00e9ctrico interno, que por lo arcaico es propenso a generar un incendio y la \u00faltima, gestionar los t\u00edtulos de propiedad de los locales, de los cuales carecemos no obstante que se liquidaron\u201d.<\/p>\n\n\n\n<p><\/p>\n","protected":false},"excerpt":{"rendered":"<p>Por Salvador Altamirano\/Zunoticia Huejutla, Hgo.- Ante la proximidad, a m\u00e1s tardar este mes, de que se emita la convocatoria tendiente a renovar la dirigencia de la Uni\u00f3n de Comerciantes Locatarios y Ambulantes (UCLA), ya hay remarcado inter\u00e9s en los agremiados por contender unos y apoyar otros, a los aspirantes. Al respecto, Pr\u00f3spero Hern\u00e1ndez Hern\u00e1ndez, coment\u00f3&hellip; <a class=\"more-link\" href=\"https:\/\/www.zunoticia.com\/noticias-de-hidalgo\/2023\/08\/10\/dos-gallos-tapados-tiene-la-planilla-roja-para-la-eleccion-de-la-dirigencia-de-la-ucla\/\">Seguir leyendo <span class=\"screen-reader-text\">Dos &#8220;gallos tapados&#8221; tiene la Planilla Roja para la elecci\u00f3n de la dirigencia de la UCLA<\/span><\/a><\/p>\n","protected":false},"author":20,"featured_media":498103,"comment_status":"closed","ping_status":"open","sticky":false,"template":"","format":"standard","meta":{"rop_custom_images_group":[],"rop_custom_messages_group":[],"rop_publish_now":"initial","rop_publish_now_accounts":{"facebook_10159540855086992_322828327761733":""},"rop_publish_now_history":[],"rop_publish_now_status":"pending","footnotes":""},"categories":[181],"tags":[121],"class_list":["post-498102","post","type-post","status-publish","format-standard","has-post-thumbnail","hentry","category-huejutla","tag-huejutla","entry"],"_links":{"self":[{"href":"https:\/\/www.zunoticia.com\/noticias-de-hidalgo\/wp-json\/wp\/v2\/posts\/498102","targetHints":{"allow":["GET"]}}],"collection":[{"href":"https:\/\/www.zunoticia.com\/noticias-de-hidalgo\/wp-json\/wp\/v2\/posts"}],"about":[{"href":"https:\/\/www.zunoticia.com\/noticias-de-hidalgo\/wp-json\/wp\/v2\/types\/post"}],"author":[{"embeddable":true,"href":"https:\/\/www.zunoticia.com\/noticias-de-hidalgo\/wp-json\/wp\/v2\/users\/20"}],"replies":[{"embeddable":true,"href":"https:\/\/www.zunoticia.com\/noticias-de-hidalgo\/wp-json\/wp\/v2\/comments?post=498102"}],"version-history":[{"count":1,"href":"https:\/\/www.zunoticia.com\/noticias-de-hidalgo\/wp-json\/wp\/v2\/posts\/498102\/revisions"}],"predecessor-version":[{"id":498104,"href":"https:\/\/www.zunoticia.com\/noticias-de-hidalgo\/wp-json\/wp\/v2\/posts\/498102\/revisions\/498104"}],"wp:featuredmedia":[{"embeddable":true,"href":"https:\/\/www.zunoticia.com\/noticias-de-hidalgo\/wp-json\/wp\/v2\/media\/498103"}],"wp:attachment":[{"href":"https:\/\/www.zunoticia.com\/noticias-de-hidalgo\/wp-json\/wp\/v2\/media?parent=498102"}],"wp:term":[{"taxonomy":"category","embeddable":true,"href":"https:\/\/www.zunoticia.com\/noticias-de-hidalgo\/wp-json\/wp\/v2\/categories?post=498102"},{"taxonomy":"post_tag","embeddable":true,"href":"https:\/\/www.zunoticia.com\/noticias-de-hidalgo\/wp-json\/wp\/v2\/tags?post=498102"}],"curies":[{"name":"wp","href":"https:\/\/api.w.org\/{rel}","templated":true}]}}