{"id":498113,"date":"2023-08-10T18:37:31","date_gmt":"2023-08-11T00:37:31","guid":{"rendered":"https:\/\/www.zunoticia.com\/noticias-de-hidalgo\/?p=498113"},"modified":"2023-08-10T18:37:32","modified_gmt":"2023-08-11T00:37:32","slug":"alcalde-y-el-pueblo-de-yahualica-participaron-en-el-dia-internacional-de-los-pueblos-indigenas","status":"publish","type":"post","link":"https:\/\/www.zunoticia.com\/noticias-de-hidalgo\/2023\/08\/10\/alcalde-y-el-pueblo-de-yahualica-participaron-en-el-dia-internacional-de-los-pueblos-indigenas\/","title":{"rendered":"Alcalde y el pueblo de Yahualica participaron en el D\u00eda Internacional de los Pueblos ind\u00edgenas"},"content":{"rendered":"<aside class=\"mashsb-container mashsb-main mashsb-stretched\"><div class=\"mashsb-box\"><div class=\"mashsb-count mash-large\" style=\"float:left\"><div class=\"counts mashsbcount\">10<\/div><span class=\"mashsb-sharetext\">SHARES<\/span><\/div><div class=\"mashsb-buttons\"><a class=\"mashicon-facebook mash-large mash-center mashsb-noshadow\" href=\"https:\/\/www.facebook.com\/sharer.php?u=https%3A%2F%2Fwww.zunoticia.com%2Fnoticias-de-hidalgo%2F2023%2F08%2F10%2Falcalde-y-el-pueblo-de-yahualica-participaron-en-el-dia-internacional-de-los-pueblos-indigenas%2F\" target=\"_top\" rel=\"nofollow\"><span class=\"icon\"><\/span><span class=\"text\">Share<\/span><\/a><a class=\"mashicon-twitter mash-large mash-center mashsb-noshadow\" href=\"https:\/\/twitter.com\/intent\/tweet?text=&amp;url=https:\/\/www.zunoticia.com\/noticias-de-hidalgo\/2023\/08\/10\/alcalde-y-el-pueblo-de-yahualica-participaron-en-el-dia-internacional-de-los-pueblos-indigenas\/\" target=\"_top\" rel=\"nofollow\"><span class=\"icon\"><\/span><span class=\"text\">Tweet<\/span><\/a><div class=\"onoffswitch2 mash-large mashsb-noshadow\" style=\"display:none\"><\/div><\/div>\n            <\/div>\n                <div style=\"clear:both\"><\/div><div class=\"mashsb-toggle-container\"><\/div><\/aside>\n            <!-- Share buttons by mashshare.net - Version: 4.0.47-->\n<p><em>Por Roberto Meza\/Zunoticia<\/em><\/p>\n\n\n\n<p><strong>Yahualica, Hgo.-<\/strong> Con gastronom\u00eda, danzas aut\u00f3ctonas y dem\u00e1s riquezas culturales el pueblo de Yahualica encabezados por el alcalde Sen\u00f3n Navarro Morales, hizo presencia en la celebraci\u00f3n del D\u00eda Internacional de los Pueblos ind\u00edgenas, en donde estuvo presente el gobernador Julio Menchaca Salazar.<\/p>\n\n\n\n<p>De esta forma, el presidente municipal Sen\u00f3n Navarro Morales, proyecta, fortalece y reconoce las costumbres y tradiciones de este municipio; el edil y sus acompa\u00f1antes se dieron cita en tan importante festejo, defendiendo as\u00ed sus ra\u00edces culturales que exigen en ese municipio.<\/p>\n\n\n\n<p>El emotivo evento fue un orgullo para los yahualiquenses, quienes al participar expusieron su gastronom\u00eda y la presentaci\u00f3n de la danza de &#8220;Los Pintos&#8221;.<\/p>\n\n\n\n<p>El edil coment\u00f3, \u201ces un gran orgullo pertenecer la etnia Nahua, por eso este gobierno que preside preserva las costumbres aut\u00f3ctonas y en esta ocasi\u00f3n se dieron cita para acompa\u00f1ar al gobernador Julio Menchaca Salazar, lo cual los llena de alegr\u00eda y emoci\u00f3n\u201d.<\/p>\n\n\n\n<figure class=\"wp-block-gallery has-nested-images columns-default is-cropped wp-block-gallery-1 is-layout-flex wp-block-gallery-is-layout-flex\">\n<figure class=\"wp-block-image size-large\"><img fetchpriority=\"high\" decoding=\"async\" width=\"940\" height=\"788\" data-id=\"498116\" src=\"https:\/\/www.zunoticia.com\/noticias-de-hidalgo\/wp-content\/uploads\/2023\/08\/5-1.png\" alt=\"\" class=\"wp-image-498116\" srcset=\"https:\/\/www.zunoticia.com\/noticias-de-hidalgo\/wp-content\/uploads\/2023\/08\/5-1.png 940w, https:\/\/www.zunoticia.com\/noticias-de-hidalgo\/wp-content\/uploads\/2023\/08\/5-1-300x251.png 300w, https:\/\/www.zunoticia.com\/noticias-de-hidalgo\/wp-content\/uploads\/2023\/08\/5-1-768x644.png 768w\" sizes=\"(max-width: 940px) 100vw, 940px\" \/><\/figure>\n\n\n\n<figure class=\"wp-block-image size-large\"><img decoding=\"async\" width=\"940\" height=\"788\" data-id=\"498115\" src=\"https:\/\/www.zunoticia.com\/noticias-de-hidalgo\/wp-content\/uploads\/2023\/08\/6.png\" alt=\"\" class=\"wp-image-498115\" srcset=\"https:\/\/www.zunoticia.com\/noticias-de-hidalgo\/wp-content\/uploads\/2023\/08\/6.png 940w, https:\/\/www.zunoticia.com\/noticias-de-hidalgo\/wp-content\/uploads\/2023\/08\/6-300x251.png 300w, https:\/\/www.zunoticia.com\/noticias-de-hidalgo\/wp-content\/uploads\/2023\/08\/6-768x644.png 768w\" sizes=\"(max-width: 940px) 100vw, 940px\" \/><\/figure>\n<\/figure>\n","protected":false},"excerpt":{"rendered":"<p>Por Roberto Meza\/Zunoticia Yahualica, Hgo.- Con gastronom\u00eda, danzas aut\u00f3ctonas y dem\u00e1s riquezas culturales el pueblo de Yahualica encabezados por el alcalde Sen\u00f3n Navarro Morales, hizo presencia en la celebraci\u00f3n del D\u00eda Internacional de los Pueblos ind\u00edgenas, en donde estuvo presente el gobernador Julio Menchaca Salazar. De esta forma, el presidente municipal Sen\u00f3n Navarro Morales, proyecta,&hellip; <a class=\"more-link\" href=\"https:\/\/www.zunoticia.com\/noticias-de-hidalgo\/2023\/08\/10\/alcalde-y-el-pueblo-de-yahualica-participaron-en-el-dia-internacional-de-los-pueblos-indigenas\/\">Seguir leyendo <span class=\"screen-reader-text\">Alcalde y el pueblo de Yahualica participaron en el D\u00eda Internacional de los Pueblos ind\u00edgenas<\/span><\/a><\/p>\n","protected":false},"author":20,"featured_media":498114,"comment_status":"closed","ping_status":"open","sticky":false,"template":"","format":"standard","meta":{"rop_custom_images_group":[],"rop_custom_messages_group":[],"rop_publish_now":"initial","rop_publish_now_accounts":{"facebook_10159540855086992_322828327761733":""},"rop_publish_now_history":[],"rop_publish_now_status":"pending","footnotes":""},"categories":[203],"tags":[123],"class_list":["post-498113","post","type-post","status-publish","format-standard","has-post-thumbnail","hentry","category-yahualica","tag-yahualica","entry"],"_links":{"self":[{"href":"https:\/\/www.zunoticia.com\/noticias-de-hidalgo\/wp-json\/wp\/v2\/posts\/498113","targetHints":{"allow":["GET"]}}],"collection":[{"href":"https:\/\/www.zunoticia.com\/noticias-de-hidalgo\/wp-json\/wp\/v2\/posts"}],"about":[{"href":"https:\/\/www.zunoticia.com\/noticias-de-hidalgo\/wp-json\/wp\/v2\/types\/post"}],"author":[{"embeddable":true,"href":"https:\/\/www.zunoticia.com\/noticias-de-hidalgo\/wp-json\/wp\/v2\/users\/20"}],"replies":[{"embeddable":true,"href":"https:\/\/www.zunoticia.com\/noticias-de-hidalgo\/wp-json\/wp\/v2\/comments?post=498113"}],"version-history":[{"count":1,"href":"https:\/\/www.zunoticia.com\/noticias-de-hidalgo\/wp-json\/wp\/v2\/posts\/498113\/revisions"}],"predecessor-version":[{"id":498117,"href":"https:\/\/www.zunoticia.com\/noticias-de-hidalgo\/wp-json\/wp\/v2\/posts\/498113\/revisions\/498117"}],"wp:featuredmedia":[{"embeddable":true,"href":"https:\/\/www.zunoticia.com\/noticias-de-hidalgo\/wp-json\/wp\/v2\/media\/498114"}],"wp:attachment":[{"href":"https:\/\/www.zunoticia.com\/noticias-de-hidalgo\/wp-json\/wp\/v2\/media?parent=498113"}],"wp:term":[{"taxonomy":"category","embeddable":true,"href":"https:\/\/www.zunoticia.com\/noticias-de-hidalgo\/wp-json\/wp\/v2\/categories?post=498113"},{"taxonomy":"post_tag","embeddable":true,"href":"https:\/\/www.zunoticia.com\/noticias-de-hidalgo\/wp-json\/wp\/v2\/tags?post=498113"}],"curies":[{"name":"wp","href":"https:\/\/api.w.org\/{rel}","templated":true}]}}