{"id":498496,"date":"2023-08-13T14:25:30","date_gmt":"2023-08-13T20:25:30","guid":{"rendered":"https:\/\/www.zunoticia.com\/noticias-de-hidalgo\/?p=498496"},"modified":"2023-08-13T14:25:32","modified_gmt":"2023-08-13T20:25:32","slug":"queremos-ver-el-cambio-por-primera-vez-en-la-historia-de-hidalgo-rodrigo-serna-nereo-ramirez","status":"publish","type":"post","link":"https:\/\/www.zunoticia.com\/noticias-de-hidalgo\/2023\/08\/13\/queremos-ver-el-cambio-por-primera-vez-en-la-historia-de-hidalgo-rodrigo-serna-nereo-ramirez\/","title":{"rendered":"Queremos ver el cambio por primera vez en la historia de Hidalgo: Rodrigo Serna &#8211; Nereo Ram\u00edrez"},"content":{"rendered":"<aside class=\"mashsb-container mashsb-main mashsb-stretched\"><div class=\"mashsb-box\"><div class=\"mashsb-count mash-large\" style=\"float:left\"><div class=\"counts mashsbcount\">1<\/div><span class=\"mashsb-sharetext\">SHARES<\/span><\/div><div class=\"mashsb-buttons\"><a class=\"mashicon-facebook mash-large mash-center mashsb-noshadow\" href=\"https:\/\/www.facebook.com\/sharer.php?u=https%3A%2F%2Fwww.zunoticia.com%2Fnoticias-de-hidalgo%2F2023%2F08%2F13%2Fqueremos-ver-el-cambio-por-primera-vez-en-la-historia-de-hidalgo-rodrigo-serna-nereo-ramirez%2F\" target=\"_top\" rel=\"nofollow\"><span class=\"icon\"><\/span><span class=\"text\">Share<\/span><\/a><a class=\"mashicon-twitter mash-large mash-center mashsb-noshadow\" href=\"https:\/\/twitter.com\/intent\/tweet?text=&amp;url=https:\/\/www.zunoticia.com\/noticias-de-hidalgo\/2023\/08\/13\/queremos-ver-el-cambio-por-primera-vez-en-la-historia-de-hidalgo-rodrigo-serna-nereo-ramirez\/\" target=\"_top\" rel=\"nofollow\"><span class=\"icon\"><\/span><span class=\"text\">Tweet<\/span><\/a><div class=\"onoffswitch2 mash-large mashsb-noshadow\" style=\"display:none\"><\/div><\/div>\n            <\/div>\n                <div style=\"clear:both\"><\/div><div class=\"mashsb-toggle-container\"><\/div><\/aside>\n            <!-- Share buttons by mashshare.net - Version: 4.0.47-->\n<p><em>Por Salvador Altamirano\/Zunoticia<\/em><\/p>\n\n\n\n<p><strong>Huejutla, Hgo.-<\/strong>&nbsp; Derivado de los recientes acontecimientos violentos, consistentes en tomas de ayuntamientos, secuestros de funcionarios y bloqueos a las v\u00edas de comunicaci\u00f3n, en su reciente visita a la regi\u00f3n, el Gobernador del Estado de Hidalgo, Julio Menchaca Salazar, refiri\u00f3 que se est\u00e1 trabajando mucho en el di\u00e1logo, en hacer pol\u00edtica de la buena para poder estar resolviendo diferencias.<\/p>\n\n\n\n<p>Enfatiz\u00f3 que, sin embargo, la lucha por la paz social, por la tranquilidad, es un elemento consistente en el actuar del gobierno, \u201cno pasamos por alto que vienen tiempos complicados, situaciones de car\u00e1cter pol\u00edtico y electoral, que a veces altera las buenas relaciones, pero estamos en la disposici\u00f3n de poder escuchar, pero tambi\u00e9n con el compromiso de hacer efectivo el estado de derecho, que es lo que exigen las y los hidalguenses\u201d, advirti\u00f3 el mandatario estatal.<\/p>\n\n\n\n<p>Al respecto, Rodrigo Serna, conocido comerciante de la poblaci\u00f3n, subray\u00f3 que, ojal\u00e1 con el cambio de siglas partidistas en el gobierno, hoy a cargo del Movimiento de Regeneraci\u00f3n Nacional (MORENA), podamos ver por primera vez un cambio en la historia del Estado de Hidalgo.<\/p>\n\n\n\n<p>A\u00f1adi\u00f3 Serna, \u201cqueremos creer en su palabra, ya que es la primera vez que gobierna, pero que nos otorgue el beneficio de la duda, ya que esas mismas promesas las hemos escuchado por a\u00f1os, gobierno tras gobierno, y en Hidalgo, por ambiciones pol\u00edticas nunca ha prevalecido el estado de derecho, al cual todo ciudadano, valga la redundancia, tenemos derecho\u201d.<\/p>\n\n\n\n<p>Por su parte y en el mismo contexto, el tambi\u00e9n comerciante Nereo Ram\u00edrez Hern\u00e1ndez, subray\u00f3 que \u201cpalabras van y palabras vienen, siempre nos tienen con la fallida esperanza de que ya no se permitir\u00e1n m\u00e1s bloqueos carreteros, que en su mayor\u00eda se llevan a cabo porque las autoridades municipales no cumplen con sus promesas\u201d.<\/p>\n\n\n\n<p>\u201cSe\u00f1or gobernador, necesitamos en realidad, nos urge, ver ese cambio que por en\u00e9sima ocasi\u00f3n se nos promete, lo cual para usted es un compromiso ineludible, ya que si el actual mandatario federal, Andr\u00e9s Manuel L\u00f3pez Obrador, lo hizo en M\u00e9xico, a usted le corresponde en Hidalgo\u201d -concluy\u00f3 Ram\u00edrez.<\/p>\n","protected":false},"excerpt":{"rendered":"<p>Por Salvador Altamirano\/Zunoticia Huejutla, Hgo.-&nbsp; Derivado de los recientes acontecimientos violentos, consistentes en tomas de ayuntamientos, secuestros de funcionarios y bloqueos a las v\u00edas de comunicaci\u00f3n, en su reciente visita a la regi\u00f3n, el Gobernador del Estado de Hidalgo, Julio Menchaca Salazar, refiri\u00f3 que se est\u00e1 trabajando mucho en el di\u00e1logo, en hacer pol\u00edtica de&hellip; <a class=\"more-link\" href=\"https:\/\/www.zunoticia.com\/noticias-de-hidalgo\/2023\/08\/13\/queremos-ver-el-cambio-por-primera-vez-en-la-historia-de-hidalgo-rodrigo-serna-nereo-ramirez\/\">Seguir leyendo <span class=\"screen-reader-text\">Queremos ver el cambio por primera vez en la historia de Hidalgo: Rodrigo Serna &#8211; Nereo Ram\u00edrez<\/span><\/a><\/p>\n","protected":false},"author":12,"featured_media":498489,"comment_status":"closed","ping_status":"open","sticky":false,"template":"","format":"standard","meta":{"rop_custom_images_group":[],"rop_custom_messages_group":[],"rop_publish_now":"initial","rop_publish_now_accounts":{"facebook_10159540855086992_322828327761733":""},"rop_publish_now_history":[],"rop_publish_now_status":"pending","footnotes":""},"categories":[181],"tags":[121],"class_list":["post-498496","post","type-post","status-publish","format-standard","has-post-thumbnail","hentry","category-huejutla","tag-huejutla","entry"],"_links":{"self":[{"href":"https:\/\/www.zunoticia.com\/noticias-de-hidalgo\/wp-json\/wp\/v2\/posts\/498496","targetHints":{"allow":["GET"]}}],"collection":[{"href":"https:\/\/www.zunoticia.com\/noticias-de-hidalgo\/wp-json\/wp\/v2\/posts"}],"about":[{"href":"https:\/\/www.zunoticia.com\/noticias-de-hidalgo\/wp-json\/wp\/v2\/types\/post"}],"author":[{"embeddable":true,"href":"https:\/\/www.zunoticia.com\/noticias-de-hidalgo\/wp-json\/wp\/v2\/users\/12"}],"replies":[{"embeddable":true,"href":"https:\/\/www.zunoticia.com\/noticias-de-hidalgo\/wp-json\/wp\/v2\/comments?post=498496"}],"version-history":[{"count":1,"href":"https:\/\/www.zunoticia.com\/noticias-de-hidalgo\/wp-json\/wp\/v2\/posts\/498496\/revisions"}],"predecessor-version":[{"id":498497,"href":"https:\/\/www.zunoticia.com\/noticias-de-hidalgo\/wp-json\/wp\/v2\/posts\/498496\/revisions\/498497"}],"wp:featuredmedia":[{"embeddable":true,"href":"https:\/\/www.zunoticia.com\/noticias-de-hidalgo\/wp-json\/wp\/v2\/media\/498489"}],"wp:attachment":[{"href":"https:\/\/www.zunoticia.com\/noticias-de-hidalgo\/wp-json\/wp\/v2\/media?parent=498496"}],"wp:term":[{"taxonomy":"category","embeddable":true,"href":"https:\/\/www.zunoticia.com\/noticias-de-hidalgo\/wp-json\/wp\/v2\/categories?post=498496"},{"taxonomy":"post_tag","embeddable":true,"href":"https:\/\/www.zunoticia.com\/noticias-de-hidalgo\/wp-json\/wp\/v2\/tags?post=498496"}],"curies":[{"name":"wp","href":"https:\/\/api.w.org\/{rel}","templated":true}]}}