{"id":498498,"date":"2023-08-13T15:55:17","date_gmt":"2023-08-13T21:55:17","guid":{"rendered":"https:\/\/www.zunoticia.com\/noticias-de-hidalgo\/?p=498498"},"modified":"2023-08-13T15:55:20","modified_gmt":"2023-08-13T21:55:20","slug":"detienen-a-dos-armados-por-presunto-secuestro","status":"publish","type":"post","link":"https:\/\/www.zunoticia.com\/noticias-de-hidalgo\/2023\/08\/13\/detienen-a-dos-armados-por-presunto-secuestro\/","title":{"rendered":"Detienen a dos armados por presunto secuestro"},"content":{"rendered":"<aside class=\"mashsb-container mashsb-main mashsb-stretched\"><div class=\"mashsb-box\"><div class=\"mashsb-count mash-large\" style=\"float:left\"><div class=\"counts mashsbcount\">61<\/div><span class=\"mashsb-sharetext\">SHARES<\/span><\/div><div class=\"mashsb-buttons\"><a class=\"mashicon-facebook mash-large mash-center mashsb-noshadow\" href=\"https:\/\/www.facebook.com\/sharer.php?u=https%3A%2F%2Fwww.zunoticia.com%2Fnoticias-de-hidalgo%2F2023%2F08%2F13%2Fdetienen-a-dos-armados-por-presunto-secuestro%2F\" target=\"_top\" rel=\"nofollow\"><span class=\"icon\"><\/span><span class=\"text\">Share<\/span><\/a><a class=\"mashicon-twitter mash-large mash-center mashsb-noshadow\" href=\"https:\/\/twitter.com\/intent\/tweet?text=&amp;url=https:\/\/www.zunoticia.com\/noticias-de-hidalgo\/2023\/08\/13\/detienen-a-dos-armados-por-presunto-secuestro\/\" target=\"_top\" rel=\"nofollow\"><span class=\"icon\"><\/span><span class=\"text\">Tweet<\/span><\/a><div class=\"onoffswitch2 mash-large mashsb-noshadow\" style=\"display:none\"><\/div><\/div>\n            <\/div>\n                <div style=\"clear:both\"><\/div><div class=\"mashsb-toggle-container\"><\/div><\/aside>\n            <!-- Share buttons by mashshare.net - Version: 4.0.47-->\n<p><em>Por Francisco Rosas\/Zunoticia<\/em><\/p>\n\n\n\n<p><strong>Zacualtip\u00e1n, Hgo.-<\/strong> Derivado de un reporte ciudadano, sobre la privaci\u00f3n de la libertad de un masculino en la calle Buenos Aires, de la colonia 10 de Mayo de este municipio, elementos polic\u00edacos detuvieron a los probables responsables.<\/p>\n\n\n\n<figure class=\"wp-block-image size-full\"><img fetchpriority=\"high\" decoding=\"async\" width=\"877\" height=\"712\" src=\"https:\/\/www.zunoticia.com\/noticias-de-hidalgo\/wp-content\/uploads\/2023\/08\/eZy-Watermark-13-08-2023-02-48-58-0410p.m..jpg\" alt=\"\" class=\"wp-image-498500\" srcset=\"https:\/\/www.zunoticia.com\/noticias-de-hidalgo\/wp-content\/uploads\/2023\/08\/eZy-Watermark-13-08-2023-02-48-58-0410p.m..jpg 877w, https:\/\/www.zunoticia.com\/noticias-de-hidalgo\/wp-content\/uploads\/2023\/08\/eZy-Watermark-13-08-2023-02-48-58-0410p.m.-300x244.jpg 300w, https:\/\/www.zunoticia.com\/noticias-de-hidalgo\/wp-content\/uploads\/2023\/08\/eZy-Watermark-13-08-2023-02-48-58-0410p.m.-768x624.jpg 768w\" sizes=\"(max-width: 877px) 100vw, 877px\" \/><\/figure>\n\n\n\n<p>Tras la denuncia del acto delictivo, se implement\u00f3 un operativo de manera coordinada entre la Polic\u00eda Estatal y Polic\u00eda Municipal, dando como resultado la detenci\u00f3n de dos hombres identificados con la iniciales J. S. R. y Q. V. C.<\/p>\n\n\n\n<p>Asimismo, se logr\u00f3 el aseguramiento de un arma de fuego calibre .9 mil\u00edmetros y un veh\u00edculo de la marca Chevrolet tipo corsa, color arena, con placas de circulaci\u00f3n MYX-81-73, sobre la calle Ocampo de colonia Chililiapa de este municipio.<\/p>\n\n\n\n<p>La unidad motora, el arma y los sospechosos, fueron puestos a disposici\u00f3n del Ministerio P\u00fablico del Fuero Com\u00fan de este distrito judicial por los delitos de privaci\u00f3n ilegal de la libertad, lesiones, amenazas y portaci\u00f3n ilegal de arma de fuego.<\/p>\n","protected":false},"excerpt":{"rendered":"<p>Por Francisco Rosas\/Zunoticia Zacualtip\u00e1n, Hgo.- Derivado de un reporte ciudadano, sobre la privaci\u00f3n de la libertad de un masculino en la calle Buenos Aires, de la colonia 10 de Mayo de este municipio, elementos polic\u00edacos detuvieron a los probables responsables. Tras la denuncia del acto delictivo, se implement\u00f3 un operativo de manera coordinada entre la&hellip; <a class=\"more-link\" href=\"https:\/\/www.zunoticia.com\/noticias-de-hidalgo\/2023\/08\/13\/detienen-a-dos-armados-por-presunto-secuestro\/\">Seguir leyendo <span class=\"screen-reader-text\">Detienen a dos armados por presunto secuestro<\/span><\/a><\/p>\n","protected":false},"author":12,"featured_media":498499,"comment_status":"closed","ping_status":"open","sticky":false,"template":"","format":"standard","meta":{"rop_custom_images_group":[],"rop_custom_messages_group":[],"rop_publish_now":"initial","rop_publish_now_accounts":{"facebook_10159540855086992_322828327761733":""},"rop_publish_now_history":[],"rop_publish_now_status":"pending","footnotes":""},"categories":[178],"tags":[259],"class_list":["post-498498","post","type-post","status-publish","format-standard","has-post-thumbnail","hentry","category-policiaca","tag-policiaca","entry"],"_links":{"self":[{"href":"https:\/\/www.zunoticia.com\/noticias-de-hidalgo\/wp-json\/wp\/v2\/posts\/498498","targetHints":{"allow":["GET"]}}],"collection":[{"href":"https:\/\/www.zunoticia.com\/noticias-de-hidalgo\/wp-json\/wp\/v2\/posts"}],"about":[{"href":"https:\/\/www.zunoticia.com\/noticias-de-hidalgo\/wp-json\/wp\/v2\/types\/post"}],"author":[{"embeddable":true,"href":"https:\/\/www.zunoticia.com\/noticias-de-hidalgo\/wp-json\/wp\/v2\/users\/12"}],"replies":[{"embeddable":true,"href":"https:\/\/www.zunoticia.com\/noticias-de-hidalgo\/wp-json\/wp\/v2\/comments?post=498498"}],"version-history":[{"count":1,"href":"https:\/\/www.zunoticia.com\/noticias-de-hidalgo\/wp-json\/wp\/v2\/posts\/498498\/revisions"}],"predecessor-version":[{"id":498505,"href":"https:\/\/www.zunoticia.com\/noticias-de-hidalgo\/wp-json\/wp\/v2\/posts\/498498\/revisions\/498505"}],"wp:featuredmedia":[{"embeddable":true,"href":"https:\/\/www.zunoticia.com\/noticias-de-hidalgo\/wp-json\/wp\/v2\/media\/498499"}],"wp:attachment":[{"href":"https:\/\/www.zunoticia.com\/noticias-de-hidalgo\/wp-json\/wp\/v2\/media?parent=498498"}],"wp:term":[{"taxonomy":"category","embeddable":true,"href":"https:\/\/www.zunoticia.com\/noticias-de-hidalgo\/wp-json\/wp\/v2\/categories?post=498498"},{"taxonomy":"post_tag","embeddable":true,"href":"https:\/\/www.zunoticia.com\/noticias-de-hidalgo\/wp-json\/wp\/v2\/tags?post=498498"}],"curies":[{"name":"wp","href":"https:\/\/api.w.org\/{rel}","templated":true}]}}