{"id":498516,"date":"2023-08-13T17:22:47","date_gmt":"2023-08-13T23:22:47","guid":{"rendered":"https:\/\/www.zunoticia.com\/noticias-de-hidalgo\/?p=498516"},"modified":"2023-08-13T17:22:49","modified_gmt":"2023-08-13T23:22:49","slug":"las-viejas-practicas-politicas-han-mermado-la-participacion-de-los-jovenes-en-los-procesos","status":"publish","type":"post","link":"https:\/\/www.zunoticia.com\/noticias-de-hidalgo\/2023\/08\/13\/las-viejas-practicas-politicas-han-mermado-la-participacion-de-los-jovenes-en-los-procesos\/","title":{"rendered":"Las viejas pr\u00e1cticas pol\u00edticas, han mermado la participaci\u00f3n de los j\u00f3venes en los procesos"},"content":{"rendered":"<aside class=\"mashsb-container mashsb-main mashsb-stretched\"><div class=\"mashsb-box\"><div class=\"mashsb-count mash-large\" style=\"float:left\"><div class=\"counts mashsbcount\">48<\/div><span class=\"mashsb-sharetext\">SHARES<\/span><\/div><div class=\"mashsb-buttons\"><a class=\"mashicon-facebook mash-large mash-center mashsb-noshadow\" href=\"https:\/\/www.facebook.com\/sharer.php?u=https%3A%2F%2Fwww.zunoticia.com%2Fnoticias-de-hidalgo%2F2023%2F08%2F13%2Flas-viejas-practicas-politicas-han-mermado-la-participacion-de-los-jovenes-en-los-procesos%2F\" target=\"_top\" rel=\"nofollow\"><span class=\"icon\"><\/span><span class=\"text\">Share<\/span><\/a><a class=\"mashicon-twitter mash-large mash-center mashsb-noshadow\" href=\"https:\/\/twitter.com\/intent\/tweet?text=&amp;url=https:\/\/www.zunoticia.com\/noticias-de-hidalgo\/2023\/08\/13\/las-viejas-practicas-politicas-han-mermado-la-participacion-de-los-jovenes-en-los-procesos\/\" target=\"_top\" rel=\"nofollow\"><span class=\"icon\"><\/span><span class=\"text\">Tweet<\/span><\/a><div class=\"onoffswitch2 mash-large mashsb-noshadow\" style=\"display:none\"><\/div><\/div>\n            <\/div>\n                <div style=\"clear:both\"><\/div><div class=\"mashsb-toggle-container\"><\/div><\/aside>\n            <!-- Share buttons by mashshare.net - Version: 4.0.47-->\n<ul class=\"wp-block-list\">\n<li>Las nuevas tecnolog\u00edas y la poca apertura han influido en el desinter\u00e9s de la juventud.<\/li>\n<\/ul>\n\n\n\n<p><em>Por Karen Rivera\/Zunoticia<\/em><\/p>\n\n\n\n<p><strong>Huejutla de Reyes, Hgo.-<\/strong> El colaborador del Instituto de Formaci\u00f3n Pol\u00edtica del partido Movimiento de Regeneraci\u00f3n Nacional (MORENA) reconoci\u00f3 la poca participaci\u00f3n y el desinter\u00e9s de los j\u00f3venes en la pol\u00edtica, esto por las viejas pr\u00e1cticas hist\u00f3ricas, por la desinformaci\u00f3n y manipulaci\u00f3n tecnol\u00f3gica, as\u00ed como la poca apertura para estos espacios a las generaciones futuras.<\/p>\n\n\n\n<p>Al respecto, Oscar Abisa\u00ed Hern\u00e1ndez Bautista, colaborador del Instituto de Formaci\u00f3n Pol\u00edtica, en el sector de pueblos originarios de MORENA, mencion\u00f3 &#8220;Siempre hemos cre\u00eddo que la formaci\u00f3n pol\u00edtica es fundamental para el movimiento, para construirlo y para hacer los temas ideol\u00f3gicos, porque al interior eso es lo que nos mueve&#8221;.<\/p>\n\n\n\n<p>Respecto a la participaci\u00f3n de los j\u00f3venes en la pol\u00edtica, asegur\u00f3 que &#8220;Se ha mermado mucho, hay una cuesti\u00f3n de mucha apat\u00eda, tambi\u00e9n de poco inter\u00e9s, pero adem\u00e1s de actores pol\u00edticos con trayectoria que tienen muy poca apertura a la situaci\u00f3n de nosotros&#8221;.<\/p>\n\n\n\n<p>Dijo que, &#8220;Sumado a la cuesti\u00f3n de pueblos originarios, se dificulta a\u00fan m\u00e1s la participaci\u00f3n de la poblaci\u00f3n joven&#8221;.<\/p>\n\n\n\n<p>Cuestionado sobre la apat\u00eda de los j\u00f3venes en la participaci\u00f3n de temas pol\u00edticos, Hern\u00e1ndez Bautista, respondi\u00f3 -&#8220;Esto es m\u00e1s a la participaci\u00f3n pol\u00edtica, porque la participaci\u00f3n electoral, afortunadamente si hay respuesta, pero no es todo lo que abarca, mientras tanto, la participaci\u00f3n pol\u00edtica implica construir el colectivo, hacer comunidad, pertenecer a la misma&#8221;.<\/p>\n\n\n\n<p>&#8220;Creo que la dificultad va en dos vertientes, una de las pr\u00e1cticas pol\u00edticas que se han dado hist\u00f3ricamente, es lo que nosotros vemos de los pol\u00edticos tradicionales y la otra, es la poca apertura a participar porque se escucha muy poco nuestra voz&#8221;.<\/p>\n\n\n\n<p>\u00bfLas nuevas tecnolog\u00edas han influido en estos sectores? Respondi\u00f3 &#8211; &#8220;S\u00ed, han influido, pero, es un arma de doble filo, porque tambi\u00e9n las nuevas tecnolog\u00edas dan apertura a la manipulaci\u00f3n, lo que anteriormente era por televisi\u00f3n, hoy es por redes sociales y tenemos que estar atentos a esa parte&#8221;.<\/p>\n","protected":false},"excerpt":{"rendered":"<p>Por Karen Rivera\/Zunoticia Huejutla de Reyes, Hgo.- El colaborador del Instituto de Formaci\u00f3n Pol\u00edtica del partido Movimiento de Regeneraci\u00f3n Nacional (MORENA) reconoci\u00f3 la poca participaci\u00f3n y el desinter\u00e9s de los j\u00f3venes en la pol\u00edtica, esto por las viejas pr\u00e1cticas hist\u00f3ricas, por la desinformaci\u00f3n y manipulaci\u00f3n tecnol\u00f3gica, as\u00ed como la poca apertura para estos espacios a&hellip; <a class=\"more-link\" href=\"https:\/\/www.zunoticia.com\/noticias-de-hidalgo\/2023\/08\/13\/las-viejas-practicas-politicas-han-mermado-la-participacion-de-los-jovenes-en-los-procesos\/\">Seguir leyendo <span class=\"screen-reader-text\">Las viejas pr\u00e1cticas pol\u00edticas, han mermado la participaci\u00f3n de los j\u00f3venes en los procesos<\/span><\/a><\/p>\n","protected":false},"author":12,"featured_media":498507,"comment_status":"closed","ping_status":"open","sticky":false,"template":"","format":"standard","meta":{"rop_custom_images_group":[],"rop_custom_messages_group":[],"rop_publish_now":"initial","rop_publish_now_accounts":{"facebook_10159540855086992_322828327761733":""},"rop_publish_now_history":[],"rop_publish_now_status":"pending","footnotes":""},"categories":[181],"tags":[121],"class_list":["post-498516","post","type-post","status-publish","format-standard","has-post-thumbnail","hentry","category-huejutla","tag-huejutla","entry"],"_links":{"self":[{"href":"https:\/\/www.zunoticia.com\/noticias-de-hidalgo\/wp-json\/wp\/v2\/posts\/498516","targetHints":{"allow":["GET"]}}],"collection":[{"href":"https:\/\/www.zunoticia.com\/noticias-de-hidalgo\/wp-json\/wp\/v2\/posts"}],"about":[{"href":"https:\/\/www.zunoticia.com\/noticias-de-hidalgo\/wp-json\/wp\/v2\/types\/post"}],"author":[{"embeddable":true,"href":"https:\/\/www.zunoticia.com\/noticias-de-hidalgo\/wp-json\/wp\/v2\/users\/12"}],"replies":[{"embeddable":true,"href":"https:\/\/www.zunoticia.com\/noticias-de-hidalgo\/wp-json\/wp\/v2\/comments?post=498516"}],"version-history":[{"count":1,"href":"https:\/\/www.zunoticia.com\/noticias-de-hidalgo\/wp-json\/wp\/v2\/posts\/498516\/revisions"}],"predecessor-version":[{"id":498517,"href":"https:\/\/www.zunoticia.com\/noticias-de-hidalgo\/wp-json\/wp\/v2\/posts\/498516\/revisions\/498517"}],"wp:featuredmedia":[{"embeddable":true,"href":"https:\/\/www.zunoticia.com\/noticias-de-hidalgo\/wp-json\/wp\/v2\/media\/498507"}],"wp:attachment":[{"href":"https:\/\/www.zunoticia.com\/noticias-de-hidalgo\/wp-json\/wp\/v2\/media?parent=498516"}],"wp:term":[{"taxonomy":"category","embeddable":true,"href":"https:\/\/www.zunoticia.com\/noticias-de-hidalgo\/wp-json\/wp\/v2\/categories?post=498516"},{"taxonomy":"post_tag","embeddable":true,"href":"https:\/\/www.zunoticia.com\/noticias-de-hidalgo\/wp-json\/wp\/v2\/tags?post=498516"}],"curies":[{"name":"wp","href":"https:\/\/api.w.org\/{rel}","templated":true}]}}