{"id":498524,"date":"2023-08-13T18:11:13","date_gmt":"2023-08-14T00:11:13","guid":{"rendered":"https:\/\/www.zunoticia.com\/noticias-de-hidalgo\/?p=498524"},"modified":"2023-08-13T18:11:15","modified_gmt":"2023-08-14T00:11:15","slug":"3-comunidades-mas-se-integran-al-catalogo-de-comunidades-originarias-y-afromexicanas","status":"publish","type":"post","link":"https:\/\/www.zunoticia.com\/noticias-de-hidalgo\/2023\/08\/13\/3-comunidades-mas-se-integran-al-catalogo-de-comunidades-originarias-y-afromexicanas\/","title":{"rendered":"3 comunidades m\u00e1s se integran al Cat\u00e1logo de Comunidades Originarias y Afromexicanas"},"content":{"rendered":"<aside class=\"mashsb-container mashsb-main mashsb-stretched\"><div class=\"mashsb-box\"><div class=\"mashsb-count mash-large\" style=\"float:left\"><div class=\"counts mashsbcount\">1<\/div><span class=\"mashsb-sharetext\">SHARES<\/span><\/div><div class=\"mashsb-buttons\"><a class=\"mashicon-facebook mash-large mash-center mashsb-noshadow\" href=\"https:\/\/www.facebook.com\/sharer.php?u=https%3A%2F%2Fwww.zunoticia.com%2Fnoticias-de-hidalgo%2F2023%2F08%2F13%2F3-comunidades-mas-se-integran-al-catalogo-de-comunidades-originarias-y-afromexicanas%2F\" target=\"_top\" rel=\"nofollow\"><span class=\"icon\"><\/span><span class=\"text\">Share<\/span><\/a><a class=\"mashicon-twitter mash-large mash-center mashsb-noshadow\" href=\"https:\/\/twitter.com\/intent\/tweet?text=&amp;url=https:\/\/www.zunoticia.com\/noticias-de-hidalgo\/2023\/08\/13\/3-comunidades-mas-se-integran-al-catalogo-de-comunidades-originarias-y-afromexicanas\/\" target=\"_top\" rel=\"nofollow\"><span class=\"icon\"><\/span><span class=\"text\">Tweet<\/span><\/a><div class=\"onoffswitch2 mash-large mashsb-noshadow\" style=\"display:none\"><\/div><\/div>\n            <\/div>\n                <div style=\"clear:both\"><\/div><div class=\"mashsb-toggle-container\"><\/div><\/aside>\n            <!-- Share buttons by mashshare.net - Version: 4.0.47-->\n<p><em>Por \u00c1ngel Silverio\/Zunoticia<\/em><\/p>\n\n\n\n<p><strong>Jaltoc\u00e1n, Hgo.-<\/strong> Este pasado 9 de agosto, fecha en que se conmemorara el D\u00eda Internacional de los Pueblos y Comunidades Ind\u00edgenas, el municipio fue reconocido como uno de ellos, as\u00ed como tambi\u00e9n se integraron a tres comunidades m\u00e1s de esta demarcaci\u00f3n al Cat\u00e1logo de Comunidades Originarias y Afromexicanas.<\/p>\n\n\n\n<p>Al respecto, Leoncio Castillo, titular presidente de la Comisi\u00f3n de Atenci\u00f3n a Pueblos y Comunidades Ind\u00edgenas, dijo que recientemente se hizo acto de presencia en el pleno del Poder Legislativo del estado de Hidalgo, en el marco de la Conmemoraci\u00f3n del D\u00eda Internacional de los Pueblos Ind\u00edgenas, para recibir un reconocimiento que acredita la Integraci\u00f3n del Municipio de Jaltoc\u00e1n al Cat\u00e1logo de Pueblos y Comunidades Ind\u00edgenas.<\/p>\n\n\n\n<p>&#8220;As\u00ed es, estuvimos presentes por este reconocimiento, y bueno fue algo excelente, porque nos notificaron que hoy por hoy se integran espec\u00edficamente las comunidades de Ahuacatitla, Emiliano Zapata y Petacotitla, a dicho cat\u00e1logo&#8221; indic\u00f3.<\/p>\n\n\n\n<p>A\u00f1adi\u00f3 que, el integrar a dichas comunidades es de gran ayuda, pues as\u00ed podr\u00e1n bajar m\u00e1s recursos y proyectos para las comunidades, adem\u00e1s que se ver\u00e1 reflejado en pr\u00f3ximas asignaciones de presupuesto para el municipio, al contar con m\u00e1s comunidades ind\u00edgenas.<\/p>\n","protected":false},"excerpt":{"rendered":"<p>Por \u00c1ngel Silverio\/Zunoticia Jaltoc\u00e1n, Hgo.- Este pasado 9 de agosto, fecha en que se conmemorara el D\u00eda Internacional de los Pueblos y Comunidades Ind\u00edgenas, el municipio fue reconocido como uno de ellos, as\u00ed como tambi\u00e9n se integraron a tres comunidades m\u00e1s de esta demarcaci\u00f3n al Cat\u00e1logo de Comunidades Originarias y Afromexicanas. Al respecto, Leoncio Castillo,&hellip; <a class=\"more-link\" href=\"https:\/\/www.zunoticia.com\/noticias-de-hidalgo\/2023\/08\/13\/3-comunidades-mas-se-integran-al-catalogo-de-comunidades-originarias-y-afromexicanas\/\">Seguir leyendo <span class=\"screen-reader-text\">3 comunidades m\u00e1s se integran al Cat\u00e1logo de Comunidades Originarias y Afromexicanas<\/span><\/a><\/p>\n","protected":false},"author":12,"featured_media":498522,"comment_status":"closed","ping_status":"open","sticky":false,"template":"","format":"standard","meta":{"rop_custom_images_group":[],"rop_custom_messages_group":[],"rop_publish_now":"initial","rop_publish_now_accounts":{"facebook_10159540855086992_322828327761733":""},"rop_publish_now_history":[],"rop_publish_now_status":"pending","footnotes":""},"categories":[179,200],"tags":[131],"class_list":["post-498524","post","type-post","status-publish","format-standard","has-post-thumbnail","hentry","category-huasteca","category-jaltocan","tag-jaltocan","entry"],"_links":{"self":[{"href":"https:\/\/www.zunoticia.com\/noticias-de-hidalgo\/wp-json\/wp\/v2\/posts\/498524","targetHints":{"allow":["GET"]}}],"collection":[{"href":"https:\/\/www.zunoticia.com\/noticias-de-hidalgo\/wp-json\/wp\/v2\/posts"}],"about":[{"href":"https:\/\/www.zunoticia.com\/noticias-de-hidalgo\/wp-json\/wp\/v2\/types\/post"}],"author":[{"embeddable":true,"href":"https:\/\/www.zunoticia.com\/noticias-de-hidalgo\/wp-json\/wp\/v2\/users\/12"}],"replies":[{"embeddable":true,"href":"https:\/\/www.zunoticia.com\/noticias-de-hidalgo\/wp-json\/wp\/v2\/comments?post=498524"}],"version-history":[{"count":1,"href":"https:\/\/www.zunoticia.com\/noticias-de-hidalgo\/wp-json\/wp\/v2\/posts\/498524\/revisions"}],"predecessor-version":[{"id":498525,"href":"https:\/\/www.zunoticia.com\/noticias-de-hidalgo\/wp-json\/wp\/v2\/posts\/498524\/revisions\/498525"}],"wp:featuredmedia":[{"embeddable":true,"href":"https:\/\/www.zunoticia.com\/noticias-de-hidalgo\/wp-json\/wp\/v2\/media\/498522"}],"wp:attachment":[{"href":"https:\/\/www.zunoticia.com\/noticias-de-hidalgo\/wp-json\/wp\/v2\/media?parent=498524"}],"wp:term":[{"taxonomy":"category","embeddable":true,"href":"https:\/\/www.zunoticia.com\/noticias-de-hidalgo\/wp-json\/wp\/v2\/categories?post=498524"},{"taxonomy":"post_tag","embeddable":true,"href":"https:\/\/www.zunoticia.com\/noticias-de-hidalgo\/wp-json\/wp\/v2\/tags?post=498524"}],"curies":[{"name":"wp","href":"https:\/\/api.w.org\/{rel}","templated":true}]}}