{"id":498554,"date":"2023-08-13T19:35:23","date_gmt":"2023-08-14T01:35:23","guid":{"rendered":"https:\/\/www.zunoticia.com\/noticias-de-hidalgo\/?p=498554"},"modified":"2023-08-13T19:35:24","modified_gmt":"2023-08-14T01:35:24","slug":"impartieron-capacitacion-en-materia-de-normatividad-ambiental","status":"publish","type":"post","link":"https:\/\/www.zunoticia.com\/noticias-de-hidalgo\/2023\/08\/13\/impartieron-capacitacion-en-materia-de-normatividad-ambiental\/","title":{"rendered":"Impartieron capacitaci\u00f3n en materia de normatividad ambiental"},"content":{"rendered":"<aside class=\"mashsb-container mashsb-main mashsb-stretched\"><div class=\"mashsb-box\"><div class=\"mashsb-count mash-large\" style=\"float:left\"><div class=\"counts mashsbcount\">13<\/div><span class=\"mashsb-sharetext\">SHARES<\/span><\/div><div class=\"mashsb-buttons\"><a class=\"mashicon-facebook mash-large mash-center mashsb-noshadow\" href=\"https:\/\/www.facebook.com\/sharer.php?u=https%3A%2F%2Fwww.zunoticia.com%2Fnoticias-de-hidalgo%2F2023%2F08%2F13%2Fimpartieron-capacitacion-en-materia-de-normatividad-ambiental%2F\" target=\"_top\" rel=\"nofollow\"><span class=\"icon\"><\/span><span class=\"text\">Share<\/span><\/a><a class=\"mashicon-twitter mash-large mash-center mashsb-noshadow\" href=\"https:\/\/twitter.com\/intent\/tweet?text=&amp;url=https:\/\/www.zunoticia.com\/noticias-de-hidalgo\/2023\/08\/13\/impartieron-capacitacion-en-materia-de-normatividad-ambiental\/\" target=\"_top\" rel=\"nofollow\"><span class=\"icon\"><\/span><span class=\"text\">Tweet<\/span><\/a><div class=\"onoffswitch2 mash-large mashsb-noshadow\" style=\"display:none\"><\/div><\/div>\n            <\/div>\n                <div style=\"clear:both\"><\/div><div class=\"mashsb-toggle-container\"><\/div><\/aside>\n            <!-- Share buttons by mashshare.net - Version: 4.0.47-->\n<p><a><\/a><em>Por Redacci\u00f3n\/Zunoticia<\/em><\/p>\n\n\n\n<p><strong>Pachuca de Soto, Hgo.-<\/strong> Con el objetivo de contribuir al desarrollo sostenible de la entidad, personal de la Secretar\u00eda de Medio Ambiente y Recursos Naturales de Hidalgo (Semarnath), en coordinaci\u00f3n con el titular de la Procuradur\u00eda Estatal de Protecci\u00f3n al Ambiente (Proespa), Hugo Cort\u00e9s Osorno, impartieron una capacitaci\u00f3n en materia de normatividad ambiental a integrantes de la asociaci\u00f3n civil, denominada \u201cPor Un Nivel de Vida Mejor,\u201d y orientada al sector del reciclaje. Esta capacitaci\u00f3n tuvo el objetivo de regularizar las actividades en este tema, as\u00ed como en el de acopio, en cada municipio donde opera la asociaci\u00f3n, para garantizar que sus actividades sean desarrolladas de forma transparente y acorde a la ley ambiental.<\/p>\n\n\n\n<figure class=\"wp-block-image size-large\"><img fetchpriority=\"high\" decoding=\"async\" width=\"1024\" height=\"682\" src=\"https:\/\/www.zunoticia.com\/noticias-de-hidalgo\/wp-content\/uploads\/2023\/08\/eZy-Watermark-13-08-2023-07-29-47-7790p.m.-1024x682.jpg\" alt=\"\" class=\"wp-image-498556\" srcset=\"https:\/\/www.zunoticia.com\/noticias-de-hidalgo\/wp-content\/uploads\/2023\/08\/eZy-Watermark-13-08-2023-07-29-47-7790p.m.-1024x682.jpg 1024w, https:\/\/www.zunoticia.com\/noticias-de-hidalgo\/wp-content\/uploads\/2023\/08\/eZy-Watermark-13-08-2023-07-29-47-7790p.m.-300x200.jpg 300w, https:\/\/www.zunoticia.com\/noticias-de-hidalgo\/wp-content\/uploads\/2023\/08\/eZy-Watermark-13-08-2023-07-29-47-7790p.m.-768x512.jpg 768w, https:\/\/www.zunoticia.com\/noticias-de-hidalgo\/wp-content\/uploads\/2023\/08\/eZy-Watermark-13-08-2023-07-29-47-7790p.m..jpg 1280w\" sizes=\"(max-width: 1024px) 100vw, 1024px\" \/><\/figure>\n","protected":false},"excerpt":{"rendered":"<p>Por Redacci\u00f3n\/Zunoticia Pachuca de Soto, Hgo.- Con el objetivo de contribuir al desarrollo sostenible de la entidad, personal de la Secretar\u00eda de Medio Ambiente y Recursos Naturales de Hidalgo (Semarnath), en coordinaci\u00f3n con el titular de la Procuradur\u00eda Estatal de Protecci\u00f3n al Ambiente (Proespa), Hugo Cort\u00e9s Osorno, impartieron una capacitaci\u00f3n en materia de normatividad ambiental&hellip; <a class=\"more-link\" href=\"https:\/\/www.zunoticia.com\/noticias-de-hidalgo\/2023\/08\/13\/impartieron-capacitacion-en-materia-de-normatividad-ambiental\/\">Seguir leyendo <span class=\"screen-reader-text\">Impartieron capacitaci\u00f3n en materia de normatividad ambiental<\/span><\/a><\/p>\n","protected":false},"author":12,"featured_media":498555,"comment_status":"closed","ping_status":"open","sticky":false,"template":"","format":"standard","meta":{"rop_custom_images_group":[],"rop_custom_messages_group":[],"rop_publish_now":"initial","rop_publish_now_accounts":{"facebook_10159540855086992_322828327761733":""},"rop_publish_now_history":[],"rop_publish_now_status":"pending","footnotes":""},"categories":[208],"tags":[214],"class_list":["post-498554","post","type-post","status-publish","format-standard","has-post-thumbnail","hentry","category-estado","tag-estado","entry"],"_links":{"self":[{"href":"https:\/\/www.zunoticia.com\/noticias-de-hidalgo\/wp-json\/wp\/v2\/posts\/498554","targetHints":{"allow":["GET"]}}],"collection":[{"href":"https:\/\/www.zunoticia.com\/noticias-de-hidalgo\/wp-json\/wp\/v2\/posts"}],"about":[{"href":"https:\/\/www.zunoticia.com\/noticias-de-hidalgo\/wp-json\/wp\/v2\/types\/post"}],"author":[{"embeddable":true,"href":"https:\/\/www.zunoticia.com\/noticias-de-hidalgo\/wp-json\/wp\/v2\/users\/12"}],"replies":[{"embeddable":true,"href":"https:\/\/www.zunoticia.com\/noticias-de-hidalgo\/wp-json\/wp\/v2\/comments?post=498554"}],"version-history":[{"count":1,"href":"https:\/\/www.zunoticia.com\/noticias-de-hidalgo\/wp-json\/wp\/v2\/posts\/498554\/revisions"}],"predecessor-version":[{"id":498557,"href":"https:\/\/www.zunoticia.com\/noticias-de-hidalgo\/wp-json\/wp\/v2\/posts\/498554\/revisions\/498557"}],"wp:featuredmedia":[{"embeddable":true,"href":"https:\/\/www.zunoticia.com\/noticias-de-hidalgo\/wp-json\/wp\/v2\/media\/498555"}],"wp:attachment":[{"href":"https:\/\/www.zunoticia.com\/noticias-de-hidalgo\/wp-json\/wp\/v2\/media?parent=498554"}],"wp:term":[{"taxonomy":"category","embeddable":true,"href":"https:\/\/www.zunoticia.com\/noticias-de-hidalgo\/wp-json\/wp\/v2\/categories?post=498554"},{"taxonomy":"post_tag","embeddable":true,"href":"https:\/\/www.zunoticia.com\/noticias-de-hidalgo\/wp-json\/wp\/v2\/tags?post=498554"}],"curies":[{"name":"wp","href":"https:\/\/api.w.org\/{rel}","templated":true}]}}