{"id":498582,"date":"2023-08-13T22:15:50","date_gmt":"2023-08-14T04:15:50","guid":{"rendered":"https:\/\/www.zunoticia.com\/noticias-de-hidalgo\/?p=498582"},"modified":"2023-08-13T22:15:53","modified_gmt":"2023-08-14T04:15:53","slug":"todo-un-exito-el-festival-de-verano","status":"publish","type":"post","link":"https:\/\/www.zunoticia.com\/noticias-de-hidalgo\/2023\/08\/13\/todo-un-exito-el-festival-de-verano\/","title":{"rendered":"Todo un \u00e9xito el festival de verano"},"content":{"rendered":"<aside class=\"mashsb-container mashsb-main mashsb-stretched\"><div class=\"mashsb-box\"><div class=\"mashsb-count mash-large\" style=\"float:left\"><div class=\"counts mashsbcount\">74<\/div><span class=\"mashsb-sharetext\">SHARES<\/span><\/div><div class=\"mashsb-buttons\"><a class=\"mashicon-facebook mash-large mash-center mashsb-noshadow\" href=\"https:\/\/www.facebook.com\/sharer.php?u=https%3A%2F%2Fwww.zunoticia.com%2Fnoticias-de-hidalgo%2F2023%2F08%2F13%2Ftodo-un-exito-el-festival-de-verano%2F\" target=\"_top\" rel=\"nofollow\"><span class=\"icon\"><\/span><span class=\"text\">Share<\/span><\/a><a class=\"mashicon-twitter mash-large mash-center mashsb-noshadow\" href=\"https:\/\/twitter.com\/intent\/tweet?text=&amp;url=https:\/\/www.zunoticia.com\/noticias-de-hidalgo\/2023\/08\/13\/todo-un-exito-el-festival-de-verano\/\" target=\"_top\" rel=\"nofollow\"><span class=\"icon\"><\/span><span class=\"text\">Tweet<\/span><\/a><div class=\"onoffswitch2 mash-large mashsb-noshadow\" style=\"display:none\"><\/div><\/div>\n            <\/div>\n                <div style=\"clear:both\"><\/div><div class=\"mashsb-toggle-container\"><\/div><\/aside>\n            <!-- Share buttons by mashshare.net - Version: 4.0.47-->\n<p><em>Por Karen Rivera\/ Zunoticia<\/em><\/p>\n\n\n\n<p><strong>Huejutla, Hgo.- <\/strong>Despu\u00e9s de algunas horas de espera en las que se vivi\u00f3 una fiesta llena de m\u00fasica regional, el jurado del Concurso Regional de Bandas de Viento del Festival de Verano, se dieron a conocer los nombres de la agrupaci\u00f3n ganadora de esta competencia.<\/p>\n\n\n<div class=\"wp-block-image\">\n<figure class=\"alignright size-large is-resized\"><img decoding=\"async\" src=\"https:\/\/www.zunoticia.com\/noticias-de-hidalgo\/wp-content\/uploads\/2023\/08\/Zu-Noticia-31-2-3-1024x538.jpg\" alt=\"\" class=\"wp-image-498584\" width=\"293\" height=\"154\" srcset=\"https:\/\/www.zunoticia.com\/noticias-de-hidalgo\/wp-content\/uploads\/2023\/08\/Zu-Noticia-31-2-3-1024x538.jpg 1024w, https:\/\/www.zunoticia.com\/noticias-de-hidalgo\/wp-content\/uploads\/2023\/08\/Zu-Noticia-31-2-3-300x158.jpg 300w, https:\/\/www.zunoticia.com\/noticias-de-hidalgo\/wp-content\/uploads\/2023\/08\/Zu-Noticia-31-2-3-768x403.jpg 768w, https:\/\/www.zunoticia.com\/noticias-de-hidalgo\/wp-content\/uploads\/2023\/08\/Zu-Noticia-31-2-3.jpg 1200w\" sizes=\"(max-width: 293px) 100vw, 293px\" \/><\/figure>\n<\/div>\n\n\n<p>El primer lugar correspondi\u00f3 a la agrupaci\u00f3n &#8220;Furia Huautlense&#8221; de Barrio Bajo, Huautla, quien obtuvo el premio de 25 mil pesos, mientras que &#8220;La Efectiva&#8221; de Buena Vista, Huejutla, se llev\u00f3 los 10 mil pesos del segundo sitio y &#8220;La Comunal Citlalli&#8221;, se llev\u00f3 el reconocimiento que la acredit\u00f3 como ganadora del tercer sitio.<\/p>\n\n\n\n<p>Cabe destacar el gran ambiente que se vivi\u00f3 en torno a este concurso en el que, adem\u00e1s de escuchar buena m\u00fasica y los presentes se dieron tiempo de sacar sus mejores pasos y bailar al ritmo de las melod\u00edas que las tres bandas interpretaron de forma conjunta.<\/p>\n\n\n\n<p>Este evento ha sido del atino para el gusto de la poblaci\u00f3n, quienes despu\u00e9s de este evento, se dieron cita en las letras monumentales para continuar disfrutando de esta fiesta.<\/p>\n\n\n\n<figure class=\"wp-block-image size-large\"><img fetchpriority=\"high\" decoding=\"async\" width=\"1024\" height=\"538\" src=\"https:\/\/www.zunoticia.com\/noticias-de-hidalgo\/wp-content\/uploads\/2023\/08\/Zu-Noticia-31-3-3-1024x538.jpg\" alt=\"\" class=\"wp-image-498585\" srcset=\"https:\/\/www.zunoticia.com\/noticias-de-hidalgo\/wp-content\/uploads\/2023\/08\/Zu-Noticia-31-3-3-1024x538.jpg 1024w, https:\/\/www.zunoticia.com\/noticias-de-hidalgo\/wp-content\/uploads\/2023\/08\/Zu-Noticia-31-3-3-300x158.jpg 300w, https:\/\/www.zunoticia.com\/noticias-de-hidalgo\/wp-content\/uploads\/2023\/08\/Zu-Noticia-31-3-3-768x403.jpg 768w, https:\/\/www.zunoticia.com\/noticias-de-hidalgo\/wp-content\/uploads\/2023\/08\/Zu-Noticia-31-3-3.jpg 1200w\" sizes=\"(max-width: 1024px) 100vw, 1024px\" \/><figcaption class=\"wp-element-caption\"><em>Al t\u00e9rmino del evento, la ciudadan\u00eda continu\u00f3 la fiesta en la plaza.<\/em><\/figcaption><\/figure>\n","protected":false},"excerpt":{"rendered":"<p>Por Karen Rivera\/ Zunoticia Huejutla, Hgo.- Despu\u00e9s de algunas horas de espera en las que se vivi\u00f3 una fiesta llena de m\u00fasica regional, el jurado del Concurso Regional de Bandas de Viento del Festival de Verano, se dieron a conocer los nombres de la agrupaci\u00f3n ganadora de esta competencia. El primer lugar correspondi\u00f3 a la&hellip; <a class=\"more-link\" href=\"https:\/\/www.zunoticia.com\/noticias-de-hidalgo\/2023\/08\/13\/todo-un-exito-el-festival-de-verano\/\">Seguir leyendo <span class=\"screen-reader-text\">Todo un \u00e9xito el festival de verano<\/span><\/a><\/p>\n","protected":false},"author":12,"featured_media":498583,"comment_status":"closed","ping_status":"open","sticky":false,"template":"","format":"standard","meta":{"rop_custom_images_group":[],"rop_custom_messages_group":[],"rop_publish_now":"initial","rop_publish_now_accounts":{"facebook_10159540855086992_322828327761733":""},"rop_publish_now_history":[],"rop_publish_now_status":"pending","footnotes":""},"categories":[181],"tags":[121],"class_list":["post-498582","post","type-post","status-publish","format-standard","has-post-thumbnail","hentry","category-huejutla","tag-huejutla","entry"],"_links":{"self":[{"href":"https:\/\/www.zunoticia.com\/noticias-de-hidalgo\/wp-json\/wp\/v2\/posts\/498582","targetHints":{"allow":["GET"]}}],"collection":[{"href":"https:\/\/www.zunoticia.com\/noticias-de-hidalgo\/wp-json\/wp\/v2\/posts"}],"about":[{"href":"https:\/\/www.zunoticia.com\/noticias-de-hidalgo\/wp-json\/wp\/v2\/types\/post"}],"author":[{"embeddable":true,"href":"https:\/\/www.zunoticia.com\/noticias-de-hidalgo\/wp-json\/wp\/v2\/users\/12"}],"replies":[{"embeddable":true,"href":"https:\/\/www.zunoticia.com\/noticias-de-hidalgo\/wp-json\/wp\/v2\/comments?post=498582"}],"version-history":[{"count":1,"href":"https:\/\/www.zunoticia.com\/noticias-de-hidalgo\/wp-json\/wp\/v2\/posts\/498582\/revisions"}],"predecessor-version":[{"id":498586,"href":"https:\/\/www.zunoticia.com\/noticias-de-hidalgo\/wp-json\/wp\/v2\/posts\/498582\/revisions\/498586"}],"wp:featuredmedia":[{"embeddable":true,"href":"https:\/\/www.zunoticia.com\/noticias-de-hidalgo\/wp-json\/wp\/v2\/media\/498583"}],"wp:attachment":[{"href":"https:\/\/www.zunoticia.com\/noticias-de-hidalgo\/wp-json\/wp\/v2\/media?parent=498582"}],"wp:term":[{"taxonomy":"category","embeddable":true,"href":"https:\/\/www.zunoticia.com\/noticias-de-hidalgo\/wp-json\/wp\/v2\/categories?post=498582"},{"taxonomy":"post_tag","embeddable":true,"href":"https:\/\/www.zunoticia.com\/noticias-de-hidalgo\/wp-json\/wp\/v2\/tags?post=498582"}],"curies":[{"name":"wp","href":"https:\/\/api.w.org\/{rel}","templated":true}]}}