{"id":498699,"date":"2023-08-14T19:50:58","date_gmt":"2023-08-15T01:50:58","guid":{"rendered":"https:\/\/www.zunoticia.com\/noticias-de-hidalgo\/?p=498699"},"modified":"2023-08-14T19:50:59","modified_gmt":"2023-08-15T01:50:59","slug":"unidad-entre-estado-y-organizaciones-civiles-para-inclusion-de-personas-con-autismo","status":"publish","type":"post","link":"https:\/\/www.zunoticia.com\/noticias-de-hidalgo\/2023\/08\/14\/unidad-entre-estado-y-organizaciones-civiles-para-inclusion-de-personas-con-autismo\/","title":{"rendered":"Unidad entre Estado y organizaciones civiles, para Inclusi\u00f3n de Personas con Autismo"},"content":{"rendered":"<aside class=\"mashsb-container mashsb-main mashsb-stretched\"><div class=\"mashsb-box\"><div class=\"mashsb-count mash-large\" style=\"float:left\"><div class=\"counts mashsbcount\">59<\/div><span class=\"mashsb-sharetext\">SHARES<\/span><\/div><div class=\"mashsb-buttons\"><a class=\"mashicon-facebook mash-large mash-center mashsb-noshadow\" href=\"https:\/\/www.facebook.com\/sharer.php?u=https%3A%2F%2Fwww.zunoticia.com%2Fnoticias-de-hidalgo%2F2023%2F08%2F14%2Funidad-entre-estado-y-organizaciones-civiles-para-inclusion-de-personas-con-autismo%2F\" target=\"_top\" rel=\"nofollow\"><span class=\"icon\"><\/span><span class=\"text\">Share<\/span><\/a><a class=\"mashicon-twitter mash-large mash-center mashsb-noshadow\" href=\"https:\/\/twitter.com\/intent\/tweet?text=&amp;url=https:\/\/www.zunoticia.com\/noticias-de-hidalgo\/2023\/08\/14\/unidad-entre-estado-y-organizaciones-civiles-para-inclusion-de-personas-con-autismo\/\" target=\"_top\" rel=\"nofollow\"><span class=\"icon\"><\/span><span class=\"text\">Tweet<\/span><\/a><div class=\"onoffswitch2 mash-large mashsb-noshadow\" style=\"display:none\"><\/div><\/div>\n            <\/div>\n                <div style=\"clear:both\"><\/div><div class=\"mashsb-toggle-container\"><\/div><\/aside>\n            <!-- Share buttons by mashshare.net - Version: 4.0.47-->\n<p><em>Por Redacci\u00f3n\/Zunoticia<\/em><\/p>\n\n\n\n<p><strong>Pachuca de Soto, Hgo.-<\/strong> La Secretar\u00eda del Bienestar e Inclusi\u00f3n Social, encabezada por Simey Olvera Bautista, en colaboraci\u00f3n con la direcci\u00f3n general para la Inclusi\u00f3n de las Personas con Discapacidad, a cargo de Alfonso Hayyim Flores Barrera, han trabajado estrechamente con organizaciones civiles, rumbo a la consolidaci\u00f3n de una Ley en la atenci\u00f3n, protecci\u00f3n, visibilizaci\u00f3n e Inclusi\u00f3n de las Personas con Trastorno del Espectro Autista (TEA).<\/p>\n\n\n\n<p>En esta din\u00e1mica, la Asociaci\u00f3n Integral de Asistencia a los Trastornos del Espectro Autista A.C. (ATREA AUTISMO), ha sido clave para brindar apoyo a familias y a personas con TEA, a trav\u00e9s de diagn\u00f3sticos, tratamientos y estrategias educativas.<\/p>\n\n\n\n<p>La historia de Janette Rangel, presidenta de ATREA AUTISMO, se comparti\u00f3 como un ejemplo de las dificultades que enfrentan muchos hidalguenses xen situaciones similares: &#8220;Cuando se les da el diagn\u00f3stico y la ignorancia con que se maneja la condici\u00f3n del Trastorno de Espectro Autista, lo se\u00f1alan&nbsp; como una enfermedad psiqui\u00e1trica y no lo es&#8221;.<\/p>\n\n\n\n<p>Expone que si se identifica a tiempo el TEA, las personas pueden vivir casi normal y &#8220;el reto de las mam\u00e1s cuidadoras, es que sus hijos sean independientes, porque no ser\u00e1n eternas\u201d.<\/p>\n\n\n\n<figure class=\"wp-block-image size-large\"><img fetchpriority=\"high\" decoding=\"async\" width=\"1024\" height=\"681\" src=\"https:\/\/www.zunoticia.com\/noticias-de-hidalgo\/wp-content\/uploads\/2023\/08\/eZy-Watermark-14-08-2023-07-46-13-6780p.m.-1024x681.jpg\" alt=\"\" class=\"wp-image-498700\" srcset=\"https:\/\/www.zunoticia.com\/noticias-de-hidalgo\/wp-content\/uploads\/2023\/08\/eZy-Watermark-14-08-2023-07-46-13-6780p.m.-1024x681.jpg 1024w, https:\/\/www.zunoticia.com\/noticias-de-hidalgo\/wp-content\/uploads\/2023\/08\/eZy-Watermark-14-08-2023-07-46-13-6780p.m.-300x199.jpg 300w, https:\/\/www.zunoticia.com\/noticias-de-hidalgo\/wp-content\/uploads\/2023\/08\/eZy-Watermark-14-08-2023-07-46-13-6780p.m.-768x511.jpg 768w, https:\/\/www.zunoticia.com\/noticias-de-hidalgo\/wp-content\/uploads\/2023\/08\/eZy-Watermark-14-08-2023-07-46-13-6780p.m..jpg 1280w\" sizes=\"(max-width: 1024px) 100vw, 1024px\" \/><\/figure>\n\n\n\n<p>Relat\u00f3 que en el caso de su hija Judith,&nbsp;cuando cumpli\u00f3 tres a\u00f1os, y al buscar un centro escolar, ante su condici\u00f3n era rechazada, dec\u00edan que no estaban capacitados para atenderla y fue canalizada a una escuela de educaci\u00f3n especial, hace 20 a\u00f1os.<\/p>\n\n\n\n<p>Sin embargo, se\u00f1ala, hoy es diferente; se est\u00e1n abriendo las puertas y &#8220;hoy por fin hablar de los derechos de los ni\u00f1os con TEA y de salud, van a ser reconocidos, lo que significa que ya no tendr\u00e1n el rechazo de hospitales p\u00fablicos y no ten\u00edan acceso a una consulta p\u00fablica, como cualquier persona; ellos los quer\u00edan remitir al psiqui\u00e1trico y eso era un gran sesgo de ignorancia&#8221;.<\/p>\n\n\n\n<p>Jannet manifest\u00f3 que las personas con TEA, en su mayor\u00eda, no tienen discapacidad intelectual, y su hija mostr\u00f3 grandes habilidades a temprana edad, como la lectura. En la actualidad Judith sabe nadar, borda y monta a caballo.<\/p>\n\n\n\n<p>Explic\u00f3 que, actualmente, ATREA AUTISMO atiende a 180 ni\u00f1as y ni\u00f1os, a trav\u00e9s de un tratamiento terap\u00e9utico interdisciplinario para la atenci\u00f3n integral, como la&nbsp; comunicaci\u00f3n, el lenguaje, la asociaci\u00f3n, \u00e1rea adaptativa, en lo sensorial y habilidades para la vida.<\/p>\n\n\n\n<p>Por eso, agradeci\u00f3 que hoy se trabaje en legislar al respecto, porque las infancias con esta condici\u00f3n van a poder tener acceso a cualquier \u00e1rea del sector salud, podr\u00e1n ser atendidos y, finalmente, en las escuelas van a tener acceso a la educaci\u00f3n.<\/p>\n\n\n\n<p>&#8220;De verdad, son una luz al final del camino. Llevo 20 a\u00f1os luchando por mejorar la calidad de vida de mi hija y para que haya espacios y lugares donde ella pueda estar sin que nadie violente sus derechos. As\u00ed que hoy me siento muy contenta y muy agradecida por esta oportunidad; esta ley va a cambiar la vida de much\u00edsimas familias&#8221;, finaliz\u00f3.<\/p>\n","protected":false},"excerpt":{"rendered":"<p>Por Redacci\u00f3n\/Zunoticia Pachuca de Soto, Hgo.- La Secretar\u00eda del Bienestar e Inclusi\u00f3n Social, encabezada por Simey Olvera Bautista, en colaboraci\u00f3n con la direcci\u00f3n general para la Inclusi\u00f3n de las Personas con Discapacidad, a cargo de Alfonso Hayyim Flores Barrera, han trabajado estrechamente con organizaciones civiles, rumbo a la consolidaci\u00f3n de una Ley en la atenci\u00f3n,&hellip; <a class=\"more-link\" href=\"https:\/\/www.zunoticia.com\/noticias-de-hidalgo\/2023\/08\/14\/unidad-entre-estado-y-organizaciones-civiles-para-inclusion-de-personas-con-autismo\/\">Seguir leyendo <span class=\"screen-reader-text\">Unidad entre Estado y organizaciones civiles, para Inclusi\u00f3n de Personas con Autismo<\/span><\/a><\/p>\n","protected":false},"author":12,"featured_media":498701,"comment_status":"closed","ping_status":"open","sticky":false,"template":"","format":"standard","meta":{"rop_custom_images_group":[],"rop_custom_messages_group":[],"rop_publish_now":"initial","rop_publish_now_accounts":{"facebook_10159540855086992_322828327761733":""},"rop_publish_now_history":[],"rop_publish_now_status":"pending","footnotes":""},"categories":[208],"tags":[214],"class_list":["post-498699","post","type-post","status-publish","format-standard","has-post-thumbnail","hentry","category-estado","tag-estado","entry"],"_links":{"self":[{"href":"https:\/\/www.zunoticia.com\/noticias-de-hidalgo\/wp-json\/wp\/v2\/posts\/498699","targetHints":{"allow":["GET"]}}],"collection":[{"href":"https:\/\/www.zunoticia.com\/noticias-de-hidalgo\/wp-json\/wp\/v2\/posts"}],"about":[{"href":"https:\/\/www.zunoticia.com\/noticias-de-hidalgo\/wp-json\/wp\/v2\/types\/post"}],"author":[{"embeddable":true,"href":"https:\/\/www.zunoticia.com\/noticias-de-hidalgo\/wp-json\/wp\/v2\/users\/12"}],"replies":[{"embeddable":true,"href":"https:\/\/www.zunoticia.com\/noticias-de-hidalgo\/wp-json\/wp\/v2\/comments?post=498699"}],"version-history":[{"count":1,"href":"https:\/\/www.zunoticia.com\/noticias-de-hidalgo\/wp-json\/wp\/v2\/posts\/498699\/revisions"}],"predecessor-version":[{"id":498702,"href":"https:\/\/www.zunoticia.com\/noticias-de-hidalgo\/wp-json\/wp\/v2\/posts\/498699\/revisions\/498702"}],"wp:featuredmedia":[{"embeddable":true,"href":"https:\/\/www.zunoticia.com\/noticias-de-hidalgo\/wp-json\/wp\/v2\/media\/498701"}],"wp:attachment":[{"href":"https:\/\/www.zunoticia.com\/noticias-de-hidalgo\/wp-json\/wp\/v2\/media?parent=498699"}],"wp:term":[{"taxonomy":"category","embeddable":true,"href":"https:\/\/www.zunoticia.com\/noticias-de-hidalgo\/wp-json\/wp\/v2\/categories?post=498699"},{"taxonomy":"post_tag","embeddable":true,"href":"https:\/\/www.zunoticia.com\/noticias-de-hidalgo\/wp-json\/wp\/v2\/tags?post=498699"}],"curies":[{"name":"wp","href":"https:\/\/api.w.org\/{rel}","templated":true}]}}